{"id":37642,"date":"2006-12-06T19:56:38","date_gmt":"2006-12-06T19:56:38","guid":{"rendered":"http:\/\/diariodominicano.ddns.net\/?p=37642"},"modified":"2006-12-06T19:56:38","modified_gmt":"2006-12-06T19:56:38","slug":"las-principales-de-teledebate-4","status":"publish","type":"post","link":"https:\/\/diariodominicano.com\/?p=37642","title":{"rendered":"LAS PRINCIPALES DE TELEDEBATE"},"content":{"rendered":"<p><body><\/p>\n<p><span class=\"titulogrande1\">LAS PRINCIPALES DE TELEDEBATE<\/span><br \/>&#13;<br \/>\n  <br \/>&#13;<br \/>\n    <span class=\"textogrande\">Lunes 04,12,06<\/span><\/p>\n<p>&#13;<\/p>\n<p align=\"justify\" class=\"text1noticias\">DISCURSO PRESIDENCIAL. Para esta noche a las 9,  inmediatamente despu\u00e9s de nuestro Teledebate, est\u00e0 anunciado el discurso del  Presidente Leonel Fern\u00e1ndez, que este canal transmitir\u00e0 en vivo y directo.\u00a0 La pieza presidencial es esperada con gran  expectativa para conocer los nuevos impuestos y la forma en que afectar\u00e0 la  econom\u00eda particular de cada ciudadano.<\/p>\n<p>&#13;<\/p>\n<p align=\"justify\" class=\"text1noticias\">RENEGOCIACI\u00d3N CON VERIZON. Tambi\u00e8n se espera que en  su discurso el Presidente Fern\u00e1ndez se refiera a la negociaci\u00f2n a que arrib\u00f2 el  gobierno con la empresa Verizon mediante la cual el Estado renunci\u00f2 a su  reclamaci\u00f3n original de m\u00e0s de 500 millones de d\u00f3lares a cambio de un pago  \u00f9nico de 170. Una operaci\u00f3n que ya est\u00e0 dando mucha tela que cortar.<\/p>\n<p>&#13;<\/p>\n<p align=\"justify\" class=\"text1noticias\">ENERGIA A CARBON Y SOLAR. Las inversiones en el  sector el\u00e9ctrico contin\u00faan movi\u00e9ndose. Al parecer dos nuevos consorcios  locales, entre ellos el Grupo Vicini, se har\u00ecan cargo de las plantas de carb\u00f3n  asignadas originalmente a inversionistas \u00e0rabes y chinos. En tanto, la  acreditada empresa espa\u00f1ola Isofot\u00f2n ofrece instalar otras dos plantas a base  de energ\u00eda solar. La inversi\u00f3n inicial de 100 millones de euros pudiera llegar  a mil en los venideros 10 a\u00f1os.<\/p>\n<p>&#13;<\/p>\n<p align=\"justify\" class=\"text1noticias\">UN ACTO DE VANDALISMO. Grave y merecedora de acci\u00f2n  inmediata por las autoridades la denuncia de que un grupo de supuestos  campesinos invadi\u00f2 m\u00e0s de 30 mil tareas de un proyecto privado agroforestal  para exportaci\u00f3n, destruyendo gran cantidad de \u00e1rboles.\u00a0 \u00bfAcaso la Reforma Agraria no  tiene tierras de sobra para quienes quieran trabajarlas?\u00a0 Con actos de vandalismo de esta naturaleza,  no es verdad que el pa\u00ecs saldr\u00e0 adelante.<\/p>\n<p>&#13;<\/p>\n<p align=\"justify\" class=\"text1noticias\">MARCOS DIAZ: EXCELENCIA Y CORAJE.\u00a0 Excelente la demostraci\u00f3n de nuestro estelar  nadador de distancia Marcos D\u00ecaz al cubrir la ruta de cincuenta kil\u00f3metros  desde Boca Chica al Malec\u00f3n.\u00a0 El criollo  demostr\u00f2 no s\u00f2lo que es el mejor en este tipo de nado a nivel mundial, sino que  evidenci\u00f2 un gran coraje al tener que superar condiciones m\u00e0s dif\u00edciles de las  previstas. Su haza\u00f1a fue a favor de una causa noble: los ni\u00f1os con c\u00e1ncer del  Robert Reid Cabral.<\/p>\n<p>&#13;<\/p>\n<p align=\"justify\" class=\"text1noticias\">EXITOSA AUTOFERIA POPULAR. Todo un \u00e8xito la Autoferia Popular  que cerr\u00f2 con nada menos que 2 mil 116 contratos de compra de veh\u00edculos  financiados por un monto total de mil 900 millones de pesos.\u00a0 De esta forma se mueve la econom\u00eda en muchas  direcciones: los bancos poniendo a producir los ahorros de sus  depositantes,\u00a0 las compa\u00f1\u00ecas vendedoras  moviendo sus inventarios y compradores adquiriendo o cambiando sus veh\u00edculos.<\/p>\n<p>&#13;<\/p>\n<p align=\"justify\" class=\"text1noticias\">AL GORE Y EL MEDIO AMBIENTE.\u00a0 Ya est\u00e0 a disposici\u00f3n del mercado nacional un  excelente documental del ex vicepresidente norteamericano Albert Gore. En  lenguaje llano y medios visuales alerta sobre los peligros que nos amenazan por  el\u00a0 calentamiento global y el efecto  invernadero. \u00bfPor qu\u00e8 la   Secretar\u00eca de Medio Ambiente no hace uso del mismo para  concientizar sobre la importancia de\u00a0  preservar los recursos naturales?<\/p>\n<p>&#13;<\/p>\n<p align=\"justify\" class=\"text1noticias\">PETROLEO: EL GRAN ELECTOR DE CHAVEZ.\u00a0 Aunque no pudo alcanzar la meta de los diez  millones de votos que reclam\u00f2 para introducir nuevas reformas constitucionales,  Hugo Ch\u00e0vez logr\u00f2 una abrumadora victoria sobre su oponente Manuel Rosales,  quien admiti\u00f2 su derrota. Su triunfo era una cr\u00f3nica anunciada.\u00a0 Ch\u00e0vez cuenta con un poderoso aliado que es  su gran elector: los elevados precios del petr\u00f3leo que le aportan una enorme  suma de d\u00f3lares.<\/p>\n<p>&#13;<\/p>\n<p align=\"justify\" class=\"text1noticias\">CUIDANDO LA UNIDAD DEL PLD. Si el discurso del Presidente  Fern\u00e1ndez esta noche es esperado con gran inter\u00e8s a nivel nacional, tambi\u00e8n a  lo interno del PLD ha creado igual expectaci\u00f3n la convocatoria del Comit\u00e8  Pol\u00edtico de esa agrupaci\u00f3n.\u00a0 Ni dudar que  la discusi\u00f3n se centrar\u00e0 en la posible reelecci\u00f2n presidencial versus las  aspiraciones de Danilo Medina y Jos\u00e9 Tom\u00e0s P\u00e8rez a fin de evitar posibles  grietas en la unidad del partido morado.<\/p>\n<p>&#13;<\/p>\n<p align=\"justify\" class=\"text1noticias\">CUBA: CELULARES E INTERNET.\u00a0 Para los cuban\u00f2logos que llevan cuenta de lo  que ocurre en la mayor de las Antillas, dos datos de inter\u00e8s del organismo de  las Naciones Unidas: Cuba es al presente el tercer pa\u00ecs del mundo con menor  cantidad de celulares y el \u00f9ltimo en el acceso de sus ciudadanos al uso del  Internet, que est\u00e0 controlado por el Estado. La proporci\u00f3n es diez veces  inferior a Hait\u00ed.<\/p>\n<p>&#13;<\/p>\n<p align=\"justify\" class=\"text1noticias\">FRENO A LOS TRANSPORTISTAS.\u00a0 El gobierno tiene que ponerse los pantalones  y ajustarse el cinto para evitar que los transportistas que se disputan las  rutas del Este originen una situaci\u00f3n de caos como la que ocurri\u00f2 despu\u00e9s del  fallo dictado en el juicio por el Plan Renove y el pasado jueves con la  paralizaci\u00f3n de la capital.\u00a0 Los ciudadanos  de a pies ni la econom\u00eda tienen por qu\u00e8 pagar las consecuencias de pleitos  internos por intereses y privilegios.<\/p>\n<p>&#13;<\/p>\n<p align=\"justify\" class=\"text1noticias\">BRUGAL: UN MERECIDO PREMIO.\u00a0 M\u00e0s que merecido el premio concedido por la Asociaci\u00f3n Dominicana  de Exportadores a la Casa   Brugal como Exportador del A\u00f1o.\u00a0 Brugal ha impuesto su calidad no solo en el  mercado nacional donde cuenta con abrumadora preferencia sino tambi\u00e8n en los  exigentes mercados del exterior donde goza de un creciente apreciaci\u00f2n.\u00a0 Es tambi\u00e8n una de las empresas que emplea  mayor personal y uno de los principales contribuyentes al fisco.<\/p>\n<p>&#13;<\/p>\n<p align=\"justify\" class=\"text1noticias\">MULTA Y ADVERTENCIA DE CIERRE. \u00bfAs\u00ec que de 278  negocios de vida nocturna carentes de mecanismos de seguridad a los que se  concedi\u00f3 3 meses para cumplir con las normas, s\u00f2lo uno honr\u00f2 el plazo?\u00a0 \u00bfY qu\u00e8 se har\u00e0 con los restantes?\u00a0 \u00bfEsperar que ocurra la pr\u00f3xima tragedia o  imponerles una fuerte multa y un plazo perentorio de d\u00ecas de suplir sus  deficiencias con apremio de cerrarles sus negocios si no cumplen en el t\u00e8rmino  se\u00f1alado?\u00a0 Es lo menos que merecen.<\/p>\n<p>&#13;<\/p>\n<h6> 2006-12-06 19:56:38 <\/h6>\n<p><!--\n<link rel=\"stylesheet\" href=\"css\/bootstrap.min.css\">\n\n\n<ul class=\"pagination\">\n\t    \n\t\n\n<li >\n\t<a href='?page_no=13384'>Previous<\/a>\n\t<\/li>\n\n\n       \n    \n\n<li><a href='?page_no=1'>1<\/a><\/li>\n\n\n\n<li><a href='?page_no=2'>2<\/a><\/li>\n\n\n\n<li><a>...<\/a><\/li>\n\n\n\n<li><a href='?page_no=13383'>13383<\/a><\/li>\n\n\n\n<li><a href='?page_no=13384'>13384<\/a><\/li>\n\n\n\n<li class='active'><a>13385<\/a><\/li>\n\n\n\n<li><a href='?page_no=13386'>13386<\/a><\/li>\n\n\n\n<li><a href='?page_no=13387'>13387<\/a><\/li>\n\n\n\n<li><a>...<\/a><\/li>\n\n\n\n<li><a href='?page_no=13611'>13611<\/a><\/li>\n\n\n\n<li><a href='?page_no=13612'>13612<\/a><\/li>\n\n    \n\t\n\n<li >\n\t<a href='?page_no=13386'>Next<\/a>\n\t<\/li>\n\n\n    \n\n<li><a href='?page_no=13612'>Last &rsaquo;&rsaquo;<\/a><\/li>\n\n<\/ul>\n\n\n--><br \/>\n<\/body><\/p>\n","protected":false},"excerpt":{"rendered":"<p>LAS PRINCIPALES DE TELEDEBATE&#13; &#13; Lunes 04,12,06 &#13; DISCURSO PRESIDENCIAL. Para esta noche a las 9, inmediatamente despu\u00e9s de nuestro Teledebate, est\u00e0 anunciado el discurso del Presidente Leonel Fern\u00e1ndez, que este canal transmitir\u00e0 en vivo y directo.\u00a0 La pieza presidencial es esperada con gran expectativa para conocer los nuevos impuestos y la forma en que [&hellip;]<\/p>\n","protected":false},"author":3,"featured_media":0,"comment_status":"open","ping_status":"open","sticky":false,"template":"","format":"standard","meta":{"footnotes":""},"categories":[16],"tags":[],"class_list":["post-37642","post","type-post","status-publish","format-standard","hentry","category-opiniones"],"_links":{"self":[{"href":"https:\/\/diariodominicano.com\/index.php?rest_route=\/wp\/v2\/posts\/37642","targetHints":{"allow":["GET"]}}],"collection":[{"href":"https:\/\/diariodominicano.com\/index.php?rest_route=\/wp\/v2\/posts"}],"about":[{"href":"https:\/\/diariodominicano.com\/index.php?rest_route=\/wp\/v2\/types\/post"}],"author":[{"embeddable":true,"href":"https:\/\/diariodominicano.com\/index.php?rest_route=\/wp\/v2\/users\/3"}],"replies":[{"embeddable":true,"href":"https:\/\/diariodominicano.com\/index.php?rest_route=%2Fwp%2Fv2%2Fcomments&post=37642"}],"version-history":[{"count":0,"href":"https:\/\/diariodominicano.com\/index.php?rest_route=\/wp\/v2\/posts\/37642\/revisions"}],"wp:attachment":[{"href":"https:\/\/diariodominicano.com\/index.php?rest_route=%2Fwp%2Fv2%2Fmedia&parent=37642"}],"wp:term":[{"taxonomy":"category","embeddable":true,"href":"https:\/\/diariodominicano.com\/index.php?rest_route=%2Fwp%2Fv2%2Fcategories&post=37642"},{"taxonomy":"post_tag","embeddable":true,"href":"https:\/\/diariodominicano.com\/index.php?rest_route=%2Fwp%2Fv2%2Ftags&post=37642"}],"curies":[{"name":"wp","href":"https:\/\/api.w.org\/{rel}","templated":true}]}}