{"id":37641,"date":"2006-12-06T20:01:08","date_gmt":"2006-12-06T20:01:08","guid":{"rendered":"http:\/\/diariodominicano.ddns.net\/?p=37641"},"modified":"2006-12-06T20:01:08","modified_gmt":"2006-12-06T20:01:08","slug":"el-tiro-rapido-465","status":"publish","type":"post","link":"https:\/\/diariodominicano.com\/?p=37641","title":{"rendered":"EL TIRO RAPIDO"},"content":{"rendered":"<p><body><\/p>\n<p align=\"justify\"><span class=\"titulogrande1\">EL TIRO RAPIDO<\/span><br \/>&#13;<br \/>\n  <br \/>&#13;<br \/>\n    <span class=\"textogrande\">de<br \/>&#13;<br \/>\nMario  Rivadulla.<br \/>&#13;<br \/>\n  <br \/>&#13;<br \/>\n  <\/span><span class=\"text1noticias\">El rapto y posterior asesinato de don Luis Fernando  Rodr\u00edguez Mont\u00e0n, suegro de Euri Cabral, impacta no s\u00f2lo por el parentesco  pol\u00edtico con nuestro colega comunicador en el Canal 23 y amigo, sino por las  horrendas circunstancias que rodean el hecho.<\/span><\/p>\n<p>&#13;<\/p>\n<p align=\"justify\" class=\"text1noticias\">Trucidar el cad\u00e1ver de la  v\u00ecctima y luego rociar sus restos de gasolina y darles fuego demuestran un  grado incre\u00edble de brutalidad y deshumanizaci\u00f3n, que no deja de llamar la  atenci\u00f3n y hace que algunos duden de que el m\u00f3vil se tratase de un simple robo.<\/p>\n<p>&#13;<\/p>\n<p align=\"justify\" class=\"text1noticias\">Tocar\u00e0 a la Polic\u00eca Nacional  profundizar las investigaciones en este sentido, para lo cual cuentan al menos  con testigos claves como son tres de los implicados en el hecho, uno pudo  sobrevivir al intercambio de disparos con las patrullas de la uniformada que  prontamente dieron con los asesinos y otros dos detenidos posteriormente.<\/p>\n<p>&#13;<\/p>\n<p align=\"justify\" class=\"text1noticias\">Pero sin caer en el siempre  riesgoso y tan a menudo errado terreno de la especulaci\u00f3n, hay que enfatizar el  punto de la total falta de sensibilidad, compasi\u00f3n y valoraci\u00f3n de la vida  humana por parte de quienes ultimaron a Rodr\u00edguez Mont\u00e0n.<\/p>\n<p>&#13;<\/p>\n<p align=\"justify\" class=\"text1noticias\">Hay que hacerlo sobre todo,  porque no se trata de un hecho aislado.\u00a0  De una ocurrencia fuera de lo com\u00f9n.\u00a0  Por el contrario, en los \u00faltimos a\u00f1os, sobre todo con el auge del  narcotr\u00e1fico y los llamados ajustes de cuentas, acciones criminales de esta  naturaleza se est\u00e0n registrando en nuestro pa\u00ecs con una frecuencia que angustia  y un sadismo que espanta.<\/p>\n<p>&#13;<\/p>\n<p align=\"justify\" class=\"text1noticias\">Ya no se trata \u00fanicamente de  dar muerte a la v\u00ecctima.\u00a0 Hay tambi\u00e8n que  hacerla sufrir.\u00a0 Convertir su humanidad  en un amasijo de carne torturada, lacerada, irreconocible en ocasiones.\u00a0 Dejar impresa la huella de un mensaje de  horror que estremezca a toda la sociedad.<\/p>\n<p>&#13;<\/p>\n<p align=\"justify\" class=\"text1noticias\">Y hay que preguntarse \u00bfqu\u00e8 est\u00e0  pasando en nuestro pa\u00ecs?\u00a0 \u00bfde d\u00f2nde surge  este engendro de violencia s\u00e1dica? \u00bfesta total falta de humanidad que convierte  a sus autores en fr\u00ecos, insensibles instrumentos de crueldad y de muerte? \u00bfqu\u00e8  resabios y frustraciones sociales pueden esconderse detr\u00e0s de seres humanos que  dejan de serlo para convertirse en bestias feroces?\u00a0 \u00bfqu\u00e8 falta de m\u00ednimos valores humanos y  morales en sus autores reflejan estas acciones llevadas a cabo con tanta sa\u00f1a?<\/p>\n<p>&#13;<\/p>\n<p align=\"justify\" class=\"text1noticias\">El problema fundamental del  pa\u00ecs, se ha dicho en muchas ocasiones y hay que reiterarlo hasta la fatiga, es  la brecha cultural.\u00a0 Pero no de esa  ense\u00f1anza b\u00e0sica repetitiva que nos memoriza las cuatro reglas matem\u00e1ticas y la  conjugaci\u00f3n de los verbos.<\/p>\n<p>&#13;<\/p>\n<p align=\"justify\" class=\"text1noticias\">No.\u00a0 Es algo que va mucho m\u00e0s all\u00e0.\u00a0 Que trasciende los l\u00ecmites del simple conocimiento  mec\u00e0nico para alcanzar los de la carencia de formaci\u00f2n moral y c\u00edvica que  debiera empezar desde los primeros a\u00f1os y con las primeras clases.<\/p>\n<p>&#13;<\/p>\n<p align=\"justify\" class=\"text1noticias\">Cierto que hay mucha  marginalidad en la planta baja del tejido social y mucha impunidad en los pisos  m\u00e0s altos,\u00a0 y que esa penosa realidad  carencial que surge del subsuelo y ese mal ejemplo que viene de arriba y permea  el resto constituye el maridaje ideal para las conductas antisociales.<\/p>\n<p>&#13;<\/p>\n<p align=\"justify\" class=\"text1noticias\">Pero el mal, todo este horror,  toda insensibilidad luce que tiene un fundamento m\u00e0s profundo, m\u00e0s enraizado.  Es esa falta de esenciales valores humanos y sociales que hemos ido perdiendo  en el camino. Que han ido quedando en la orilla, cada vez m\u00e0s rezagados,  relegados en lo profundo de lo que cada vez menos nos va quedando de  conciencia\u00a0 mientras, a toda costa y  costo,\u00a0 perseguimos la satisfacci\u00f3n de  nuestros instintos por la v\u00eca que pensamos m\u00e0s f\u00e0cil hasta rodar cuesta abajo y  caer en el pozo de las peores infamias.<\/p>\n<p>&#13;<\/p>\n<p align=\"justify\" class=\"text1noticias\">Educaci\u00f3n, s\u00ec.\u00a0 Como requisito fundamental del desarrollo y  el progreso. Redistribuci\u00f2n de la riqueza, hacer que la prosperidad toque a un  n\u00f9mero mayor de puertas, tambi\u00e8n.\u00a0  Imperio de la justicia sin privilegios, mejor.\u00a0 Pero formaci\u00f2n \u00e8tica y c\u00edvica que nos permita  vivir en sociedad como ciudadanos responsables y seres humanos racionales e  incapaces de acciones como la que cost\u00f2 la vida a Rodr\u00edguez Mont\u00e0n y antes que  \u00e8l, con preocupante frecuencia, a otros, un elemento indispensable si queremos  disfrutar de una sociedad segura y civilizada, donde el crimen y el sadismo  dejen de formar parte de nuestra cotidianidad.<\/p>\n<p>&#13;<\/p>\n<h6> 2006-12-06 20:01:08 <\/h6>\n<p><!--\n<link rel=\"stylesheet\" href=\"css\/bootstrap.min.css\">\n\n\n<ul class=\"pagination\">\n\t    \n\t\n\n<li >\n\t<a href='?page_no=13383'>Previous<\/a>\n\t<\/li>\n\n\n       \n    \n\n<li><a href='?page_no=1'>1<\/a><\/li>\n\n\n\n<li><a href='?page_no=2'>2<\/a><\/li>\n\n\n\n<li><a>...<\/a><\/li>\n\n\n\n<li><a href='?page_no=13382'>13382<\/a><\/li>\n\n\n\n<li><a href='?page_no=13383'>13383<\/a><\/li>\n\n\n\n<li class='active'><a>13384<\/a><\/li>\n\n\n\n<li><a href='?page_no=13385'>13385<\/a><\/li>\n\n\n\n<li><a href='?page_no=13386'>13386<\/a><\/li>\n\n\n\n<li><a>...<\/a><\/li>\n\n\n\n<li><a href='?page_no=13611'>13611<\/a><\/li>\n\n\n\n<li><a href='?page_no=13612'>13612<\/a><\/li>\n\n    \n\t\n\n<li >\n\t<a href='?page_no=13385'>Next<\/a>\n\t<\/li>\n\n\n    \n\n<li><a href='?page_no=13612'>Last &rsaquo;&rsaquo;<\/a><\/li>\n\n<\/ul>\n\n\n--><br \/>\n<\/body><\/p>\n","protected":false},"excerpt":{"rendered":"<p>EL TIRO RAPIDO&#13; &#13; de&#13; Mario Rivadulla.&#13; &#13; El rapto y posterior asesinato de don Luis Fernando Rodr\u00edguez Mont\u00e0n, suegro de Euri Cabral, impacta no s\u00f2lo por el parentesco pol\u00edtico con nuestro colega comunicador en el Canal 23 y amigo, sino por las horrendas circunstancias que rodean el hecho. &#13; Trucidar el cad\u00e1ver de la [&hellip;]<\/p>\n","protected":false},"author":3,"featured_media":0,"comment_status":"open","ping_status":"open","sticky":false,"template":"","format":"standard","meta":{"footnotes":""},"categories":[16],"tags":[],"class_list":["post-37641","post","type-post","status-publish","format-standard","hentry","category-opiniones"],"_links":{"self":[{"href":"https:\/\/diariodominicano.com\/index.php?rest_route=\/wp\/v2\/posts\/37641","targetHints":{"allow":["GET"]}}],"collection":[{"href":"https:\/\/diariodominicano.com\/index.php?rest_route=\/wp\/v2\/posts"}],"about":[{"href":"https:\/\/diariodominicano.com\/index.php?rest_route=\/wp\/v2\/types\/post"}],"author":[{"embeddable":true,"href":"https:\/\/diariodominicano.com\/index.php?rest_route=\/wp\/v2\/users\/3"}],"replies":[{"embeddable":true,"href":"https:\/\/diariodominicano.com\/index.php?rest_route=%2Fwp%2Fv2%2Fcomments&post=37641"}],"version-history":[{"count":0,"href":"https:\/\/diariodominicano.com\/index.php?rest_route=\/wp\/v2\/posts\/37641\/revisions"}],"wp:attachment":[{"href":"https:\/\/diariodominicano.com\/index.php?rest_route=%2Fwp%2Fv2%2Fmedia&parent=37641"}],"wp:term":[{"taxonomy":"category","embeddable":true,"href":"https:\/\/diariodominicano.com\/index.php?rest_route=%2Fwp%2Fv2%2Fcategories&post=37641"},{"taxonomy":"post_tag","embeddable":true,"href":"https:\/\/diariodominicano.com\/index.php?rest_route=%2Fwp%2Fv2%2Ftags&post=37641"}],"curies":[{"name":"wp","href":"https:\/\/api.w.org\/{rel}","templated":true}]}}