{"id":376408,"date":"2022-08-16T17:09:43","date_gmt":"2022-08-16T21:09:43","guid":{"rendered":"http:\/\/diariodominicano.com\/?p=376408"},"modified":"2022-08-16T17:16:14","modified_gmt":"2022-08-16T21:16:14","slug":"presidente-del-instituto-duartiano-destaca-gesta-de-la-restauracion","status":"publish","type":"post","link":"https:\/\/diariodominicano.com\/?p=376408","title":{"rendered":"Presidente del Instituto Duartiano destaca gesta de La Restauraci\u00f3n"},"content":{"rendered":"\n<p> <strong>El presidente del Instituto Duartiano, Wilson G\u00f3mez Ram\u00edrez, interviene en el acto. Figuran, adem\u00e1s, Julio Rodr\u00edguez Grull\u00f3n, vicepresidente; Rafaela Mesa, vocal y entre otros directivos. <\/strong><\/p>\n\n\n\n<figure class=\"wp-block-image size-large\"><img loading=\"lazy\" decoding=\"async\" width=\"1024\" height=\"683\" src=\"https:\/\/diariodominicano.com\/wp-content\/uploads\/2022\/08\/Foto-2-Una-guardia-de-honor-rinde-los-honores-militares.-1024x683.jpg\" alt=\"\" class=\"wp-image-376412\" srcset=\"https:\/\/diariodominicano.com\/wp-content\/uploads\/2022\/08\/Foto-2-Una-guardia-de-honor-rinde-los-honores-militares.-1024x683.jpg 1024w, https:\/\/diariodominicano.com\/wp-content\/uploads\/2022\/08\/Foto-2-Una-guardia-de-honor-rinde-los-honores-militares.-300x200.jpg 300w, https:\/\/diariodominicano.com\/wp-content\/uploads\/2022\/08\/Foto-2-Una-guardia-de-honor-rinde-los-honores-militares.-768x512.jpg 768w, https:\/\/diariodominicano.com\/wp-content\/uploads\/2022\/08\/Foto-2-Una-guardia-de-honor-rinde-los-honores-militares.-1536x1024.jpg 1536w, https:\/\/diariodominicano.com\/wp-content\/uploads\/2022\/08\/Foto-2-Una-guardia-de-honor-rinde-los-honores-militares.-2048x1365.jpg 2048w, https:\/\/diariodominicano.com\/wp-content\/uploads\/2022\/08\/Foto-2-Una-guardia-de-honor-rinde-los-honores-militares.-816x544.jpg 816w\" sizes=\"auto, (max-width: 1024px) 100vw, 1024px\" \/><\/figure>\n\n\n\n<p> Una guardia de honor rinde honores militares. <\/p>\n\n\n\n<p><em><strong>En el 159 aniversario, G\u00f3mez Ram\u00edrez reitera solicitud para que se deroguen los decretos que mantienen los restos de Pedro Santana en el Pante\u00f3n Nacional.<\/strong><\/em><\/p>\n\n\n\n<p>Santo Domingo, RD.- El presidente del Instituto Duartiano, Wilson G\u00f3mez Ram\u00edrez, formul\u00f3 hoy un llamado al Poder Ejecutivo y al Congreso Nacional para que dejen sin efecto los decretos n\u00fameros 1383, del 24 de octubre de 1975, y el 3473, del 6 de julio de 1978, en los que est\u00e1 apoyado jur\u00eddicamente la permanencia de las cenizas de Pedro Santana en el Pante\u00f3n de la Patria.<\/p>\n\n\n\n<p>G\u00f3mez Ram\u00edrez se expres\u00f3 en esos t\u00e9rminos al encabezar este martes 16 de agosto, junto a otros directivos, miembros y colaboradores del Instituto el acto conmemorativo del 159 aniversario de la Guerra de la Restauraci\u00f3n de la Independencia Nacional, que incluy\u00f3 el dep\u00f3sito de una ofrenda floral en el Pante\u00f3n de la Patria, en la calle Las Damas de la Ciudad Colonial.<\/p>\n\n\n\n<figure class=\"wp-block-image size-large\"><img loading=\"lazy\" decoding=\"async\" width=\"1024\" height=\"683\" src=\"https:\/\/diariodominicano.com\/wp-content\/uploads\/2022\/08\/Foto-3-Directivos-del-Instituto-Duartiano-en-el-acto-conmemorativo.-1024x683.jpg\" alt=\"\" class=\"wp-image-376414\" srcset=\"https:\/\/diariodominicano.com\/wp-content\/uploads\/2022\/08\/Foto-3-Directivos-del-Instituto-Duartiano-en-el-acto-conmemorativo.-1024x683.jpg 1024w, https:\/\/diariodominicano.com\/wp-content\/uploads\/2022\/08\/Foto-3-Directivos-del-Instituto-Duartiano-en-el-acto-conmemorativo.-300x200.jpg 300w, https:\/\/diariodominicano.com\/wp-content\/uploads\/2022\/08\/Foto-3-Directivos-del-Instituto-Duartiano-en-el-acto-conmemorativo.-768x512.jpg 768w, https:\/\/diariodominicano.com\/wp-content\/uploads\/2022\/08\/Foto-3-Directivos-del-Instituto-Duartiano-en-el-acto-conmemorativo.-1536x1024.jpg 1536w, https:\/\/diariodominicano.com\/wp-content\/uploads\/2022\/08\/Foto-3-Directivos-del-Instituto-Duartiano-en-el-acto-conmemorativo.-2048x1365.jpg 2048w, https:\/\/diariodominicano.com\/wp-content\/uploads\/2022\/08\/Foto-3-Directivos-del-Instituto-Duartiano-en-el-acto-conmemorativo.-816x544.jpg 816w\" sizes=\"auto, (max-width: 1024px) 100vw, 1024px\" \/><figcaption> Directivos del Instituto Duartiano en el acto conmemorativo de la gesta de La Restauraci\u00f3n, en el Pante\u00f3n de la Patria. <\/figcaption><\/figure>\n\n\n\n<p> <strong>Directivos del Instituto Duartiano en el acto conmemorativo de la gesta de La Restauraci\u00f3n, en el Pante\u00f3n de la Patria. <\/strong><\/p>\n\n\n\n<p>En la actividad, que cont\u00f3 con la participaci\u00f3n de la presidenta de la filial duartiana en Per\u00fa, Leydis S\u00e1nchez, el presidente del Instituto Duartiano manifest\u00f3 que el Pante\u00f3n de la Patria es un espacio religioso que le es absolutamente ajeno a Santana.<\/p>\n\n\n\n<p>Agreg\u00f3 que \u201cla traici\u00f3n santanista, precedida de numerosos cr\u00edmenes, injustas ejecuciones y desmanes, determinan que las cenizas de este sean exhumadas de este sacro lugar reservado a los buenos dominicanos que han defendido de manera consistente nuestra soberan\u00eda y libertades\u201d.<\/p>\n\n\n\n<p>G\u00f3mez Ram\u00edrez proclam\u00f3 que \u201ces hora ya de retornar los restos de Pedro Santana a la fosa de la parroquia Santa Cruz de El Seibo, de donde fueron desenterrados en 1978\u201d.<\/p>\n\n\n\n<p>La ofrenda floral conducida por soldados bajo pasos de orden cerrado, seguidos por la comitiva duartiana, se desplaz\u00f3 por la alfombra rojo vino hasta llegar a la llama votiva destacada en la parte central del pante\u00f3n patrio, donde depositaron la colorida corona, colocaron en torno a la llama flores con los colores de nuestra bandera y procedieron a firmar el libro de honor reservado a los presiden estos tributos.<\/p>\n\n\n\n<figure class=\"wp-block-image size-large\"><img loading=\"lazy\" decoding=\"async\" width=\"1024\" height=\"683\" src=\"https:\/\/diariodominicano.com\/wp-content\/uploads\/2022\/08\/Foto-4-Un-aspecto-de-la-actividad.-1024x683.jpg\" alt=\"\" class=\"wp-image-376417\" srcset=\"https:\/\/diariodominicano.com\/wp-content\/uploads\/2022\/08\/Foto-4-Un-aspecto-de-la-actividad.-1024x683.jpg 1024w, https:\/\/diariodominicano.com\/wp-content\/uploads\/2022\/08\/Foto-4-Un-aspecto-de-la-actividad.-300x200.jpg 300w, https:\/\/diariodominicano.com\/wp-content\/uploads\/2022\/08\/Foto-4-Un-aspecto-de-la-actividad.-768x512.jpg 768w, https:\/\/diariodominicano.com\/wp-content\/uploads\/2022\/08\/Foto-4-Un-aspecto-de-la-actividad.-1536x1024.jpg 1536w, https:\/\/diariodominicano.com\/wp-content\/uploads\/2022\/08\/Foto-4-Un-aspecto-de-la-actividad.-2048x1365.jpg 2048w, https:\/\/diariodominicano.com\/wp-content\/uploads\/2022\/08\/Foto-4-Un-aspecto-de-la-actividad.-816x544.jpg 816w\" sizes=\"auto, (max-width: 1024px) 100vw, 1024px\" \/><figcaption> Un aspecto de la actividad <\/figcaption><\/figure>\n\n\n\n<p>Luego, G\u00f3mez Ram\u00edrez manifest\u00f3 que \u201cacudimos a este augusto recinto a presentar nuestro respeto a los dominicanos de gloria que asumieron con determinaci\u00f3n y coraje la defensa de nuestra Independencia Nacional arrebatada de manera inconsulta por el nefasto general Pedro Santana, quien incurri\u00f3 en el crimen de anexar nuestro territorio a Espa\u00f1a, en 1861, convirti\u00e9ndonos de Estado en una provincia ultramar\u201d.<\/p>\n\n\n\n<p><strong>Sobre el Instituto Duartiano<\/strong><\/p>\n\n\n\n<p>Es un organismo de car\u00e1cter oficial y aut\u00f3nomo, fundado el 26 de enero de 1964, y la Ley n\u00famero 127-01, del 27 de julio de 2001. Tiene como objetivo promover la historia, los ideales, los valores y el ejemplo del patricio Juan Pablo Duarte.<\/p>\n\n\n\n<p>Es la instituci\u00f3n responsable de la difusi\u00f3n de la vida y los ejemplos del Padre de la Patria, as\u00ed como la gloriosa historia de los dominicanos. Tiene la misi\u00f3n de llevar al pueblo dominicano la historia de Juan Pablo Duarte y tratar de que, por medio del conocimiento de sus ideales, laboriosidad, honestidad acrisolada, patriotismo, esp\u00edritu de servicio y vida ejemplar, exista un mejor ciudadano y una patria justa y feliz, como la so\u00f1\u00f3 el padre de la Patria.<\/p>\n\n\n\n<p>Enver L\u00f3pez Milander<a target=\"_blank\" href=\"mailto:enverolm3@gmail.com\" rel=\"noreferrer noopener\">enverolm3@gmail.com<\/a><\/p>\n\n\n\n<p><strong>Links para descargar v\u00eddeo-corte de prensa:<\/strong><\/p>\n\n\n\n<p><strong>Por YouTube:<\/strong>V\u00eddeo 1:&nbsp;<a href=\"https:\/\/youtu.be\/emFgqnuapy4\" target=\"_blank\" rel=\"noreferrer noopener\">https:\/\/youtu.be\/emFgqnuapy4<\/a>V\u00eddeo 2:&nbsp;<a href=\"https:\/\/youtu.be\/LgD8kVZ3Mio\" target=\"_blank\" rel=\"noreferrer noopener\">https:\/\/youtu.be\/LgD8kVZ3Mio<\/a>V\u00eddeo 3:&nbsp;<a href=\"https:\/\/youtu.be\/nBA1VY1CFo4\" target=\"_blank\" rel=\"noreferrer noopener\">https:\/\/youtu.be\/nBA1VY1CFo4<\/a>V\u00eddeo 4:&nbsp;<a href=\"https:\/\/youtu.be\/CibVoBIDqdA\" target=\"_blank\" rel=\"noreferrer noopener\">https:\/\/youtu.be\/CibVoBIDqdA<\/a>V\u00eddeo 5:&nbsp;<a href=\"https:\/\/youtu.be\/qXS-EM2mxLw\" target=\"_blank\" rel=\"noreferrer noopener\">https:\/\/youtu.be\/qXS-EM2mxLw<\/a><\/p>\n\n\n\n<p>Por Google Drive:<\/p>\n\n\n\n<p>Por WeTransfer:<\/p>\n\n\n\n<p><br><strong>Enver L\u00f3pez Milander<\/strong><br>Celular y Whatsapp: 809-258-4829,<br>Email:\u00a0<a rel=\"noreferrer noopener\" href=\"mailto:enverolm@gmail.com\" target=\"_blank\">enverolm@gmail.com<\/a><\/p>\n","protected":false},"excerpt":{"rendered":"<p>El presidente del Instituto Duartiano, Wilson G\u00f3mez Ram\u00edrez, interviene en el acto. Figuran, adem\u00e1s, Julio Rodr\u00edguez Grull\u00f3n, vicepresidente; Rafaela Mesa, vocal y entre otros directivos. Una guardia de honor rinde honores militares. En el 159 aniversario, G\u00f3mez Ram\u00edrez reitera solicitud para que se deroguen los decretos que mantienen los restos de Pedro Santana en el [&hellip;]<\/p>\n","protected":false},"author":28,"featured_media":376409,"comment_status":"closed","ping_status":"","sticky":true,"template":"","format":"standard","meta":{"footnotes":""},"categories":[26,27],"tags":[],"class_list":["post-376408","post","type-post","status-publish","format-standard","has-post-thumbnail","hentry","category-efemerides","category-portada"],"_links":{"self":[{"href":"https:\/\/diariodominicano.com\/index.php?rest_route=\/wp\/v2\/posts\/376408","targetHints":{"allow":["GET"]}}],"collection":[{"href":"https:\/\/diariodominicano.com\/index.php?rest_route=\/wp\/v2\/posts"}],"about":[{"href":"https:\/\/diariodominicano.com\/index.php?rest_route=\/wp\/v2\/types\/post"}],"author":[{"embeddable":true,"href":"https:\/\/diariodominicano.com\/index.php?rest_route=\/wp\/v2\/users\/28"}],"replies":[{"embeddable":true,"href":"https:\/\/diariodominicano.com\/index.php?rest_route=%2Fwp%2Fv2%2Fcomments&post=376408"}],"version-history":[{"count":7,"href":"https:\/\/diariodominicano.com\/index.php?rest_route=\/wp\/v2\/posts\/376408\/revisions"}],"predecessor-version":[{"id":376419,"href":"https:\/\/diariodominicano.com\/index.php?rest_route=\/wp\/v2\/posts\/376408\/revisions\/376419"}],"wp:featuredmedia":[{"embeddable":true,"href":"https:\/\/diariodominicano.com\/index.php?rest_route=\/wp\/v2\/media\/376409"}],"wp:attachment":[{"href":"https:\/\/diariodominicano.com\/index.php?rest_route=%2Fwp%2Fv2%2Fmedia&parent=376408"}],"wp:term":[{"taxonomy":"category","embeddable":true,"href":"https:\/\/diariodominicano.com\/index.php?rest_route=%2Fwp%2Fv2%2Fcategories&post=376408"},{"taxonomy":"post_tag","embeddable":true,"href":"https:\/\/diariodominicano.com\/index.php?rest_route=%2Fwp%2Fv2%2Ftags&post=376408"}],"curies":[{"name":"wp","href":"https:\/\/api.w.org\/{rel}","templated":true}]}}