{"id":37639,"date":"2006-12-07T13:50:09","date_gmt":"2006-12-07T13:50:09","guid":{"rendered":"http:\/\/diariodominicano.ddns.net\/?p=37639"},"modified":"2006-12-07T13:50:09","modified_gmt":"2006-12-07T13:50:09","slug":"las-principales-en-teledebate-151","status":"publish","type":"post","link":"https:\/\/diariodominicano.com\/?p=37639","title":{"rendered":"LAS PRINCIPALES EN TELEDEBATE"},"content":{"rendered":"<p><body><\/p>\n<p align=\"center\"><span class=\"titulogrande1\">LAS PRINCIPALES EN TELEDEBATE<\/span><br \/>&#13;<br \/>\n  <br \/>&#13;<br \/>\n    <span class=\"textogrande\">Martes 5,12,06<\/span><\/p>\n<p>&#13;<\/p>\n<p align=\"justify\" class=\"text1noticias\">DIJO EL SANTO, NO LA LIMOSNA. Ayer el  Presidente Leonel Fern\u00e1ndez en una de sus m\u00e0s breves alocuciones al pa\u00ecs dej\u00f2  saber los diferentes sectores que ser\u00e0n gravados con nuevos impuestos o  aumentos de los existentes, aunque en la mayor\u00eca de los casos no especific\u00f2 el  monto. El mandatario mostr\u00f2 el santo pero no di\u00f2 a conocer la limosna.<\/p>\n<p>&#13;<\/p>\n<p align=\"justify\" class=\"text1noticias\">PRECISANDO EL AHORRO.\u00a0 El Ejecutivo sin embargo, fue muy preciso en  cuanto a las distintas medidas de ahorros que adoptar\u00e0 su gobierno durante el  a\u00f1o 2007, especificando en cada caso el porciento de reducci\u00f3n.\u00a0 Al final, estableci\u00f3 el monto total de esas  disposiciones en 4 mil 142 millones de pesos.\u00a0  La cifra constituye un referente de comprobaci\u00f3n al final del 2007 para  comprobar si realmente se ha cumplido el plan de austeridad ofical.<\/p>\n<p>&#13;<\/p>\n<p align=\"justify\" class=\"text1noticias\">JCE: ROSALES VS. LOCKWARD. Un amago de conflicto  surge ya en la nueva Junta Central Electoral como arrastre de la anterior.\u00a0 En tanto la C\u00e0mara Administrativa  presidida por Roberto Rosario solicita al pleno la cancelaci\u00f3n del Secretario  del organismo, Antonio Lockward, \u00e8ste acusa al magistrado de ser el principal  responsable de las \u201cindelicadezas\u201d que, seg\u00fan afirma se registraron en la  pasada Junta, de la cual Rosario form\u00f2 parte.\u00a0 <\/p>\n<p>&#13;<\/p>\n<p align=\"justify\" class=\"text1noticias\">PLD: JUGANDO AL DURO.\u00a0 Y en el PLD el debate interno se sigue  calentando, pero ahora en el escenario p\u00f9blico.\u00a0  Ahora Luis Inchausti, uno de los hombres fuertes de la base morada, se  destapa acusando de cuervos a seguidores del ex Secretario de la Presidencia, Danilo Medina.\u00a0 A este paso pudieran terminar como el PRD que  todav\u00eca tiene m\u00e0s de gallera que de partido tratando de recuperar su disminuido  caudal electoral y volver al poder.<\/p>\n<p>&#13;<\/p>\n<p align=\"justify\" class=\"text1noticias\">PRAIA: \u00a1UNA BRILLANTE DEDUCCION FISCAL! Pues ahora  resulta que el juez que conoce el caso por la muerte de la estudiante  universitaria Pura Alexandra N\u00fa\u00f1ez a manos de un guardi\u00e1n de la discoteca Praia  orden\u00f2 la reapertura del negocio.\u00a0 El  fallo se basa en la opini\u00f3n del Fiscal quien sostiene que es m\u00e0s f\u00e1cil  determinar si hay discriminaci\u00f3n con el negocio abierto que cerrado.\u00a0 \u00a1Un razonamiento tan brillante bien merece un  Premio N\u00f2bel!<\/p>\n<p>&#13;<\/p>\n<p align=\"justify\" class=\"text1noticias\">LIMPIEZA DEL OZAMA.\u00a0  La contaminaci\u00f3n en el r\u00eco Ozama est\u00e0 nada menos que en el orden de un  97.31 por ciento.\u00a0 Casi todo un  r\u00e8cord.\u00a0\u00a0<br \/>&#13;<br \/>\n  <br \/>&#13;<br \/>\nEl r\u00eco disfruta del poco  recomendable privilegio de figurar entre los cinco m\u00e0s contaminados de la  regi\u00f3n.\u00a0 Precisamente el dragado de la  v\u00eca de agua, del cual ya se ha extra\u00ecdo m\u00e0s de medio mill\u00f2n de materiales,\u00a0 es otro de los beneficios que reportar\u00e0 el  ambicioso proyecto de Sans Souci.<\/p>\n<p>&#13;<\/p>\n<p align=\"justify\" class=\"text1noticias\">FUERTES VINCULOS CON INSTANCIAS DE PODER. El ex  Secretario de las Fuerzas Armadas Jos\u00e9 Miguel Soto Jim\u00e9nez advierte sobre el  auge del narcotr\u00e1fico y afirma que el mismo est\u00e0 ligado a grandes  capitales.\u00a0 No es nada nuevo, pero nunca  est\u00e0 dem\u00e0s el recordarlo.\u00a0 El caso es que  esa actividad criminal est\u00e0 estrechamente vinculada y cuenta con la protecci\u00f2n  de elevadas instancias de poder tanto pol\u00edtico como militar.<\/p>\n<p>&#13;<\/p>\n<p align=\"justify\" class=\"text1noticias\">ROBO DE LA   LUZ: UN DELITO COMO OTRO CUALQUIERA. Bien que se arrecie la  acci\u00f2n contra los que se roban la luz.\u00a0  Es un crimen como otro cualquiera y de consecuencias posiblemente mucho  peores, dado los perjuicios que representa para el sector el\u00e9ctrico, los  usuarios que s\u00ec pagan religiosamente su consumo y la econom\u00eda del pa\u00ecs en  general al no poder disponer de un servicio eficiente y con tarifas m\u00e0s  m\u00f2dicas.<\/p>\n<p>&#13;<\/p>\n<p align=\"justify\" class=\"text1noticias\">PERO&#8230;\u00bfY EL DERECHO A LA DEFENSA? Mal sin embargo  que se pretenda pasar una ley de criminalizaci\u00f2n del fraude en la cual se le  otorgan poderes casi absolutos e inapelables a las distribuidoras para  determinar qui\u00e8n se roba la luz, sin que a los imputados se les ofrezcan  mecanismos de defensa que en cambio, nuestro r\u00e8gimen de derecho garantiza hasta  los m\u00e0s empedernidos malhechores y depravados asesinos.\u00a0 \u00a1Todo un absurdo!<\/p>\n<p>&#13;<\/p>\n<p align=\"justify\" class=\"text1noticias\">LA JUSTICIA TOCO A SU PUERTA. Al ex  Presidente de Uruguay Luis Gonz\u00e0lez Macchi, acusado de enriquecimiento il\u00edcito  y declaraci\u00f3n falsa, le cantaron 8 a\u00f1os de encierro, 500 mil d\u00f3lares de multa y  la incautaci\u00f3n del saldo de una cuenta en Suiza a su nombre de un mill\u00f2n 64 mil  d\u00f3lares.Otra se\u00f1al clara de que las cosas van cambiando y\u00a0 rasg\u00e1ndose los velos de impunidad que ha  arropado a los corruptos que no van al poder a servir a los dem\u00e0s sino a  servirse. Aqu\u00ec tambi\u00e8n llegar\u00e0 el momento de pasar la cuenta y hacer justicia.<\/p>\n<p>&#13;<\/p>\n<p align=\"justify\" class=\"text1noticias\">LUISIN MEJIA: MERECIDA REELECCI\u00d3N. Una nota  agradable: la reelecci\u00f2n a unanimidad del colega Luis\u00ecn Mej\u00eca al frente del  movimiento deportivo nacional. Mej\u00eca tiene una vasta experiencia en este campo  y ha compartido sus labores de comunicador y publicista con una intensa  dedicaci\u00f3n al fomento del deporte dominicano.\u00a0  Sucesor de Jos\u00e9 Joaqu\u00edn Puello ha demostrado un gran liderazgo y  sensatez en el manejo del espinoso cargo.\u00a0 <\/p>\n<p>&#13;<\/p>\n<h6> 2006-12-07 13:50:09 <\/h6>\n<p><!--\n<link rel=\"stylesheet\" href=\"css\/bootstrap.min.css\">\n\n\n<ul class=\"pagination\">\n\t    \n\t\n\n<li >\n\t<a href='?page_no=13381'>Previous<\/a>\n\t<\/li>\n\n\n       \n    \n\n<li><a href='?page_no=1'>1<\/a><\/li>\n\n\n\n<li><a href='?page_no=2'>2<\/a><\/li>\n\n\n\n<li><a>...<\/a><\/li>\n\n\n\n<li><a href='?page_no=13380'>13380<\/a><\/li>\n\n\n\n<li><a href='?page_no=13381'>13381<\/a><\/li>\n\n\n\n<li class='active'><a>13382<\/a><\/li>\n\n\n\n<li><a href='?page_no=13383'>13383<\/a><\/li>\n\n\n\n<li><a href='?page_no=13384'>13384<\/a><\/li>\n\n\n\n<li><a>...<\/a><\/li>\n\n\n\n<li><a href='?page_no=13611'>13611<\/a><\/li>\n\n\n\n<li><a href='?page_no=13612'>13612<\/a><\/li>\n\n    \n\t\n\n<li >\n\t<a href='?page_no=13383'>Next<\/a>\n\t<\/li>\n\n\n    \n\n<li><a href='?page_no=13612'>Last &rsaquo;&rsaquo;<\/a><\/li>\n\n<\/ul>\n\n\n--><br \/>\n<\/body><\/p>\n","protected":false},"excerpt":{"rendered":"<p>LAS PRINCIPALES EN TELEDEBATE&#13; &#13; Martes 5,12,06 &#13; DIJO EL SANTO, NO LA LIMOSNA. Ayer el Presidente Leonel Fern\u00e1ndez en una de sus m\u00e0s breves alocuciones al pa\u00ecs dej\u00f2 saber los diferentes sectores que ser\u00e0n gravados con nuevos impuestos o aumentos de los existentes, aunque en la mayor\u00eca de los casos no especific\u00f2 el monto. [&hellip;]<\/p>\n","protected":false},"author":3,"featured_media":0,"comment_status":"open","ping_status":"open","sticky":false,"template":"","format":"standard","meta":{"footnotes":""},"categories":[16],"tags":[],"class_list":["post-37639","post","type-post","status-publish","format-standard","hentry","category-opiniones"],"_links":{"self":[{"href":"https:\/\/diariodominicano.com\/index.php?rest_route=\/wp\/v2\/posts\/37639","targetHints":{"allow":["GET"]}}],"collection":[{"href":"https:\/\/diariodominicano.com\/index.php?rest_route=\/wp\/v2\/posts"}],"about":[{"href":"https:\/\/diariodominicano.com\/index.php?rest_route=\/wp\/v2\/types\/post"}],"author":[{"embeddable":true,"href":"https:\/\/diariodominicano.com\/index.php?rest_route=\/wp\/v2\/users\/3"}],"replies":[{"embeddable":true,"href":"https:\/\/diariodominicano.com\/index.php?rest_route=%2Fwp%2Fv2%2Fcomments&post=37639"}],"version-history":[{"count":0,"href":"https:\/\/diariodominicano.com\/index.php?rest_route=\/wp\/v2\/posts\/37639\/revisions"}],"wp:attachment":[{"href":"https:\/\/diariodominicano.com\/index.php?rest_route=%2Fwp%2Fv2%2Fmedia&parent=37639"}],"wp:term":[{"taxonomy":"category","embeddable":true,"href":"https:\/\/diariodominicano.com\/index.php?rest_route=%2Fwp%2Fv2%2Fcategories&post=37639"},{"taxonomy":"post_tag","embeddable":true,"href":"https:\/\/diariodominicano.com\/index.php?rest_route=%2Fwp%2Fv2%2Ftags&post=37639"}],"curies":[{"name":"wp","href":"https:\/\/api.w.org\/{rel}","templated":true}]}}