{"id":37635,"date":"2006-12-08T14:44:19","date_gmt":"2006-12-08T14:44:19","guid":{"rendered":"http:\/\/diariodominicano.ddns.net\/?p=37635"},"modified":"2006-12-08T14:44:19","modified_gmt":"2006-12-08T14:44:19","slug":"las-principales-en-teledebate-150","status":"publish","type":"post","link":"https:\/\/diariodominicano.com\/?p=37635","title":{"rendered":"LAS PRINCIPALES EN TELEDEBATE"},"content":{"rendered":"<p><body><\/p>\n<p><span class=\"titulogrande1\">LAS PRINCIPALES EN TELEDEBATE<\/span><br \/>&#13;<br \/>\n  <br \/>&#13;<br \/>\n    <span class=\"textogrande\">Mi\u00e9rcoles 6,12,06<\/span><\/p>\n<p>&#13;<\/p>\n<p align=\"justify\" class=\"text1noticias\">EL CASCABEL AL GATO. El presidente costarricense Oscar  Arias proclama la necesidad de acabar con la pobreza para poder erradicar el  caudillismo y el populismo en Am\u00e9rica Latina.\u00a0  Tiene mucha raz\u00f2n.\u00a0 Tambi\u00e8n es  preciso combatir y sancionar con dureza el c\u00e1ncer de la\u00a0 corrupci\u00f3n.\u00a0  Es un discurso hermoso pero que llevamos mucho tiempo escuch\u00e1ndolo sin  que nadie le ponga el cascabel al gato al menos con la rapidez requerida.<\/p>\n<p>&#13;<\/p>\n<p align=\"justify\" class=\"text1noticias\">\u00bfACASO DOBLE PERSONALIDAD? El Secretario de Interior y  Polic\u00eca, Franklin Almeida, revela estar recibiendo muchas presiones de due\u00f1os  de negocios de comidas para que se extienda el horario establecido para el  cierre nocturno de los mismos.\u00a0\u00a0 Es una  acci\u00f2n\u00a0 l\u00f3gica.\u00a0 Lo que no tiene sentido es que haya generales  metidos en el problema\u00a0 \u00bfSon miembros de  la guardia o acaso due\u00f1os de restaurantes?<\/p>\n<p>&#13;<\/p>\n<p align=\"justify\" class=\"text1noticias\">QUE NO ROMPA POR LO DELGADO.\u00a0 El juez Roberto Rosario, quien preside la C\u00e0mara Administrativa  de la nueva Junta Central Electoral, informa que se profundizar\u00e0n las  investigaciones para descubrir la mafia que se dedicaba a expedir c\u00e8dulas sobre  todo a haitianos indocumentados a base de certificados de nacimiento  falsos.\u00a0 Hasta ahora hay detenidos 2  empleados de la Junta.   Pero est\u00e0 claro que en el negocio tienen que haber pejes de  mucha mayor envergadura. Esperemos la soga no quiebre por lo m\u00e0s delgado, como  casi siempre.<\/p>\n<p>&#13;<\/p>\n<p align=\"justify\" class=\"text1noticias\">MODIFICACI\u00d3N A LA MEDIDA. Y hablando del m\u00e1ximo organismo  electoral, preocupante y m\u00e0s a\u00f9n escandalosa, en base a la informaci\u00f2n de  Diario Libre, la decisi\u00f2n de \u00f9ltima hora de la anterior Junta de modificar el  reglamento del Plan de Retiro, Pensiones y Jubilaciones de la misma para  permitir el cobro de pensiones especiales a favor de empleados renunciantes o  cancelados.\u00a0 \u00bfUna modificaci\u00f3n a la  medida?<\/p>\n<p>&#13;<\/p>\n<p align=\"justify\" class=\"text1noticias\">MUCHA TELA QUE CORTAR.\u00a0  Tal como dijimos el breve discurso del Presidente Leonel Fern\u00e1ndez el  pasado lunes, anunciando el plan de austeridad del gobierno y los sectores que  ser\u00e0n afectados por nuevos impuestos o aumento de los existentes, dar\u00e0 mucha  tela que cortar y desatar\u00e0 posiciones contradictorias.\u00a0 Obviamente los partidos de oposici\u00f3n le  siguen haciendo fuertes cr\u00ecticas y reiterando su rechazo al proyecto enviado al  Congreso.<\/p>\n<p>&#13;<\/p>\n<p align=\"justify\" class=\"text1noticias\">POSICIONES ENCONTRADAS.\u00a0  Pero tambi\u00e8n ha promovido posiciones encontradas en entidades de la Sociedad Civil.\u00a0 As\u00ec mientras Participaci\u00f2n Ciudadana  considera positivas las medidas de austeridad prometidas por el gobierno, el  Foro Ciudadano por el contrario estima que son de car\u00e1cter coyuntural y no  apuntan a la soluci\u00f3n de males estructurales.\u00a0  El empresariado por su parte luce estar estudiando el posible efecto del  proyecto fiscal sobre la econom\u00eda y la competitividad de los sectores  productivos.<\/p>\n<p>&#13;<\/p>\n<p align=\"justify\" class=\"text1noticias\">UNOS DISPENDIAN LO QUE A OTROS FALTA. M\u00e0s que preocupante  la revelaci\u00f3n de que un mill\u00f2n 800 mil habitantes del pa\u00ecs carecen del vital  servicio de agua potable y que m\u00e0s de 465 mil hogres al presente no tengan  acceso al preciado l\u00ecquido.\u00a0 Un elemento  agravante de gran trascendencia es que esa carencia est\u00e0 estrechamente asociada  a los \u00edndices de mortalidad infantil. Raz\u00f2n de m\u00e0s para la celosa preservaci\u00f3n  del recurso agua, que a tantos falta en tanto no pocos irresponsables  dispendian.<\/p>\n<p>&#13;<\/p>\n<p align=\"justify\" class=\"text1noticias\">\u00bfQUI\u00c9N LES PARARA LOS PIES? \u00bfQui\u00e8n y cu\u00e0ndo se le van a  parar los pies a los transportistas que utilizan el poder de que disponen  gracias a la permisividad tradicional de las autoridades, cuando no a su  debilidad o interesada complicidad, para hacer lo que les viene en ganas?\u00a0 \u00bfC\u00f2mo es posible que ahora se permitan esos  paros sorpresa en horas pico que trastornan la vida de tantos inocentes e  indefensos ciudadanos por sus pleitos internos y preservaci\u00f3n de irritantes  privilegios?<\/p>\n<p>&#13;<\/p>\n<p align=\"justify\" class=\"text1noticias\">CON SALOM\u00d3N SE LES FUE LA MANO. Cada empresa es  libre de manejar su negocio y tomar sus propias decisiones.\u00a0 \u00bfPero no fue exagerada la reacci\u00f3n de Color  Visi\u00f3n al cancelar al periodista Adolfo Salom\u00f2n, al cabo de ocho a\u00f1os de  servicios,\u00a0 por una pregunta al Cardenal  L\u00f2pez Rodr\u00edguez que \u00e8ste estim\u00f2 impertinente y provoc\u00f2 una carta de queja del  Secretario de las Fuerzas Armadas a la telemisora?\u00a0 Si merec\u00eda alguna cr\u00ectica, \u00bfno bastaba con  una simple amonestaci\u00f3n?\u00a0 Como que se les  fue la mano.<\/p>\n<p>&#13;<\/p>\n<h6> 2006-12-08 14:44:19 <\/h6>\n<p><!--\n<link rel=\"stylesheet\" href=\"css\/bootstrap.min.css\">\n\n\n<ul class=\"pagination\">\n\t    \n\t\n\n<li >\n\t<a href='?page_no=13378'>Previous<\/a>\n\t<\/li>\n\n\n       \n    \n\n<li><a href='?page_no=1'>1<\/a><\/li>\n\n\n\n<li><a href='?page_no=2'>2<\/a><\/li>\n\n\n\n<li><a>...<\/a><\/li>\n\n\n\n<li><a href='?page_no=13377'>13377<\/a><\/li>\n\n\n\n<li><a href='?page_no=13378'>13378<\/a><\/li>\n\n\n\n<li class='active'><a>13379<\/a><\/li>\n\n\n\n<li><a href='?page_no=13380'>13380<\/a><\/li>\n\n\n\n<li><a href='?page_no=13381'>13381<\/a><\/li>\n\n\n\n<li><a>...<\/a><\/li>\n\n\n\n<li><a href='?page_no=13611'>13611<\/a><\/li>\n\n\n\n<li><a href='?page_no=13612'>13612<\/a><\/li>\n\n    \n\t\n\n<li >\n\t<a href='?page_no=13380'>Next<\/a>\n\t<\/li>\n\n\n    \n\n<li><a href='?page_no=13612'>Last &rsaquo;&rsaquo;<\/a><\/li>\n\n<\/ul>\n\n\n--><br \/>\n<\/body><\/p>\n","protected":false},"excerpt":{"rendered":"<p>LAS PRINCIPALES EN TELEDEBATE&#13; &#13; Mi\u00e9rcoles 6,12,06 &#13; EL CASCABEL AL GATO. El presidente costarricense Oscar Arias proclama la necesidad de acabar con la pobreza para poder erradicar el caudillismo y el populismo en Am\u00e9rica Latina.\u00a0 Tiene mucha raz\u00f2n.\u00a0 Tambi\u00e8n es preciso combatir y sancionar con dureza el c\u00e1ncer de la\u00a0 corrupci\u00f3n.\u00a0 Es un discurso [&hellip;]<\/p>\n","protected":false},"author":3,"featured_media":0,"comment_status":"open","ping_status":"open","sticky":false,"template":"","format":"standard","meta":{"footnotes":""},"categories":[16],"tags":[],"class_list":["post-37635","post","type-post","status-publish","format-standard","hentry","category-opiniones"],"_links":{"self":[{"href":"https:\/\/diariodominicano.com\/index.php?rest_route=\/wp\/v2\/posts\/37635","targetHints":{"allow":["GET"]}}],"collection":[{"href":"https:\/\/diariodominicano.com\/index.php?rest_route=\/wp\/v2\/posts"}],"about":[{"href":"https:\/\/diariodominicano.com\/index.php?rest_route=\/wp\/v2\/types\/post"}],"author":[{"embeddable":true,"href":"https:\/\/diariodominicano.com\/index.php?rest_route=\/wp\/v2\/users\/3"}],"replies":[{"embeddable":true,"href":"https:\/\/diariodominicano.com\/index.php?rest_route=%2Fwp%2Fv2%2Fcomments&post=37635"}],"version-history":[{"count":0,"href":"https:\/\/diariodominicano.com\/index.php?rest_route=\/wp\/v2\/posts\/37635\/revisions"}],"wp:attachment":[{"href":"https:\/\/diariodominicano.com\/index.php?rest_route=%2Fwp%2Fv2%2Fmedia&parent=37635"}],"wp:term":[{"taxonomy":"category","embeddable":true,"href":"https:\/\/diariodominicano.com\/index.php?rest_route=%2Fwp%2Fv2%2Fcategories&post=37635"},{"taxonomy":"post_tag","embeddable":true,"href":"https:\/\/diariodominicano.com\/index.php?rest_route=%2Fwp%2Fv2%2Ftags&post=37635"}],"curies":[{"name":"wp","href":"https:\/\/api.w.org\/{rel}","templated":true}]}}