{"id":37634,"date":"2006-12-08T14:47:23","date_gmt":"2006-12-08T14:47:23","guid":{"rendered":"http:\/\/diariodominicano.ddns.net\/?p=37634"},"modified":"2006-12-08T14:47:23","modified_gmt":"2006-12-08T14:47:23","slug":"nos-hemos-reformado","status":"publish","type":"post","link":"https:\/\/diariodominicano.com\/?p=37634","title":{"rendered":"Nos hemos reformado?"},"content":{"rendered":"<p><body><\/p>\n<p class=\"titulogrande1\"><strong>Nos hemos reformado? <\/strong><strong> <\/strong><\/p>\n<p>&#13;<\/p>\n<p class=\"textogrande\"><strong>Lizzie Gonz\u00e1lez<\/strong><\/p>\n<p>&#13;<\/p>\n<p align=\"justify\" class=\"text1noticias\">Se acerca la fecha  en que tomaremos un merecido descanso de la ley seca y me pasan tantas  preguntas por la cabeza&#8230;nos hemos reformado? Ser\u00e1n las calles peque\u00f1as  muestras de Sodoma? Militarizaran las esquinas de tal manera que ser\u00e1 mejor  quedarnos en casa? Estas navidades tendremos m\u00e1s muertos por intoxicaci\u00f3n de  alcohol que por fuegos artificiales? Seremos como presos descarrilados  saboreando libertad? O no se sentir\u00e1 la diferencia? <br \/>&#13;<br \/>\n  <br \/>&#13;<br \/>\n  Yo como madre,  comprendo perfectamente que la mayor\u00eda de la poblaci\u00f3n este de acuerdo con esta  medida, pero seamos sinceros, estamos de acuerdo con ella, porque ha sido la  \u00fanica manera de poder \u201camarrar\u201d a los hijos, pero no porque desde el fondo de  nuestros corazones creamos que esto ha cumplido con los objetivos reales por  los que se implant\u00f3; escuchaba hace unos d\u00edas en un programa de radio, un  hombre que dec\u00eda que claro que el apoya ese decreto, porque ahora el gasta  menos dinero bebiendo en el colmad\u00f3n, hemos tratado de justificarla bas\u00e1ndonos  en nuestros beneficios personales, no enfoc\u00e1ndonos en la necesidad b\u00e1sica y  real de erradicar la delincuencia. Por otro lado, como joven, me molesta el  hecho de ya no sentirme libre, libre hasta de poder salir a dar una vuelta sola  en mi carro por el malec\u00f3n, solo para olvidar alg\u00fan problema, mientras manejo y  escucho la radio; en d\u00edas pasados, un amigo muy cercano sali\u00f3 tarde de su  oficina y como siempre, se dirig\u00eda a pies a su casa, solo que esa noche tuvo  que explicarle durante media hora, a dos oficiales, por qu\u00e9 hab\u00eda salido tarde,  hacia donde iba, por qu\u00e9 en su oficina no ten\u00edan carne y un sinn\u00famero de cosas  que rayan en lo rid\u00edculo. <br \/>&#13;<br \/>\n  <br \/>&#13;<br \/>\n  Recuerdo una frase  que me dijo hace un tiempo un endocrin\u00f3logo \u201clas dietas r\u00e1pidas no funcionan,  porque aunque rebajes algo en un par de d\u00edas, cuando dejes de hacerla  engordar\u00e1s el doble, porque tendr\u00e1s m\u00e1s ansiedad&#8230;lo que debes es educar tu  forma de comer\u201d&#8230;se aplica eso tambi\u00e9n para beber? <br \/>&#13;<br \/>\n  <br \/>&#13;<br \/>\n  Como dominicana,  espero que el pa\u00eds se ilumine de alegr\u00eda y sobre todo de tranquilidad, a partir  de este 23 de diciembre y que siga as\u00ed durante todo el a\u00f1o que se asoma y como  joven, quisiera que demostremos que no somos chivos sin ley, ni rebeldes sin  causa, que somos j\u00f3venes, igual que lo fueron todos algunas vez, que ese deseo  de sentir la efervescencia de la vida nos corre por la sangre porque somos  hijos de un pueblo que baila hasta los anuncios, que sabemos respetar y que  queremos que nos respeten. <br \/>&#13;<br \/>\n  <br \/>&#13;<br \/>\n  <a href=\"http:\/\/webmail.diariodominicano.com\/src\/compose.php?send_to=lizziegonzalez%40hotmail.com\"><strong>lizziegonzalez@hotmail.com<\/strong><\/a><\/p>\n<p>&#13;<\/p>\n<h6> 2006-12-08 14:47:23 <\/h6>\n<p><!--\n<link rel=\"stylesheet\" href=\"css\/bootstrap.min.css\">\n\n\n<ul class=\"pagination\">\n\t    \n\t\n\n<li >\n\t<a href='?page_no=13377'>Previous<\/a>\n\t<\/li>\n\n\n       \n    \n\n<li><a href='?page_no=1'>1<\/a><\/li>\n\n\n\n<li><a href='?page_no=2'>2<\/a><\/li>\n\n\n\n<li><a>...<\/a><\/li>\n\n\n\n<li><a href='?page_no=13376'>13376<\/a><\/li>\n\n\n\n<li><a href='?page_no=13377'>13377<\/a><\/li>\n\n\n\n<li class='active'><a>13378<\/a><\/li>\n\n\n\n<li><a href='?page_no=13379'>13379<\/a><\/li>\n\n\n\n<li><a href='?page_no=13380'>13380<\/a><\/li>\n\n\n\n<li><a>...<\/a><\/li>\n\n\n\n<li><a href='?page_no=13611'>13611<\/a><\/li>\n\n\n\n<li><a href='?page_no=13612'>13612<\/a><\/li>\n\n    \n\t\n\n<li >\n\t<a href='?page_no=13379'>Next<\/a>\n\t<\/li>\n\n\n    \n\n<li><a href='?page_no=13612'>Last &rsaquo;&rsaquo;<\/a><\/li>\n\n<\/ul>\n\n\n--><br \/>\n<\/body><\/p>\n","protected":false},"excerpt":{"rendered":"<p>Nos hemos reformado? &#13; Lizzie Gonz\u00e1lez &#13; Se acerca la fecha en que tomaremos un merecido descanso de la ley seca y me pasan tantas preguntas por la cabeza&#8230;nos hemos reformado? Ser\u00e1n las calles peque\u00f1as muestras de Sodoma? Militarizaran las esquinas de tal manera que ser\u00e1 mejor quedarnos en casa? Estas navidades tendremos m\u00e1s muertos [&hellip;]<\/p>\n","protected":false},"author":3,"featured_media":0,"comment_status":"open","ping_status":"open","sticky":false,"template":"","format":"standard","meta":{"footnotes":""},"categories":[16],"tags":[],"class_list":["post-37634","post","type-post","status-publish","format-standard","hentry","category-opiniones"],"_links":{"self":[{"href":"https:\/\/diariodominicano.com\/index.php?rest_route=\/wp\/v2\/posts\/37634","targetHints":{"allow":["GET"]}}],"collection":[{"href":"https:\/\/diariodominicano.com\/index.php?rest_route=\/wp\/v2\/posts"}],"about":[{"href":"https:\/\/diariodominicano.com\/index.php?rest_route=\/wp\/v2\/types\/post"}],"author":[{"embeddable":true,"href":"https:\/\/diariodominicano.com\/index.php?rest_route=\/wp\/v2\/users\/3"}],"replies":[{"embeddable":true,"href":"https:\/\/diariodominicano.com\/index.php?rest_route=%2Fwp%2Fv2%2Fcomments&post=37634"}],"version-history":[{"count":0,"href":"https:\/\/diariodominicano.com\/index.php?rest_route=\/wp\/v2\/posts\/37634\/revisions"}],"wp:attachment":[{"href":"https:\/\/diariodominicano.com\/index.php?rest_route=%2Fwp%2Fv2%2Fmedia&parent=37634"}],"wp:term":[{"taxonomy":"category","embeddable":true,"href":"https:\/\/diariodominicano.com\/index.php?rest_route=%2Fwp%2Fv2%2Fcategories&post=37634"},{"taxonomy":"post_tag","embeddable":true,"href":"https:\/\/diariodominicano.com\/index.php?rest_route=%2Fwp%2Fv2%2Ftags&post=37634"}],"curies":[{"name":"wp","href":"https:\/\/api.w.org\/{rel}","templated":true}]}}