{"id":37631,"date":"2006-12-11T14:25:38","date_gmt":"2006-12-11T14:25:38","guid":{"rendered":"http:\/\/diariodominicano.ddns.net\/?p=37631"},"modified":"2006-12-11T14:25:38","modified_gmt":"2006-12-11T14:25:38","slug":"pinochet-sin-honores","status":"publish","type":"post","link":"https:\/\/diariodominicano.com\/?p=37631","title":{"rendered":"Pinochet sin Honores"},"content":{"rendered":"<p><body><\/p>\n<p align=\"center\"><span class=\"titulogrande1\"><strong>Pinochet sin Honores<\/strong><\/span><strong><br \/>&#13;<br \/>\n  <br \/>&#13;<br \/>\n<\/strong><strong class=\"textogrande\">Por  Hector J. Peniche<\/strong><\/p>\n<p>&#13;<\/p>\n<p align=\"justify\"><strong>New Jersey.-<\/strong><span class=\"text1noticias\">Nunca pens\u00e9, que  despu\u00e9s de treinta a\u00f1os de haber escrito un art\u00edculo sobre Augusto Pinochet,  que los diarios italianos destacaban ampliamente por la aparente similitud de  mi apellido con la del ex dictador, podr\u00eda escribir de nuevo sobre este  personaje de la triste historia de Chile. Esta vez no es para denunciar los  horrores de la ya desaparecida dictadura, sino para otra cosa. Pues, ya la familia  del ex dictad. Seria una violencia y un contra sentido que el gobierno chileno  le rinda honores al ex dictador chileno autor de muertes y torturas de miles de  chilenos incluyendo a su presidente al socialista Salvador Allende.<\/span><\/p>\n<p>&#13;<\/p>\n<p align=\"justify\" class=\"text1noticias\">Creo que el pueblo chileno le  agradecer\u00eda al gobierno que acepte la voluntad de los familiares del ex  dictador, pues, el hijo menor de Pinochet, Marco Antonio Pinochet Hirart, ha  dicho que su familia desea un funeral privado, sin honores del Gobierno. Ha  dicho, adem\u00e1s, \u201cnosotros no tenemos ning\u00fan inter\u00e9s en que participe el Gobierno  en el funeral de mi padre, menos este gobierno que es de izquierda\u201d.<\/p>\n<p>&#13;<\/p>\n<p align=\"justify\" class=\"text1noticias\">Lo mejor que le puede suceder al  gobierno chileno es\u00a0 aceptar la voluntad  de la familia del ex dictador Pinochet, pues, as\u00ed, no tiene que estar obligado  a rendirle honores por el solo hecho de cumplir con la tradici\u00f3n de que \u00a0a todos los jefes del Ej\u00e9rcito, les  corresponde los honores militares despu\u00e9s de fallecidos, sin importar \u00a0la trayectoria del personaje.<\/p>\n<p>&#13;<\/p>\n<p align=\"justify\" class=\"text1noticias\">El ex dictador Pinochet muri\u00f3 con  causas judiciales abiertas, en su contra en los tribunales chilenos, por su  participaci\u00f3n en muerte y desaparici\u00f3n de miles de chilenos, espa\u00f1oles,  argentinos y tambi\u00e9n, aunque no se ha presentado cargos, por ello, por la  muerte de un joven dominicano Andr\u00e9s Blanco, hijo del abogado Andr\u00e9s Blanco  Fern\u00e1ndez. \u00a0Se esperaba una sentencia  condenatoria contra el ex dictador.<\/p>\n<p>&#13;<\/p>\n<p align=\"justify\" class=\"text1noticias\">Por lo menos, la presidente  chilena Michelle Bachelet, ha dicho con mucha responsabilidad que los chilenos  se sentir\u00edan violentados si Pinochet  recibe honores durante su funeral. El ex dictador esta procesado por menos de  los delitos que cometi\u00f3, no merece honores en su muerte, pues, como siempre se ha dicho  honor a quien honor merece y \u00e9l no lo merece.<\/p>\n<p>&#13;<\/p>\n<p align=\"justify\" class=\"text1noticias\">A la hora en que el autor vuelve  a escribir del tema, el \u00a0ex dictador Augusto  Pinochet ya no existe en la patria de Salvador Allende, y se cumplir\u00e1 lo  expresado por la presidenta chilena de que \u00e9ste no recibir\u00e1 los honores de un  ex Jefe de Estado sino como ex jefe del ej\u00e9rcito de Chile, adem\u00e1s que ella no  asistir\u00e1 a los funerales, ya que \u00a0lo har\u00e1  la ministro de defensa de ese pa\u00eds.<\/p>\n<p>&#13;<\/p>\n<p align=\"justify\" class=\"text1noticias\"><strong>Hector J. Peniche es un periodista y abogado residente en el estado de New  Jersey.<\/strong><\/p>\n<p>&#13;<\/p>\n<h6> 2006-12-11 14:25:38 <\/h6>\n<p><!--\n<link rel=\"stylesheet\" href=\"css\/bootstrap.min.css\">\n\n\n<ul class=\"pagination\">\n\t    \n\t\n\n<li >\n\t<a href='?page_no=13374'>Previous<\/a>\n\t<\/li>\n\n\n       \n    \n\n<li><a href='?page_no=1'>1<\/a><\/li>\n\n\n\n<li><a href='?page_no=2'>2<\/a><\/li>\n\n\n\n<li><a>...<\/a><\/li>\n\n\n\n<li><a href='?page_no=13373'>13373<\/a><\/li>\n\n\n\n<li><a href='?page_no=13374'>13374<\/a><\/li>\n\n\n\n<li class='active'><a>13375<\/a><\/li>\n\n\n\n<li><a href='?page_no=13376'>13376<\/a><\/li>\n\n\n\n<li><a href='?page_no=13377'>13377<\/a><\/li>\n\n\n\n<li><a>...<\/a><\/li>\n\n\n\n<li><a href='?page_no=13611'>13611<\/a><\/li>\n\n\n\n<li><a href='?page_no=13612'>13612<\/a><\/li>\n\n    \n\t\n\n<li >\n\t<a href='?page_no=13376'>Next<\/a>\n\t<\/li>\n\n\n    \n\n<li><a href='?page_no=13612'>Last &rsaquo;&rsaquo;<\/a><\/li>\n\n<\/ul>\n\n\n--><br \/>\n<\/body><\/p>\n","protected":false},"excerpt":{"rendered":"<p>Pinochet sin Honores&#13; &#13; Por Hector J. Peniche &#13; New Jersey.-Nunca pens\u00e9, que despu\u00e9s de treinta a\u00f1os de haber escrito un art\u00edculo sobre Augusto Pinochet, que los diarios italianos destacaban ampliamente por la aparente similitud de mi apellido con la del ex dictador, podr\u00eda escribir de nuevo sobre este personaje de la triste historia de [&hellip;]<\/p>\n","protected":false},"author":3,"featured_media":0,"comment_status":"open","ping_status":"open","sticky":false,"template":"","format":"standard","meta":{"footnotes":""},"categories":[16],"tags":[],"class_list":["post-37631","post","type-post","status-publish","format-standard","hentry","category-opiniones"],"_links":{"self":[{"href":"https:\/\/diariodominicano.com\/index.php?rest_route=\/wp\/v2\/posts\/37631","targetHints":{"allow":["GET"]}}],"collection":[{"href":"https:\/\/diariodominicano.com\/index.php?rest_route=\/wp\/v2\/posts"}],"about":[{"href":"https:\/\/diariodominicano.com\/index.php?rest_route=\/wp\/v2\/types\/post"}],"author":[{"embeddable":true,"href":"https:\/\/diariodominicano.com\/index.php?rest_route=\/wp\/v2\/users\/3"}],"replies":[{"embeddable":true,"href":"https:\/\/diariodominicano.com\/index.php?rest_route=%2Fwp%2Fv2%2Fcomments&post=37631"}],"version-history":[{"count":0,"href":"https:\/\/diariodominicano.com\/index.php?rest_route=\/wp\/v2\/posts\/37631\/revisions"}],"wp:attachment":[{"href":"https:\/\/diariodominicano.com\/index.php?rest_route=%2Fwp%2Fv2%2Fmedia&parent=37631"}],"wp:term":[{"taxonomy":"category","embeddable":true,"href":"https:\/\/diariodominicano.com\/index.php?rest_route=%2Fwp%2Fv2%2Fcategories&post=37631"},{"taxonomy":"post_tag","embeddable":true,"href":"https:\/\/diariodominicano.com\/index.php?rest_route=%2Fwp%2Fv2%2Ftags&post=37631"}],"curies":[{"name":"wp","href":"https:\/\/api.w.org\/{rel}","templated":true}]}}