{"id":37627,"date":"2006-12-12T15:16:53","date_gmt":"2006-12-12T15:16:53","guid":{"rendered":"http:\/\/diariodominicano.ddns.net\/?p=37627"},"modified":"2006-12-12T15:16:53","modified_gmt":"2006-12-12T15:16:53","slug":"comentarios-de-medios-6","status":"publish","type":"post","link":"https:\/\/diariodominicano.com\/?p=37627","title":{"rendered":"Comentarios de Medios"},"content":{"rendered":"<p><body><\/p>\n<p align=\"right\"><strong><img loading=\"lazy\" decoding=\"async\" width=\"67\" height=\"36\" src=\"http:\/\/10.0.0.82:8080\/formato_clip_image002_0030.gif\" \/><\/strong><br \/>&#13;<br \/>\n    <strong><img loading=\"lazy\" decoding=\"async\" width=\"177\" height=\"33\" src=\"http:\/\/10.0.0.82:8080\/formato_clip_image004_0009.gif\" \/><\/strong><\/p>\n<p>&#13;<\/p>\n<p align=\"right\"><strong><em>Comentarios de Medios<br \/>&#13;<br \/>\n  <\/em><\/strong><br \/>&#13;<br \/>\n  <em>11 de Diciembre, 2006.<\/em><\/p>\n<p>&#13;<\/p>\n<p align=\"right\"><strong><em>\u201cSu  represi\u00f3n a la disidencia convirti\u00f3 a su nombre <\/em><\/strong><br \/>&#13;<br \/>\n    <strong><em>en  sin\u00f3nimo de terrorismo de Estado\u201d<br \/>&#13;<br \/>\n    <\/em><\/strong><br \/>&#13;<br \/>\n    <em>(Agencia AP \u2013 \u201cSin rendir cuentas, muri\u00f3 Pinochet).<\/em><\/p>\n<p>&#13;<\/p>\n<p>\u00a0<\/p>\n<p>&#13;<\/p>\n<h2 class=\"text1noticias\"><strong>CINCO PARA UN LUNES ONCE<br \/>&#13;<br \/>\n  <br \/>&#13;<br \/>\n<\/strong><strong>Contra el hurto de los clientes y  el hurto contra los clientes;<\/strong><\/h2>\n<p>&#13;<\/p>\n<h2 class=\"text1noticias\"><strong>Pinochet: La muerte le gan\u00f3 a la  justicia;<\/strong><\/h2>\n<p>&#13;<\/p>\n<h2 class=\"text1noticias\"><strong>\u00bfQui\u00e9nes son los responsables,  General?;<\/strong><\/h2>\n<p>&#13;<\/p>\n<h2 class=\"text1noticias\"><strong>El \u00fanico bien imprescindible es  la educaci\u00f3n;<\/strong><\/h2>\n<p>&#13;<\/p>\n<h2 class=\"text1noticias\"><strong>El descuido\u2026. O una democracia  indeseada.<\/strong><\/h2>\n<p>&#13;<\/p>\n<p align=\"justify\"><strong>UNO<\/strong><br \/>&#13;<br \/>\n    <br \/>&#13;<br \/>\n    <span class=\"text1noticias\">Resolver el hurto  de los clientes es insuficiente<\/span><\/p>\n<p>&#13;<\/p>\n<p align=\"justify\" class=\"text1noticias\">Acertado el  comentario de <strong>Jos\u00e9  Antonio Vaderhorst Silverio<\/strong>. Quienes conducen y se benefician del  problem\u00e1tico sector el\u00e9ctrico, parecen sentirse complacidos con la iniciativa  del Poder Ejecutivo de someter al Congreso cambios importantes a la Ley General de  Electricidad. Uno de ellos es para resolver el problema del hurto que realizan  los clientes.<br \/>&#13;<br \/>\n  <br \/>&#13;<br \/>\n  Vanderhorst  nos dice que \u201cresolver el hurto de los clientes es absolutamente necesario,  pero lamentablemente insuficiente. El hurto tiene dos  vertientes: el hurto de los clientes y el hurto del sector el\u00e9ctrico a los  clientes\u201d.<br \/>&#13;<br \/>\n  <br \/>&#13;<br \/>\n  Y a\u00f1ade: \u201cEl  hurto a los clientes es tan importante como el de los clientes. Sin embargo, la estrategia del gobierno parece estar dise\u00f1ada para  resolver primero el hurto de los clientes, posponiendo quien sabe para cuando  el segundo. Los afectados deben tener esto bien presente y exigir sus  derechos\u201d (Jos\u00e9 Antonio Vanderhorst Silverio \u2013 GMH).<\/p>\n<p>&#13;<\/p>\n<div> <\/div>\n<p>&#13;<\/p>\n<p align=\"justify\" class=\"text1noticias\"><strong>\u00a0<\/strong><\/p>\n<p>&#13;<\/p>\n<p align=\"justify\" class=\"text1noticias\"><strong>DOS<br \/>&#13;<br \/>\n  <\/strong><br \/>&#13;<br \/>\n  Pinochet: La muerte  le gan\u00f3 a la justicia<\/p>\n<p>&#13;<\/p>\n<p align=\"justify\" class=\"text1noticias\">El escritor uruguayo <strong>Mario Benedetti <\/strong>dijo que en el caso de Augusto Pinochet \u00abla muerte  le gan\u00f3 a la justicia\u201d. \u00abEs la muerte de un dictador que fue muy cruel con  una parte de su pueblo. En este caso la muerte le gan\u00f3 a la justicia\u00bb,  afirm\u00f3 Benedetti a Efe en referencia al proceso judicial que afrontaba Pinochet  por asesinatos y violaciones a los derechos humanos durante su r\u00e9gimen.<br \/>&#13;<br \/>\n  <br \/>&#13;<br \/>\n  Aqu\u00ed en RD cabe una pregunta: \u00bfQu\u00e9 le gana a la justicia?<\/p>\n<p>&#13;<\/p>\n<div> <\/div>\n<p>&#13;<\/p>\n<p align=\"justify\">\u00a0<\/p>\n<p>&#13;<\/p>\n<p align=\"justify\" class=\"text1noticias\"><strong>TRES<br \/>&#13;<br \/>\n  <\/strong><br \/>&#13;<br \/>\n  Estado d\u00e9bil,  fallido, postrado y fu\u00f1ido\u2026 \u00bfqui\u00e9nes son los responsables, General?<\/p>\n<p>&#13;<\/p>\n<p align=\"justify\" class=\"text1noticias\"><strong>Jos\u00e9 Miguel Soto  Jim\u00e9nez<\/strong>, Exsecretario de las Fuerzas Armadas, sentencia: \u00abEl  Estado est\u00e1 d\u00e9bil, est\u00e1 fallido, postrado y fu\u00f1ido, y ha \u00a0llegado a esta  calamitosa situaci\u00f3n, no de manera fortuita, ni providencial, sino porque ha  sido llevado a esto, en la medida que se han menguado a prop\u00f3sito sus atributos\u00bb  (Jos\u00e9 Miguel Soto Jim\u00e9nez).<br \/>&#13;<br \/>\n  <br \/>&#13;<br \/>\n  Un Estado que  no ha cumplido ni pretende cumplir con sus prop\u00f3sitos de bienestar para la  sociedad\u2026 pero la pregunta es: \u00bfQui\u00e9nes son los  responsable, General?<\/p>\n<p>&#13;<\/p>\n<div> <\/div>\n<p>&#13;<\/p>\n<p align=\"justify\">\u00a0<\/p>\n<p>&#13;<\/p>\n<p align=\"justify\" class=\"text1noticias\"><strong>CUATRO<br \/>&#13;<br \/>\n  <\/strong><br \/>&#13;<br \/>\n  El \u00fanico bien  imprescindible es la educaci\u00f3n<\/p>\n<p>&#13;<\/p>\n<p align=\"justify\" class=\"text1noticias\">Si un pa\u00eds quiere salir del atraso, el \u00fanico bien  imprescindible es la educaci\u00f3n, nos dec\u00eda hace unos d\u00edas Fabeka Lebr\u00f3n,  rectora de Barna, escuela de negocios del pa\u00eds.<br \/>&#13;<br \/>\n  <br \/>&#13;<br \/>\n  En ese  sentido, tienen raz\u00f3n <strong>los rectores de universidades <\/strong>solicitaron al presidente  Leonel Fern\u00e1ndez y al Congreso dar la prioridad necesaria al sector educativo  dentro del presupuesto de 2007 y quienes solicitaron que se cumpla las leyes 66-97  y 139-01 de Educaci\u00f3n y Educaci\u00f3n Superior que establecen que en el presupuesto  de la naci\u00f3n deber\u00e1n consignarse un m\u00ednimo de un 16 por ciento para educaci\u00f3n o  un cuatro por ciento del Producto Interno Bruto.<br \/>&#13;<br \/>\n  <br \/>&#13;<br \/>\n\u00abSin una  educaci\u00f3n de calidad es imposible formar los recursos humanos calificados para  atender las demandas de la globalizaci\u00f3n econ\u00f3mica y de la equidad  social\u00bb, expresaron (Diario   Libre \u2013 11 de diciembre de 2006).<\/p>\n<p>&#13;<\/p>\n<div> <\/div>\n<p>&#13;<\/p>\n<p align=\"justify\">\u00a0<\/p>\n<p>&#13;<\/p>\n<p align=\"justify\" class=\"text1noticias\"><strong>CINCO<br \/>&#13;<br \/>\n  <\/strong><br \/>&#13;<br \/>\n  El descuido\u2026 o una  democracia indeseada<\/p>\n<p>&#13;<\/p>\n<p align=\"justify\" class=\"text1noticias\">Dice mucho el editorial de Diario Libre del d\u00eda de  hoy. Y dice por si solo: <br \/>&#13;<br \/>\n  <br \/>&#13;<br \/>\n    <em>\u201cLa misi\u00f3n de legisladores de los Estados  Unidos que nos visita, ha dicho con raz\u00f3n, que el gobierno dominicano ha  descuidado los bateyes. <\/em><br \/>&#13;<br \/>\n    <br \/>&#13;<br \/>\n    <em>Hay que reconocer de entrada, que el  gobierno ha sido muy democr\u00e1tico en este punto, pues no solo ha descuidado los  bateyes sino que tambi\u00e9n ha descuidado las ciudades, los campos, las calles,  los callejones, el medio ambiente, los r\u00edos, los arroyos, los recursos  naturales, las cloacas, los sistemas sanitarios, las monta\u00f1as, las playas, los  valles, la agricultura, la pecuaria, la salud, los hospitales, la educaci\u00f3n, la  alfabetizaci\u00f3n, la seguridad ciudadana, la frontera con Hait\u00ed, nuestras  fronteras y costas, el cumplimiento de la ley, las fuerzas armadas, el  tr\u00e1nsito, la energ\u00eda el\u00e9ctrica, y la lista se hace interminable.<\/em><br \/>&#13;<br \/>\n    <br \/>&#13;<br \/>\n    <em>Suerte que los bateyes tienen quien los defienda <\/em>(Diario Libre  \u2013 11 de diciembre de 2006).<\/p>\n<p>&#13;<\/p>\n<div> <\/div>\n<p>&#13;<\/p>\n<p align=\"justify\">\u00a0<\/p>\n<p>&#13;<\/p>\n<p align=\"justify\" class=\"text1noticias\">Milton Tejada C.<br \/>&#13;<br \/>\n    <br \/>&#13;<br \/>\n    <a href=\"mailto:tejadamilton@yahoo.com\">tejadamilton@yahoo.com<\/a><\/p>\n<p>&#13;<\/p>\n<h6> 2006-12-12 15:16:53 <\/h6>\n<p><!--\n<link rel=\"stylesheet\" href=\"css\/bootstrap.min.css\">\n\n\n<ul class=\"pagination\">\n\t    \n\t\n\n<li >\n\t<a href='?page_no=13370'>Previous<\/a>\n\t<\/li>\n\n\n       \n    \n\n<li><a href='?page_no=1'>1<\/a><\/li>\n\n\n\n<li><a href='?page_no=2'>2<\/a><\/li>\n\n\n\n<li><a>...<\/a><\/li>\n\n\n\n<li><a href='?page_no=13369'>13369<\/a><\/li>\n\n\n\n<li><a href='?page_no=13370'>13370<\/a><\/li>\n\n\n\n<li class='active'><a>13371<\/a><\/li>\n\n\n\n<li><a href='?page_no=13372'>13372<\/a><\/li>\n\n\n\n<li><a href='?page_no=13373'>13373<\/a><\/li>\n\n\n\n<li><a>...<\/a><\/li>\n\n\n\n<li><a href='?page_no=13611'>13611<\/a><\/li>\n\n\n\n<li><a href='?page_no=13612'>13612<\/a><\/li>\n\n    \n\t\n\n<li >\n\t<a href='?page_no=13372'>Next<\/a>\n\t<\/li>\n\n\n    \n\n<li><a href='?page_no=13612'>Last &rsaquo;&rsaquo;<\/a><\/li>\n\n<\/ul>\n\n\n--><br \/>\n<\/body><\/p>\n","protected":false},"excerpt":{"rendered":"<p>&#13; &#13; Comentarios de Medios&#13; &#13; 11 de Diciembre, 2006. &#13; \u201cSu represi\u00f3n a la disidencia convirti\u00f3 a su nombre &#13; en sin\u00f3nimo de terrorismo de Estado\u201d&#13; &#13; (Agencia AP \u2013 \u201cSin rendir cuentas, muri\u00f3 Pinochet). &#13; \u00a0 &#13; CINCO PARA UN LUNES ONCE&#13; &#13; Contra el hurto de los clientes y el hurto contra [&hellip;]<\/p>\n","protected":false},"author":3,"featured_media":0,"comment_status":"open","ping_status":"open","sticky":false,"template":"","format":"standard","meta":{"footnotes":""},"categories":[16],"tags":[],"class_list":["post-37627","post","type-post","status-publish","format-standard","hentry","category-opiniones"],"_links":{"self":[{"href":"https:\/\/diariodominicano.com\/index.php?rest_route=\/wp\/v2\/posts\/37627","targetHints":{"allow":["GET"]}}],"collection":[{"href":"https:\/\/diariodominicano.com\/index.php?rest_route=\/wp\/v2\/posts"}],"about":[{"href":"https:\/\/diariodominicano.com\/index.php?rest_route=\/wp\/v2\/types\/post"}],"author":[{"embeddable":true,"href":"https:\/\/diariodominicano.com\/index.php?rest_route=\/wp\/v2\/users\/3"}],"replies":[{"embeddable":true,"href":"https:\/\/diariodominicano.com\/index.php?rest_route=%2Fwp%2Fv2%2Fcomments&post=37627"}],"version-history":[{"count":0,"href":"https:\/\/diariodominicano.com\/index.php?rest_route=\/wp\/v2\/posts\/37627\/revisions"}],"wp:attachment":[{"href":"https:\/\/diariodominicano.com\/index.php?rest_route=%2Fwp%2Fv2%2Fmedia&parent=37627"}],"wp:term":[{"taxonomy":"category","embeddable":true,"href":"https:\/\/diariodominicano.com\/index.php?rest_route=%2Fwp%2Fv2%2Fcategories&post=37627"},{"taxonomy":"post_tag","embeddable":true,"href":"https:\/\/diariodominicano.com\/index.php?rest_route=%2Fwp%2Fv2%2Ftags&post=37627"}],"curies":[{"name":"wp","href":"https:\/\/api.w.org\/{rel}","templated":true}]}}