{"id":37624,"date":"2006-12-13T13:22:08","date_gmt":"2006-12-13T13:22:08","guid":{"rendered":"http:\/\/diariodominicano.ddns.net\/?p=37624"},"modified":"2006-12-13T13:22:08","modified_gmt":"2006-12-13T13:22:08","slug":"las-principales-en-teledebate-149","status":"publish","type":"post","link":"https:\/\/diariodominicano.com\/?p=37624","title":{"rendered":"LAS PRINCIPALES EN TELEDEBATE"},"content":{"rendered":"<p><body><\/p>\n<p><span class=\"titulogrande1\">LAS PRINCIPALES EN TELEDEBATE<\/span><br \/>&#13;<br \/>\n  <br \/>&#13;<br \/>\n    <span class=\"textogrande\">Lunes 11,12,06<\/span><\/p>\n<p>&#13;<\/p>\n<p align=\"justify\" class=\"text1noticias\">\u00bfIMPUESTO A LOS ALQUILERESD? La imposici\u00f3n de un nuevo  impuesto de un 10 porcientos a los alquileres en adici\u00f2n al pago del ITBIS, tal  como plantea la rectificaci\u00f3n fiscal,\u00a0  incrementar\u00eca los mismos en un 26 porciento en perjuicio de sectores  medios y bajos de la poblaci\u00f3n que no poseen vivienda propia.\u00a0 Porque est\u00e0 m\u00e0s all\u00e0 de toda duda que ser\u00e0n  los inquilinos y no los propietarios los que tendr\u00e0n que cargar con el mismo.<\/p>\n<p>&#13;<\/p>\n<p align=\"justify\" class=\"text1noticias\">A VISTAS PUBLICAS. El Senado abrir\u00e0 a vistas p\u00f9blicas el  proyecto de rectificaci\u00f3n fiscal enviado por el Poder Ejecutivo. Es el  procedimiento correcto para escuchar las opiniones de los diferentes sectores  que pudieran resultar afectados y una forma de respetar y fortalecer la  institucionalidad. Hay aspectos del proyecto que resulta aconsejable revisar y  estudiara fondo.<\/p>\n<p>&#13;<\/p>\n<p align=\"justify\" class=\"text1noticias\">LA   FRONTERA. Las empresas, legisladores, autoridades locales y  comunidades fronterizos est\u00e0n chivos con la eliminaci\u00f3n de facilidades  otorgadas por la ley de desarrollo de la regi\u00f3n incluida en la rectificaci\u00f3n  fiscal. Es obvio que de aprobarse, las poblaciones de la frontera volver\u00e1n a  caer en un peligroso estado de inopia, continuar\u00e0 despobl\u00e1ndose de dominicanos  y convirti\u00e9ndose de hecho en parte de Hait\u00ed.<\/p>\n<p>&#13;<\/p>\n<p align=\"justify\" class=\"text1noticias\">REACCION TARDIA. Al fin la Secretar\u00eca de Salud  P\u00f9blica reacciona a los reiterados reclamos de poner freno a la publicidad  desmedida y la venta libre de estimulantes sexuales, ante el riesgo potencial  que en el tiempo\u00a0 puede significar su uso  y abuso sin el debido control m\u00e8dico.\u00a0  Seg\u00fan la autoridad sanitaria,\u00a0 a  partir de Enero se tomar\u00e0n medidas regulatorias.\u00a0 Aunque mucho han demorado,\u00a0 m\u00e0s vale tarde que nunca.<\/p>\n<p>&#13;<\/p>\n<p align=\"justify\" class=\"text1noticias\">ACOSO SEXUAL. La Asociaci\u00f3n Dominicana  de Profesores intervendr\u00e0 frente a las reiteradas denuncias de acoso sexual por  parte de algunos profesores en escuelas y liceos, tanto p\u00fablicos como  privados.\u00a0 \u00bfPero no le corresponde actuar  de preferencia en este caso tan grave a la Secretar\u00eca de Estado de  Educaci\u00f3n?\u00a0 Procede investigar y en los  casos comprobados actuar sin contemplaciones: cancelaci\u00f3n y sometimiento a la Justicia.<\/p>\n<p>&#13;<\/p>\n<p align=\"justify\" class=\"text1noticias\">FALLOS DEBILES. Hablando de abusos contra mujeres, muy  en\u00e9rgica y precisa la denuncia del Procurador General de la Rep\u00f9blica quej\u00e1ndose de  que los agresores reciben fallos muy benignos en los tribunales, pese a que la  ley franquea la posibilidad de que las sentencias sean m\u00e0s en\u00e9rgicas. El  se\u00f1alamiento es grave y amerita la intervenci\u00f2n de la Suprema Corte.\u00a0 A los feminicidas y abusadores hay que  hacerles sentir todo el peso de la   Justicia.<\/p>\n<p>&#13;<\/p>\n<p align=\"justify\" class=\"text1noticias\">MILES DE DENUNCIAS.\u00a0  La denuncia del Procurador es tanto m\u00e0s oportuna, por cuanto el Fiscal  del Distrito revela que en sus 13 fiscal\u00ecas barriales en lo que va de a\u00f1o se  han presentado\u00a0 23 mil 886 querellas,  entre ellas una gran cantidad por violencia contra la mujer y reclamo de  pensiones.\u00a0 Esto sin contar el  n\u00f9mero\u00a0 mayor de quienes no se atreven a  denunciar a sus compa\u00f1eros o ex compa\u00f1eros abusadores por temor a represalias.<\/p>\n<p>&#13;<\/p>\n<p align=\"justify\" class=\"text1noticias\">CON GRAN DIGNIDAD. Vale reconocer que el Canciller se ha  manejado con mucha dignidad y energ\u00eda en el escabroso tema de la inmigraci\u00f3n  ilegal haitiana al fijar la postura del pa\u00ecs y hacer reserva de nuestra  sobern\u00eca.\u00a0 Muy acertado tambi\u00e8n su  reclamo al gobierno norteamericano para que acuda en ayuda de Hait\u00ed.\u00a0 All\u00ec el problema es de trabajo, pobreza,  medio ambiente, salud y educaci\u00f3n y no solo de soldados de la ONU.<\/p>\n<p>&#13;<\/p>\n<p align=\"justify\" class=\"text1noticias\">DELITOS ELECTR\u00d3NICOS.\u00a0  Hay que saludar la decisi\u00f2n de INDOTEL de motivar un proyecto de ley  sancionando los delitos electr\u00f3nicos.\u00a0  Los piratas del Internet no pueden seguir haciendo de las suyas  impunemente.\u00a0 En otro orden, la  instituci\u00f3n sigue dando cobertura de protecci\u00f2n a los usuarios telef\u00f3nicos  quejosos.\u00a0 Tan solo en los primeros 10  meses de este a\u00f1o ha recibido y atendido m\u00e0s de 15 mil denuncias.<\/p>\n<p>&#13;<\/p>\n<p align=\"justify\" class=\"text1noticias\">\u00a1QUE CELEBRACI\u00d3N! Ayer se celebr\u00f2 en Cuba el D\u00eca  Internacional de los Derechos Humanos empleando turberos gubernamentales para  reprimir a un grupo de disidentes que manifestaban pac\u00edficamente.\u00a0 Mientras tanto, el Comit\u00e8 Internacional de  Protecci\u00f2n a los Periodistas denuncia que los dos pa\u00ecses donde hay m\u00e0s  represi\u00f3n contra la prensa y mayor cantidad de periodistas presos son China con  31 y Cuba con 24.<\/p>\n<p>&#13;<\/p>\n<p align=\"justify\" class=\"text1noticias\">AQU\u00cd&#8230;Y TAMBIEN ALLA.\u00a0 El Banco Mundial tiene raz\u00f2n cuando destaca  el aporte de la inmigraci\u00f3n a la econom\u00eda del pa\u00ecs, en nuestro caso la  haitiana, al desempe\u00f1ar labores que rechazan los nativos.\u00a0 Vale se\u00f1alar que lo mismo ocurre en Estados  Unidos con los inmigrantes latinoamericanos y en todas las naciones  desarrolladas, en que los extranjeros realizan los trabajos m\u00e0s duros y menos  retribuidos que no hacen sus nacionales.<\/p>\n<p>&#13;<\/p>\n<p align=\"justify\" class=\"text1noticias\">AUGUSTO PINOCHET.\u00a0  Con la muerte de Augusto Pinochet va a la tumba un hombre de historia  ambivalente con un gran n\u00f9mero de seguidores y una mayor cantidad de  adversarios. Aunque nunca lleg\u00f2 a ser juzgado, los \u00faltimos a\u00f1os de su vida se  le convirtieron en un extenso y continuo calvario de acusaciones de asesinatos  y enriquecimiento il\u00edcito.\u00a0 <\/p>\n<p>&#13;<\/p>\n<p align=\"justify\" class=\"text1noticias\">DECISI\u00d3N PRUDENTE.\u00a0\u00a0  Sin dudas al historiar su nombre y actuaci\u00f3n, prevalecer\u00e0 el car\u00e1cter  sanguinario de su gobierno.\u00a0 Bien hizo la Presidenta Chilena  Michele Bachelet, obligada por ley a rendirle honores militares, al negarle en  cambio los correspondientes a un Jefe de Estado.\u00a0 Una decisi\u00f2n por dem\u00e0s inteligente para  evitar al pa\u00ecs tensiones y\u00a0  enfrentamientos innecesarios. <\/p>\n<p>&#13;<\/p>\n<h6> 2006-12-13 13:22:08 <\/h6>\n<p><!--\n<link rel=\"stylesheet\" href=\"css\/bootstrap.min.css\">\n\n\n<ul class=\"pagination\">\n\t    \n\t\n\n<li >\n\t<a href='?page_no=13368'>Previous<\/a>\n\t<\/li>\n\n\n       \n    \n\n<li><a href='?page_no=1'>1<\/a><\/li>\n\n\n\n<li><a href='?page_no=2'>2<\/a><\/li>\n\n\n\n<li><a>...<\/a><\/li>\n\n\n\n<li><a href='?page_no=13367'>13367<\/a><\/li>\n\n\n\n<li><a href='?page_no=13368'>13368<\/a><\/li>\n\n\n\n<li class='active'><a>13369<\/a><\/li>\n\n\n\n<li><a href='?page_no=13370'>13370<\/a><\/li>\n\n\n\n<li><a href='?page_no=13371'>13371<\/a><\/li>\n\n\n\n<li><a>...<\/a><\/li>\n\n\n\n<li><a href='?page_no=13611'>13611<\/a><\/li>\n\n\n\n<li><a href='?page_no=13612'>13612<\/a><\/li>\n\n    \n\t\n\n<li >\n\t<a href='?page_no=13370'>Next<\/a>\n\t<\/li>\n\n\n    \n\n<li><a href='?page_no=13612'>Last &rsaquo;&rsaquo;<\/a><\/li>\n\n<\/ul>\n\n\n--><br \/>\n<\/body><\/p>\n","protected":false},"excerpt":{"rendered":"<p>LAS PRINCIPALES EN TELEDEBATE&#13; &#13; Lunes 11,12,06 &#13; \u00bfIMPUESTO A LOS ALQUILERESD? La imposici\u00f3n de un nuevo impuesto de un 10 porcientos a los alquileres en adici\u00f2n al pago del ITBIS, tal como plantea la rectificaci\u00f3n fiscal,\u00a0 incrementar\u00eca los mismos en un 26 porciento en perjuicio de sectores medios y bajos de la poblaci\u00f3n que [&hellip;]<\/p>\n","protected":false},"author":3,"featured_media":0,"comment_status":"open","ping_status":"open","sticky":false,"template":"","format":"standard","meta":{"footnotes":""},"categories":[16],"tags":[],"class_list":["post-37624","post","type-post","status-publish","format-standard","hentry","category-opiniones"],"_links":{"self":[{"href":"https:\/\/diariodominicano.com\/index.php?rest_route=\/wp\/v2\/posts\/37624","targetHints":{"allow":["GET"]}}],"collection":[{"href":"https:\/\/diariodominicano.com\/index.php?rest_route=\/wp\/v2\/posts"}],"about":[{"href":"https:\/\/diariodominicano.com\/index.php?rest_route=\/wp\/v2\/types\/post"}],"author":[{"embeddable":true,"href":"https:\/\/diariodominicano.com\/index.php?rest_route=\/wp\/v2\/users\/3"}],"replies":[{"embeddable":true,"href":"https:\/\/diariodominicano.com\/index.php?rest_route=%2Fwp%2Fv2%2Fcomments&post=37624"}],"version-history":[{"count":0,"href":"https:\/\/diariodominicano.com\/index.php?rest_route=\/wp\/v2\/posts\/37624\/revisions"}],"wp:attachment":[{"href":"https:\/\/diariodominicano.com\/index.php?rest_route=%2Fwp%2Fv2%2Fmedia&parent=37624"}],"wp:term":[{"taxonomy":"category","embeddable":true,"href":"https:\/\/diariodominicano.com\/index.php?rest_route=%2Fwp%2Fv2%2Fcategories&post=37624"},{"taxonomy":"post_tag","embeddable":true,"href":"https:\/\/diariodominicano.com\/index.php?rest_route=%2Fwp%2Fv2%2Ftags&post=37624"}],"curies":[{"name":"wp","href":"https:\/\/api.w.org\/{rel}","templated":true}]}}