{"id":37621,"date":"2006-12-14T14:11:32","date_gmt":"2006-12-14T14:11:32","guid":{"rendered":"http:\/\/diariodominicano.ddns.net\/?p=37621"},"modified":"2006-12-14T14:11:32","modified_gmt":"2006-12-14T14:11:32","slug":"las-principales-en-teledebate-148","status":"publish","type":"post","link":"https:\/\/diariodominicano.com\/?p=37621","title":{"rendered":"LAS PRINCIPALES EN TELEDEBATE"},"content":{"rendered":"<p><body><\/p>\n<p align=\"center\"><span class=\"titulogrande1\">LAS PRINCIPALES EN TELEDEBATE<\/span><br \/>&#13;<br \/>\n  <br \/>&#13;<br \/>\n    <span class=\"textogrande\">Martes 12,12,06<\/span><\/p>\n<p>&#13;<\/p>\n<p align=\"justify\" class=\"text1noticias\">RECTIFICACI\u00d3N Y POSIBLE EXCLUSI\u00d3N. El proyecto de  rectificaci\u00f3n fiscal sigue recibiendo modificaciones.\u00a0 Ahora se aclara que fue un error la inclusi\u00f2n  en el mismo del transporte de carga, lo que hubiese constituido un factor  inflacionario sobre el costo de la vida.\u00a0  Por otra parte se deja abierta la posibilidad de excluir tambi\u00e8n las  limitaciones a la ley de desarrollo fronterizo y de fomento tur\u00edstico para la  frontera y polos deprimidos.\u00a0 <\/p>\n<p>&#13;<\/p>\n<p align=\"justify\" class=\"text1noticias\">MIENTRAS SEAN PARA ABAJO&#8230; Mientras las  modificaciones sean para abajo, ser\u00e0n bien recibidas por la ciudadan\u00eca que teme  con raz\u00f2n la forma en que el proyecto podr\u00e0 alterar su calidad de vida.\u00a0 Donde el equipo econ\u00f3mico oficial se muestra  inflexible es con el impuesto adicional a los combustibles as\u00ec como el monto  del proyecto que busca 17 mil 500 millones de pesos adicionales de  recaudaci\u00f3n.\u00a0 <\/p>\n<p>&#13;<\/p>\n<p align=\"justify\" class=\"text1noticias\">\u00bfACASO BASTA CON DECIRLO?\u00a0 Aj\u00e0, as\u00ec que ahora es que se descubre y  denuncia que Dato Centro recibi\u00f2 16 millones de d\u00f3lares para la automatizaci\u00f2n  del Registro Civil y otros trabajos diversos para la Junta Central  Electoral, sin haber cumplido su contrato.\u00a0  \u00bfY acaso con decirlo p\u00fablicamente basta? \u00bfSe present\u00f2 formalmente la  correspondiente reclamaci\u00f3n ante los tribunales o es que todo se va a quedar  como si no hubiese ocurrido nada?<\/p>\n<p>&#13;<\/p>\n<p align=\"justify\" class=\"text1noticias\">\u00a1CUANTOS CALIFICAN! Seg\u00fan la Superintendente de  la Seguridad Social,  Persia Alvarez, al presente hay 305 mil afiliados a la misma que califican para  obtener financiamiento con fines de adquirir vivienda propia.\u00a0 Viabilizarlo\u00a0  dinamizar\u00eca la econom\u00eda, impulsar\u00eca la industria de la construcci\u00f3n,  crear\u00eca muchas nuevas plazas de trabajo y har\u00eca realidad el sue\u00f1o de un techo  propio de todas esas familias. \u00bfQu\u00e8 raz\u00f2n impide que se haga?<\/p>\n<p>&#13;<\/p>\n<p align=\"justify\" class=\"text1noticias\">INVI: INVASORES DE VIVIENDAS. Precisamente hablando  de la vivienda, la   Administradora General de INVI, Alma Fern\u00e1ndez, revela que al  presente hay m\u00e0s de siete mil apartamentos a nivel nacional construidos por el  Estado que se encuentran invadidos por particulares.\u00a0 \u00bfY qu\u00e8 se piensa hacer en este caso?\u00a0 \u00bfAcaso dejar que estos invasores se  salgan\u00a0 con la suya o vamos a ir a la  recuperaci\u00f3n de esos inmuebles construidos con fondos del p\u00f9blico?<\/p>\n<p>&#13;<\/p>\n<p align=\"justify\" class=\"text1noticias\">FADUL: DURO Y CURVERO.\u00a0 El Secretario de Trabajo, Jos\u00e9 Ram\u00f3n Fadul,  baj\u00f2 duro y curvero para calificar la fugaz visita de un grupo de congresistas  norteamericanos que apenas visitaron un ingenio y dos bateyes, a los que acusa  de ser parte de una campa\u00f1a de descr\u00e9dito contra el pa\u00ecs y el sector azucarero.  No es el \u00f9nico que piensa as\u00ec.\u00a0 Otras  voces se han levantado desde distintos litorales para expresar opiniones  iguales y a\u00f9n m\u00e0s cr\u00ecticas.<\/p>\n<p>&#13;<\/p>\n<p align=\"justify\" class=\"text1noticias\">PERDIDA LAMENTABLE.\u00a0  Lamentable el inesperado deceso a edad muy temprana del m\u00e0s joven  general de la Polic\u00eca   Nacional, Osvaldo Hern\u00e1ndez Zambrano, quien hab\u00eca hecho una  meritoria carrera en la instituci\u00f3n.\u00a0 Su  muerte, debida a un derrame cerebral, priva al cuerpo uniformado de un oficial  de probada capacidad quien gozaba de gran aprecio.\u00a0 Descanse en paz.<\/p>\n<p>&#13;<\/p>\n<p align=\"justify\" class=\"text1noticias\">\u00a1CU\u00c1NTO AMOR!\u00a0\u00a0  En San Francisco de Macor\u00eds, una pareja de esposos con cincuenta y un  a\u00f1os de casados, quince hijos y 25 nietos acaba de fallecer de manera repentina  el mismo d\u00eca con apenas unos minutos de diferencia.\u00a0 Rafael Mart\u00ecnez Tejada y Julia Bonificacio  Conce son los protagonistas de lo que parece un episodio de novela  rom\u00e1ntica.\u00a0 Su epitafio bien pudiera  rezar: ni la muerte fue capaz de separarlos.<\/p>\n<p>&#13;<\/p>\n<p align=\"justify\" class=\"text1noticias\">MAS DURO AL NARCO.\u00a0  La voz del Fiscal del Distrito es otra de las que se une al coro de  quienes piden revisar y modificar el actual C\u00f3digo Procesal Penal. \u00a0El doctor Hern\u00e1ndez Peguero aboga por conceder  a los tribunales la prerrogativa de extender el plazo de prisi\u00f3n preventiva en  casos especiales.\u00a0 De manera espec\u00ecfica,  cita el narcotr\u00e1fico donde se han producido muchas libertades que los jueces  atribuyen a debilidad de los expedientes.<\/p>\n<p>&#13;<\/p>\n<p align=\"justify\" class=\"text1noticias\">ASI, \u00bfQUI\u00c9N SE REHABILITA? \u00bfC\u00f2mo?\u00a0 \u00bfQu\u00e9 245 presos han venido durmiendo en el  suelo en la c\u00e0rcel de La Vega?  \u00bfCu\u00e0ntos saben de tratar de cerrar los ojos y reposar la noche sobre la dureza  del piso?\u00a0 \u00bfQu\u00e8 tanto es posible que as\u00ec  se pretenda que los encarcelados puedan regenerarse y reincorporarse a la  sociedad con una mentalidad positiva en vez de con una carga de resentimientos  contra la sociedad y el sistema?<\/p>\n<p>&#13;<\/p>\n<p align=\"justify\" class=\"text1noticias\">EN DESQUITE.\u00a0  En desquite por la negativa del gobierno de Michelle Bachelet de  conceder al difunto Augusto Pinochet los honores p\u00f3stumos de jefe de Estado, el  hijo menor del controversial ex dictador chileno ha expresado su rechazo a que  representantes oficiales asistan al funeral de su padre.\u00a0 Mientras tanto, en Chile siguen polariz\u00e1ndose  las opiniones sobre \u00e8ste entre sus partidarios y sus detractores, con mayor\u00eca  de estos \u00faltimos.<\/p>\n<p>&#13;<\/p>\n<h6> 2006-12-14 14:11:32 <\/h6>\n<p><!--\n<link rel=\"stylesheet\" href=\"css\/bootstrap.min.css\">\n\n\n<ul class=\"pagination\">\n\t    \n\t\n\n<li >\n\t<a href='?page_no=13365'>Previous<\/a>\n\t<\/li>\n\n\n       \n    \n\n<li><a href='?page_no=1'>1<\/a><\/li>\n\n\n\n<li><a href='?page_no=2'>2<\/a><\/li>\n\n\n\n<li><a>...<\/a><\/li>\n\n\n\n<li><a href='?page_no=13364'>13364<\/a><\/li>\n\n\n\n<li><a href='?page_no=13365'>13365<\/a><\/li>\n\n\n\n<li class='active'><a>13366<\/a><\/li>\n\n\n\n<li><a href='?page_no=13367'>13367<\/a><\/li>\n\n\n\n<li><a href='?page_no=13368'>13368<\/a><\/li>\n\n\n\n<li><a>...<\/a><\/li>\n\n\n\n<li><a href='?page_no=13611'>13611<\/a><\/li>\n\n\n\n<li><a href='?page_no=13612'>13612<\/a><\/li>\n\n    \n\t\n\n<li >\n\t<a href='?page_no=13367'>Next<\/a>\n\t<\/li>\n\n\n    \n\n<li><a href='?page_no=13612'>Last &rsaquo;&rsaquo;<\/a><\/li>\n\n<\/ul>\n\n\n--><br \/>\n<\/body><\/p>\n","protected":false},"excerpt":{"rendered":"<p>LAS PRINCIPALES EN TELEDEBATE&#13; &#13; Martes 12,12,06 &#13; RECTIFICACI\u00d3N Y POSIBLE EXCLUSI\u00d3N. El proyecto de rectificaci\u00f3n fiscal sigue recibiendo modificaciones.\u00a0 Ahora se aclara que fue un error la inclusi\u00f2n en el mismo del transporte de carga, lo que hubiese constituido un factor inflacionario sobre el costo de la vida.\u00a0 Por otra parte se deja abierta [&hellip;]<\/p>\n","protected":false},"author":3,"featured_media":0,"comment_status":"open","ping_status":"open","sticky":false,"template":"","format":"standard","meta":{"footnotes":""},"categories":[16],"tags":[],"class_list":["post-37621","post","type-post","status-publish","format-standard","hentry","category-opiniones"],"_links":{"self":[{"href":"https:\/\/diariodominicano.com\/index.php?rest_route=\/wp\/v2\/posts\/37621","targetHints":{"allow":["GET"]}}],"collection":[{"href":"https:\/\/diariodominicano.com\/index.php?rest_route=\/wp\/v2\/posts"}],"about":[{"href":"https:\/\/diariodominicano.com\/index.php?rest_route=\/wp\/v2\/types\/post"}],"author":[{"embeddable":true,"href":"https:\/\/diariodominicano.com\/index.php?rest_route=\/wp\/v2\/users\/3"}],"replies":[{"embeddable":true,"href":"https:\/\/diariodominicano.com\/index.php?rest_route=%2Fwp%2Fv2%2Fcomments&post=37621"}],"version-history":[{"count":0,"href":"https:\/\/diariodominicano.com\/index.php?rest_route=\/wp\/v2\/posts\/37621\/revisions"}],"wp:attachment":[{"href":"https:\/\/diariodominicano.com\/index.php?rest_route=%2Fwp%2Fv2%2Fmedia&parent=37621"}],"wp:term":[{"taxonomy":"category","embeddable":true,"href":"https:\/\/diariodominicano.com\/index.php?rest_route=%2Fwp%2Fv2%2Fcategories&post=37621"},{"taxonomy":"post_tag","embeddable":true,"href":"https:\/\/diariodominicano.com\/index.php?rest_route=%2Fwp%2Fv2%2Ftags&post=37621"}],"curies":[{"name":"wp","href":"https:\/\/api.w.org\/{rel}","templated":true}]}}