{"id":37617,"date":"2006-12-14T14:34:31","date_gmt":"2006-12-14T14:34:31","guid":{"rendered":"http:\/\/diariodominicano.ddns.net\/?p=37617"},"modified":"2006-12-14T14:34:31","modified_gmt":"2006-12-14T14:34:31","slug":"el-congreso-y-los-partidos","status":"publish","type":"post","link":"https:\/\/diariodominicano.com\/?p=37617","title":{"rendered":"El Congreso y los Partidos"},"content":{"rendered":"<p><body><\/p>\n<p><span class=\"titulogrande1\">El Congreso y los Partidos\u00a0\u00a0\u00a0\u00a0\u00a0<\/span>\u00a0\u00a0\u00a0\u00a0\u00a0\u00a0\u00a0\u00a0\u00a0\u00a0\u00a0\u00a0\u00a0\u00a0\u00a0\u00a0\u00a0\u00a0\u00a0\u00a0\u00a0\u00a0\u00a0\u00a0\u00a0\u00a0\u00a0\u00a0 <\/p>\n<p>&#13;<\/p>\n<p><span class=\"textogrande\">Por Jos\u00e9 R. Mart\u00ednez<\/span><br \/>&#13;<br \/>\n  <br \/>&#13;<br \/>\n    <strong>Especial para DD<\/strong><\/p>\n<p>&#13;<\/p>\n<p align=\"justify\" class=\"text1noticias\">La verdad es que el di\u00e1logo y el entendimiento entre las  diferentes instancias pol\u00edticas, son los instrumentos claves\u00a0 para acordar\u00a0  medidas y acciones que propicien el inter\u00e9s colectivo.<\/p>\n<p>&#13;<\/p>\n<p align=\"justify\" class=\"text1noticias\">Esto es as\u00ed porque los puntos de vista contrapuestos, dentro  de sus respectivas \u00e1reas partidarias, no se deben\u00a0 asumir como obst\u00e1culos para llegar a acuerdos determinados por las prioridades que ahora  demanda la naci\u00f3n.<\/p>\n<p>&#13;<\/p>\n<p align=\"justify\" class=\"text1noticias\">Por ello, hay que saludar la reuni\u00f3n sostenida ayer por  representantes del equipo econ\u00f3mico del Gobierno y la Comisi\u00f3n de Finanzas y  Contratos del Senado, para tratar el proyecto de\u00a0 rectificaci\u00f3n fiscal\u00a0 sometido\u00a0al Congreso\u00a0 por el Poder  Ejecutivo.<\/p>\n<p>&#13;<\/p>\n<p align=\"justify\" class=\"text1noticias\">Los congresistas y los partidos all\u00ed representados, tienen  el gran reto de traducir sus encuentros en logros espec\u00edficos, que hagan  viable que las piezas en cuesti\u00f3n puedan ser estudiadas y aprobadas sin  dilaci\u00f3n por las c\u00e1maras legislativas.<\/p>\n<p>&#13;<\/p>\n<p align=\"justify\" class=\"text1noticias\">Por eso se deben asumir estas discusiones con naturalidad, y  hacer de ella una norma que les permitan\u00a0  enfrentar los retos y oportunidades que en el presente tiene la Republica dominicana.<\/p>\n<p>&#13;<\/p>\n<p align=\"justify\" class=\"text1noticias\">Es cierto que por su car\u00e1cter inicial,\u00a0 a\u00fan\u00a0 no  hubo acuerdos en la reuni\u00f3n de ayer, pero se sientan las bases para un ambiente de  colaboraci\u00f3n, y que\u00a0 los pr\u00f3ximos encuentros sean aprovechados\u00a0 con una l\u00f3gica de mayor\u00a0 entendimiento.<\/p>\n<p>&#13;<\/p>\n<p align=\"justify\" class=\"text1noticias\">El liderazgo pol\u00edtico debe reflexionar, porque para mantener  la estabilidad\u00a0 con crecimiento que ahora vive la econom\u00eda, el Estado  precisa de una adecuada sostenibilidad fiscal para dar respuestas a las  crecientes demandas sociales y solventar los compromisos de la deuda p\u00fablica.<\/p>\n<p>&#13;<\/p>\n<p align=\"justify\" class=\"text1noticias\">Por eso el pa\u00eds necesita del entendimiento del liderazgo  pol\u00edtico, representado en el Congreso, porque la disensi\u00f3n bien  entendida es un formidable instrumento que puede terminar en el consenso tan  necesario en nuestra sociedad.<\/p>\n<p>&#13;<\/p>\n<p align=\"justify\" class=\"text1noticias\">Cuando las instancias pol\u00edticas seden posiciones partidarias  para sumar esfuerzos en torno a las prioridades para salir adelante,  como pa\u00eds que ahora tiene que enfrentar, sin dilaci\u00f3n, nuevos desaf\u00edos  internos y externos.<\/p>\n<p>&#13;<\/p>\n<p align=\"justify\" class=\"text1noticias\">Lo cierto es que las organizaciones pol\u00edticas constituyen el  sost\u00e9n de apoyo congresual de los gobiernos y la articulaci\u00f3n legislativa de  la oposici\u00f3n que no busca sustituir al Congreso, sino ayudar a la  gobernabilidad de la naci\u00f3n.<\/p>\n<p>&#13;<\/p>\n<p align=\"justify\" class=\"text1noticias\">El autor es periodista<br \/>&#13;<br \/>\n  <br \/>&#13;<br \/>\n  <a href=\"http:\/\/webmail.diariodominicano.com\/src\/compose.php?send_to=jr_reyes_16%40hotmail.com\"><strong>jr_reyes_16@hotmail.com<\/strong><\/a><\/p>\n<p>&#13;<\/p>\n<h6> 2006-12-14 14:34:31 <\/h6>\n<p><!--\n<link rel=\"stylesheet\" href=\"css\/bootstrap.min.css\">\n\n\n<ul class=\"pagination\">\n\t    \n\t\n\n<li >\n\t<a href='?page_no=13361'>Previous<\/a>\n\t<\/li>\n\n\n       \n    \n\n<li><a href='?page_no=1'>1<\/a><\/li>\n\n\n\n<li><a href='?page_no=2'>2<\/a><\/li>\n\n\n\n<li><a>...<\/a><\/li>\n\n\n\n<li><a href='?page_no=13360'>13360<\/a><\/li>\n\n\n\n<li><a href='?page_no=13361'>13361<\/a><\/li>\n\n\n\n<li class='active'><a>13362<\/a><\/li>\n\n\n\n<li><a href='?page_no=13363'>13363<\/a><\/li>\n\n\n\n<li><a href='?page_no=13364'>13364<\/a><\/li>\n\n\n\n<li><a>...<\/a><\/li>\n\n\n\n<li><a href='?page_no=13611'>13611<\/a><\/li>\n\n\n\n<li><a href='?page_no=13612'>13612<\/a><\/li>\n\n    \n\t\n\n<li >\n\t<a href='?page_no=13363'>Next<\/a>\n\t<\/li>\n\n\n    \n\n<li><a href='?page_no=13612'>Last &rsaquo;&rsaquo;<\/a><\/li>\n\n<\/ul>\n\n\n--><br \/>\n<\/body><\/p>\n","protected":false},"excerpt":{"rendered":"<p>El Congreso y los Partidos\u00a0\u00a0\u00a0\u00a0\u00a0\u00a0\u00a0\u00a0\u00a0\u00a0\u00a0\u00a0\u00a0\u00a0\u00a0\u00a0\u00a0\u00a0\u00a0\u00a0\u00a0\u00a0\u00a0\u00a0\u00a0\u00a0\u00a0\u00a0\u00a0\u00a0\u00a0\u00a0\u00a0 &#13; Por Jos\u00e9 R. Mart\u00ednez&#13; &#13; Especial para DD &#13; La verdad es que el di\u00e1logo y el entendimiento entre las diferentes instancias pol\u00edticas, son los instrumentos claves\u00a0 para acordar\u00a0 medidas y acciones que propicien el inter\u00e9s colectivo. &#13; Esto es as\u00ed porque los puntos de vista contrapuestos, dentro de [&hellip;]<\/p>\n","protected":false},"author":3,"featured_media":0,"comment_status":"open","ping_status":"open","sticky":false,"template":"","format":"standard","meta":{"footnotes":""},"categories":[16],"tags":[],"class_list":["post-37617","post","type-post","status-publish","format-standard","hentry","category-opiniones"],"_links":{"self":[{"href":"https:\/\/diariodominicano.com\/index.php?rest_route=\/wp\/v2\/posts\/37617","targetHints":{"allow":["GET"]}}],"collection":[{"href":"https:\/\/diariodominicano.com\/index.php?rest_route=\/wp\/v2\/posts"}],"about":[{"href":"https:\/\/diariodominicano.com\/index.php?rest_route=\/wp\/v2\/types\/post"}],"author":[{"embeddable":true,"href":"https:\/\/diariodominicano.com\/index.php?rest_route=\/wp\/v2\/users\/3"}],"replies":[{"embeddable":true,"href":"https:\/\/diariodominicano.com\/index.php?rest_route=%2Fwp%2Fv2%2Fcomments&post=37617"}],"version-history":[{"count":0,"href":"https:\/\/diariodominicano.com\/index.php?rest_route=\/wp\/v2\/posts\/37617\/revisions"}],"wp:attachment":[{"href":"https:\/\/diariodominicano.com\/index.php?rest_route=%2Fwp%2Fv2%2Fmedia&parent=37617"}],"wp:term":[{"taxonomy":"category","embeddable":true,"href":"https:\/\/diariodominicano.com\/index.php?rest_route=%2Fwp%2Fv2%2Fcategories&post=37617"},{"taxonomy":"post_tag","embeddable":true,"href":"https:\/\/diariodominicano.com\/index.php?rest_route=%2Fwp%2Fv2%2Ftags&post=37617"}],"curies":[{"name":"wp","href":"https:\/\/api.w.org\/{rel}","templated":true}]}}