{"id":37615,"date":"2006-12-15T14:26:18","date_gmt":"2006-12-15T14:26:18","guid":{"rendered":"http:\/\/diariodominicano.ddns.net\/?p=37615"},"modified":"2006-12-15T14:26:18","modified_gmt":"2006-12-15T14:26:18","slug":"punto-y-coma-8","status":"publish","type":"post","link":"https:\/\/diariodominicano.com\/?p=37615","title":{"rendered":"PUNTO Y COMA"},"content":{"rendered":"<p><body><\/p>\n<p><strong>PUNTO Y COMA<\/strong><\/p>\n<p>&#13;<\/p>\n<p><strong>RAFAEL CORREA<\/strong>:<br \/>&#13;<br \/>\n  <br \/>&#13;<br \/>\nUN TRIUNFO  SORPRENDENTE<\/p>\n<p>&#13;<\/p>\n<p class=\"textogrande\">Por Santos  Aquino Rubio.<\/p>\n<p>&#13;<\/p>\n<p align=\"justify\" class=\"text1noticias\">El triunfo del joven economista Eduardo Rafael Correa  Delgado en las elecciones generales del Ecuador, en la segunda vuelta,  sorprendi\u00f3, pr\u00e1cticamente al mundo, pero no a los millones de ecuatorianos que  votaron por \u00e9l.<\/p>\n<p>&#13;<\/p>\n<p align=\"justify\" class=\"text1noticias\">La primera  sorpresa la caus\u00f3 Correa Delgado, cuando alcanz\u00f3 el segundo lugar en los  comicios del 15 de octubre, rompiendo las expectativas de los m\u00e1s versados,  tanto en el marketing pol\u00edtico como en las estrategias de campa\u00f1a.<\/p>\n<p>&#13;<\/p>\n<p align=\"justify\" class=\"text1noticias\">Los que no  otorgaban la m\u00e1s m\u00ednima posibilidad a este joven economista, sin experiencia de  Estado y sin gran ejercicio pol\u00edtico, tendr\u00e1n que revisar sus esquemas y  entender que ya no se trata de un problema de popularidad, de dinero o de  influencia pol\u00edtica directa, sino que los pueblos est\u00e1n aprendiendo a medir y a  sacar provecho de sus errores.<\/p>\n<p>&#13;<\/p>\n<p align=\"justify\" class=\"text1noticias\">En plena campa\u00f1a  electoral, tuvimos la oportunidad de visitar ese hermoso pa\u00eds, sobre todo la Costa, y permanecer por  algunos d\u00edas en la m\u00e1gica ciudad de Guayaquil, donde tuvo lugar el VI Foro  Internacional de Relaciones P\u00fablicas que se realiza con el apoyo de la CONFIARP.<\/p>\n<p>&#13;<\/p>\n<p align=\"justify\" class=\"text1noticias\">Durante esta  corta estad\u00eda nos interesamos puntualmente en la propuesta de los candidatos y  la presencia de Correa Delgado en ese escenario pic\u00f3 nuestra curiosidad hasta  el punto que llegamos a pensar sobre la posibilidad de su triunfo.<\/p>\n<p>&#13;<\/p>\n<p align=\"justify\" class=\"text1noticias\">Esto parece un  milagro, pero es una realidad y ahora Ecuador tendr\u00e1 a uno de los presidentes  m\u00e1s j\u00f3venes de su historia con la esperanza que rompa muchos de los esquemas  que han impedido el crecimiento de esa naci\u00f3n en la dimensi\u00f3n requerida.<\/p>\n<p>&#13;<\/p>\n<p align=\"justify\" class=\"text1noticias\">Esto se espera  de \u00e9l, pero si falla las esperanzas de los ecuatorianos echa un paso hacia el  vac\u00edo. Que Dios y la bienaventuranza iluminen a este joven pol\u00edtico y  fortifique la fe y la esperanza de estos suramericanos luchadores. <\/p>\n<p>&#13;<\/p>\n<h6> 2006-12-15 14:26:18 <\/h6>\n<p><!--\n<link rel=\"stylesheet\" href=\"css\/bootstrap.min.css\">\n\n\n<ul class=\"pagination\">\n\t    \n\t\n\n<li >\n\t<a href='?page_no=13359'>Previous<\/a>\n\t<\/li>\n\n\n       \n    \n\n<li><a href='?page_no=1'>1<\/a><\/li>\n\n\n\n<li><a href='?page_no=2'>2<\/a><\/li>\n\n\n\n<li><a>...<\/a><\/li>\n\n\n\n<li><a href='?page_no=13358'>13358<\/a><\/li>\n\n\n\n<li><a href='?page_no=13359'>13359<\/a><\/li>\n\n\n\n<li class='active'><a>13360<\/a><\/li>\n\n\n\n<li><a href='?page_no=13361'>13361<\/a><\/li>\n\n\n\n<li><a href='?page_no=13362'>13362<\/a><\/li>\n\n\n\n<li><a>...<\/a><\/li>\n\n\n\n<li><a href='?page_no=13611'>13611<\/a><\/li>\n\n\n\n<li><a href='?page_no=13612'>13612<\/a><\/li>\n\n    \n\t\n\n<li >\n\t<a href='?page_no=13361'>Next<\/a>\n\t<\/li>\n\n\n    \n\n<li><a href='?page_no=13612'>Last &rsaquo;&rsaquo;<\/a><\/li>\n\n<\/ul>\n\n\n--><br \/>\n<\/body><\/p>\n","protected":false},"excerpt":{"rendered":"<p>PUNTO Y COMA &#13; RAFAEL CORREA:&#13; &#13; UN TRIUNFO SORPRENDENTE &#13; Por Santos Aquino Rubio. &#13; El triunfo del joven economista Eduardo Rafael Correa Delgado en las elecciones generales del Ecuador, en la segunda vuelta, sorprendi\u00f3, pr\u00e1cticamente al mundo, pero no a los millones de ecuatorianos que votaron por \u00e9l. &#13; La primera sorpresa la [&hellip;]<\/p>\n","protected":false},"author":3,"featured_media":0,"comment_status":"open","ping_status":"open","sticky":false,"template":"","format":"standard","meta":{"footnotes":""},"categories":[16],"tags":[],"class_list":["post-37615","post","type-post","status-publish","format-standard","hentry","category-opiniones"],"_links":{"self":[{"href":"https:\/\/diariodominicano.com\/index.php?rest_route=\/wp\/v2\/posts\/37615","targetHints":{"allow":["GET"]}}],"collection":[{"href":"https:\/\/diariodominicano.com\/index.php?rest_route=\/wp\/v2\/posts"}],"about":[{"href":"https:\/\/diariodominicano.com\/index.php?rest_route=\/wp\/v2\/types\/post"}],"author":[{"embeddable":true,"href":"https:\/\/diariodominicano.com\/index.php?rest_route=\/wp\/v2\/users\/3"}],"replies":[{"embeddable":true,"href":"https:\/\/diariodominicano.com\/index.php?rest_route=%2Fwp%2Fv2%2Fcomments&post=37615"}],"version-history":[{"count":0,"href":"https:\/\/diariodominicano.com\/index.php?rest_route=\/wp\/v2\/posts\/37615\/revisions"}],"wp:attachment":[{"href":"https:\/\/diariodominicano.com\/index.php?rest_route=%2Fwp%2Fv2%2Fmedia&parent=37615"}],"wp:term":[{"taxonomy":"category","embeddable":true,"href":"https:\/\/diariodominicano.com\/index.php?rest_route=%2Fwp%2Fv2%2Fcategories&post=37615"},{"taxonomy":"post_tag","embeddable":true,"href":"https:\/\/diariodominicano.com\/index.php?rest_route=%2Fwp%2Fv2%2Ftags&post=37615"}],"curies":[{"name":"wp","href":"https:\/\/api.w.org\/{rel}","templated":true}]}}