{"id":37612,"date":"2006-12-15T14:33:30","date_gmt":"2006-12-15T14:33:30","guid":{"rendered":"http:\/\/diariodominicano.ddns.net\/?p=37612"},"modified":"2006-12-15T14:33:30","modified_gmt":"2006-12-15T14:33:30","slug":"el-presidente-fernandez-su-canciller-carlos-morales-troncoso-y-la-reforma-fiscal-en-el-contexto-del-fmi","status":"publish","type":"post","link":"https:\/\/diariodominicano.com\/?p=37612","title":{"rendered":"El  presidente Fern\u00e1ndez, su canciller  Carlos Morales Troncoso Y la Reforma Fiscal en el contexto del FMI"},"content":{"rendered":"<p><body><\/p>\n<p class=\"titulogrande1\">El\u00a0 presidente Fern\u00e1ndez, su canciller\u00a0 Carlos Morales Troncoso Y la Reforma Fiscal en  el contexto del FMI<\/p>\n<p>&#13;<\/p>\n<p class=\"textogrande\">Guillermo  Caram*<\/p>\n<p>&#13;<\/p>\n<p align=\"justify\" class=\"text1noticias\">Mi  memoria no precisa la \u00faltima vez que una postura gubernamental concitara tanto apoyo  como el observado en el presente con la actitud del canciller Carlos Morales  Troncoso frente a legisladores de EEUU que nos visitaron para constatar la  situaci\u00f3n haitiana en bateyes azucareros. Todas las voces nacionales inscritas  en la dignidad y decoro lo respaldaron. Hasta el partido que lo expuls\u00f3, el  PRSC, apoy\u00f3 su posici\u00f3n, quien sabe si constituyendo en una se\u00f1al que preludie  la imprescindible reunificaci\u00f3n de la familia reformista. <\/p>\n<p>&#13;<\/p>\n<p align=\"justify\" class=\"text1noticias\">Ni  siquiera los haitian\u00f3filos levantaron su voz para criticarlo. En medio de  tantos temores y aprehensiones econ\u00f3micas determinadas por relaciones sumisas  del gobierno frente al FMI que lo ha llevado a someter una reforma fiscal  ratificadora de los mismos yerros cometidos en el pasado hasta llegar a  amenazar con la clausura de negocios, la naci\u00f3n ha recibido con aliento  esperanzador la actuaci\u00f3n de un funcionario que encar\u00f3 con dignidad y energ\u00eda  la intromisi\u00f3n de legisladores de la naci\u00f3n mas poderosa del mundo.<\/p>\n<p>&#13;<\/p>\n<p align=\"justify\" class=\"text1noticias\">\u00a0Nada inhibi\u00f3 su vocaci\u00f3n dominicanista, ni  siquiera su conocida asociaci\u00f3n con empresas norteamericanas; y demostr\u00f3\u00a0 no\u00a0  tener temores para enfrentar los absurdos del poder\u00edo internacional al  actuar dentro de la raz\u00f3n y la justicia. Su posici\u00f3n incluso le hace bien a la  democracia norteamericana al estimular la purga de\u00a0 dobleces e hipocres\u00edas. <\/p>\n<p>&#13;<\/p>\n<p align=\"justify\" class=\"text1noticias\">La  ciudadan\u00eda terminar\u00e1 premiando con creces esta postura.<\/p>\n<p>&#13;<\/p>\n<p align=\"justify\" class=\"text1noticias\">No  sucede lo mismo con las relaciones con el FMI y la reforma que se nos pretenden  imponer. El \u201cequipo econ\u00f3mico\u201d no evidencia sinton\u00eda con LF, ni coordinaci\u00f3n entre\u00a0s\u00ed,  sino\u00a0 conflictos y contradicciones \u00a0que trascienden a la opini\u00f3n p\u00fablica. <\/p>\n<p>&#13;<\/p>\n<p align=\"justify\" class=\"text1noticias\">Las  relaciones con el FMI son llevadas regidas por una sumisi\u00f3n indecorosa. Mientras  los legisladores norteamericanos fueron recibidos en el pa\u00eds, \u00a0el \u201cequipo econ\u00f3mico\u201d se traslad\u00f3 a Washington  para comprometer al pa\u00eds, pasando por alto los cuestionamientos internos al FMI  y hasta su expulsi\u00f3n de naciones de nuestro subcontinente. <\/p>\n<p>&#13;<\/p>\n<p align=\"justify\" class=\"text1noticias\">Permitieron  que el Presidente Fern\u00e1ndez se comprometiera \u00a0ante Rodrigo Rato, actual director gerente del  FMI, a aumentar impuestos; en circunstancias que \u00e9ste fuera ministro de  econom\u00eda del gobierno espa\u00f1ol que encabezara Jos\u00e9 Ma. Aznar, quien en su  reciente visita al pa\u00eds invitado por la FUNDACI\u00d3N GLOBAL  para predicar sobre sus logros gubernamentales, destac\u00f3 las bondades de las  rebajas impositivas. <\/p>\n<p>&#13;<\/p>\n<p align=\"justify\" class=\"text1noticias\">\u00a0El Palacio Nacional se prest\u00f3 para que el FMI explicara, coreado  por el \u201cequipo econ\u00f3mico\u201d, una reforma que\u00a0merecido la repulsa un\u00e1nime de la comunidad nacional y mantiene intranquila la  ciudadan\u00eda. \u00a0\u00a0\u00a0  \u00a0\u00a0\u00a0\u00a0\u00a0\u00a0\u00a0\u00a0\u00a0\u00a0\u00a0\u00a0\u00a0\u00a0\u00a0\u00a0\u00a0\u00a0\u00a0\u00a0\u00a0\u00a0\u00a0\u00a0\u00a0\u00a0\u00a0\u00a0\u00a0\u00a0\u00a0\u00a0\u00a0\u00a0\u00a0\u00a0\u00a0\u00a0\u00a0\u00a0\u00a0\u00a0\u00a0\u00a0\u00a0\u00a0\u00a0\u00a0\u00a0\u00a0\u00a0\u00a0\u00a0\u00a0\u00a0\u00a0\u00a0\u00a0\u00a0\u00a0\u00a0\u00a0\u00a0\u00a0\u00a0\u00a0\u00a0\u00a0\u00a0\u00a0\u00a0\u00a0\u00a0\u00a0\u00a0\u00a0\u00a0\u00a0\u00a0\u00a0\u00a0\u00a0\u00a0\u00a0\u00a0\u00a0\u00a0\u00a0\u00a0\u00a0\u00a0\u00a0\u00a0\u00a0\u00a0\u00a0\u00a0\u00a0\u00a0\u00a0\u00a0\u00a0\u00a0\u00a0\u00a0\u00a0\u00a0\u00a0\u00a0\u00a0\u00a0\u00a0\u00a0\u00a0\u00a0\u00a0\u00a0\u00a0\u00a0\u00a0\u00a0\u00a0\u00a0\u00a0\u00a0\u00a0\u00a0\u00a0\u00a0\u00a0\u00a0\u00a0\u00a0\u00a0\u00a0\u00a0\u00a0\u00a0\u00a0\u00a0\u00a0\u00a0\u00a0\u00a0\u00a0\u00a0\u00a0\u00a0\u00a0\u00a0\u00a0\u00a0\u00a0\u00a0\u00a0\u00a0\u00a0\u00a0\u00a0\u00a0\u00a0\u00a0\u00a0\u00a0\u00a0\u00a0\u00a0\u00a0\u00a0\u00a0\u00a0\u00a0\u00a0\u00a0\u00a0\u00a0\u00a0\u00a0\u00a0\u00a0\u00a0\u00a0\u00a0\u00a0\u00a0\u00a0\u00a0\u00a0\u00a0\u00a0\u00a0\u00a0\u00a0\u00a0\u00a0\u00a0\u00a0\u00a0\u00a0\u00a0\u00a0\u00a0\u00a0\u00a0\u00a0\u00a0\u00a0\u00a0\u00a0\u00a0\u00a0\u00a0\u00a0\u00a0\u00a0\u00a0\u00a0\u00a0\u00a0\u00a0\u00a0\u00a0\u00a0\u00a0\u00a0\u00a0\u00a0\u00a0\u00a0\u00a0\u00a0\u00a0\u00a0\u00a0\u00a0\u00a0\u00a0\u00a0\u00a0\u00a0\u00a0\u00a0\u00a0\u00a0\u00a0\u00a0\u00a0\u00a0\u00a0\u00a0\u00a0\u00a0\u00a0\u00a0\u00a0\u00a0\u00a0\u00a0\u00a0\u00a0\u00a0\u00a0\u00a0\u00a0\u00a0\u00a0\u00a0\u00a0\u00a0\u00a0\u00a0\u00a0\u00a0\u00a0\u00a0\u00a0\u00a0\u00a0\u00a0\u00a0\u00a0\u00a0\u00a0\u00a0\u00a0\u00a0\u00a0\u00a0\u00a0\u00a0\u00a0\u00a0\u00a0\u00a0\u00a0\u00a0\u00a0\u00a0\u00a0\u00a0\u00a0\u00a0\u00a0\u00a0\u00a0\u00a0\u00a0\u00a0\u00a0\u00a0\u00a0\u00a0\u00a0\u00a0\u00a0\u00a0\u00a0\u00a0\u00a0\u00a0\u00a0\u00a0\u00a0\u00a0\u00a0\u00a0\u00a0\u00a0\u00a0\u00a0\u00a0\u00a0\u00a0\u00a0\u00a0\u00a0\u00a0\u00a0\u00a0\u00a0\u00a0\u00a0\u00a0\u00a0\u00a0\u00a0\u00a0\u00a0\u00a0\u00a0\u00a0\u00a0\u00a0\u00a0\u00a0\u00a0\u00a0\u00a0\u00a0\u00a0\u00a0\u00a0\u00a0\u00a0\u00a0\u00a0\u00a0\u00a0\u00a0\u00a0\u00a0\u00a0\u00a0\u00a0\u00a0\u00a0\u00a0\u00a0\u00a0\u00a0\u00a0\u00a0\u00a0\u00a0\u00a0\u00a0\u00a0\u00a0\u00a0\u00a0\u00a0\u00a0\u00a0\u00a0\u00a0\u00a0\u00a0\u00a0\u00a0\u00a0\u00a0ha<\/p>\n<p>&#13;<\/p>\n<p align=\"justify\" class=\"text1noticias\">Por  \u00e9stas razones el Presidente Fern\u00e1ndez ha perdido respeto y popularidad; y no se  sabe hasta donde la crisis interna desatada con la renuncia de su jefe de gobierno,  el Secretario de la   Presidencia, es consecuencia del catastr\u00f3fico compromiso  asumido con la reforma.<br \/>&#13;<br \/>\n\u00a0\u00a0\u00a0\u00a0\u00a0\u00a0\u00a0\u00a0\u00a0\u00a0\u00a0\u00a0\u00a0\u00a0\u00a0\u00a0\u00a0\u00a0\u00a0\u00a0\u00a0\u00a0\u00a0\u00a0\u00a0\u00a0\u00a0\u00a0\u00a0\u00a0\u00a0\u00a0\u00a0\u00a0\u00a0\u00a0\u00a0\u00a0\u00a0\u00a0\u00a0\u00a0\u00a0\u00a0\u00a0\u00a0\u00a0\u00a0\u00a0\u00a0\u00a0\u00a0\u00a0\u00a0\u00a0\u00a0\u00a0\u00a0\u00a0\u00a0\u00a0\u00a0\u00a0\u00a0\u00a0\u00a0\u00a0\u00a0\u00a0\u00a0\u00a0\u00a0\u00a0\u00a0\u00a0\u00a0\u00a0\u00a0\u00a0\u00a0\u00a0\u00a0\u00a0\u00a0\u00a0\u00a0\u00a0\u00a0\u00a0\u00a0\u00a0\u00a0\u00a0\u00a0\u00a0\u00a0\u00a0\u00a0\u00a0\u00a0\u00a0\u00a0\u00a0\u00a0\u00a0\u00a0\u00a0\u00a0\u00a0\u00a0\u00a0\u00a0\u00a0\u00a0\u00a0\u00a0\u00a0\u00a0\u00a0\u00a0\u00a0\u00a0\u00a0\u00a0\u00a0\u00a0\u00a0\u00a0\u00a0\u00a0\u00a0\u00a0\u00a0\u00a0\u00a0\u00a0\u00a0\u00a0\u00a0\u00a0\u00a0\u00a0\u00a0\u00a0\u00a0\u00a0\u00a0\u00a0\u00a0\u00a0\u00a0\u00a0\u00a0\u00a0\u00a0\u00a0\u00a0\u00a0\u00a0\u00a0\u00a0\u00a0\u00a0\u00a0\u00a0\u00a0\u00a0\u00a0\u00a0\u00a0\u00a0\u00a0\u00a0\u00a0\u00a0\u00a0\u00a0\u00a0\u00a0\u00a0\u00a0\u00a0\u00a0\u00a0\u00a0\u00a0\u00a0\u00a0\u00a0\u00a0\u00a0\u00a0\u00a0\u00a0\u00a0\u00a0\u00a0\u00a0\u00a0\u00a0\u00a0\u00a0\u00a0\u00a0\u00a0\u00a0\u00a0\u00a0\u00a0\u00a0\u00a0\u00a0\u00a0\u00a0\u00a0\u00a0\u00a0\u00a0\u00a0\u00a0\u00a0\u00a0\u00a0\u00a0\u00a0\u00a0\u00a0\u00a0\u00a0\u00a0\u00a0\u00a0\u00a0\u00a0\u00a0\u00a0\u00a0\u00a0\u00a0\u00a0\u00a0\u00a0\u00a0\u00a0\u00a0\u00a0\u00a0\u00a0\u00a0\u00a0\u00a0\u00a0\u00a0\u00a0\u00a0\u00a0<\/p>\n<p>&#13;<\/p>\n<p align=\"justify\" class=\"text1noticias\">La  naci\u00f3n se ha puesto de pi\u00e9 contra esa reforma. Y as\u00ed debe seguir, para su  propio bien y hasta de un FMI cuyo recetario ha sido perturbador de la  democracia.<\/p>\n<p>&#13;<\/p>\n<p align=\"justify\" class=\"text1noticias\">Mas  temprano que tarde, la ciudadan\u00eda terminar\u00e1 castigando \u00e9sta conducta; a menos  que el gobierno se sacuda del absurdo compromiso asumido con el FMI, para lo  cual le bastar\u00eda emular la responsabilidad, decoro y energ\u00eda manifestada por \u00a0nuestro canciller.<\/p>\n<p>&#13;<\/p>\n<p align=\"justify\" class=\"text1noticias\">Guillermo  Caram, es pol\u00edtico.<\/p>\n<p>&#13;<\/p>\n<h6> 2006-12-15 14:33:30 <\/h6>\n<p><!--\n<link rel=\"stylesheet\" href=\"css\/bootstrap.min.css\">\n\n\n<ul class=\"pagination\">\n\t    \n\t\n\n<li >\n\t<a href='?page_no=13357'>Previous<\/a>\n\t<\/li>\n\n\n       \n    \n\n<li><a href='?page_no=1'>1<\/a><\/li>\n\n\n\n<li><a href='?page_no=2'>2<\/a><\/li>\n\n\n\n<li><a>...<\/a><\/li>\n\n\n\n<li><a href='?page_no=13356'>13356<\/a><\/li>\n\n\n\n<li><a href='?page_no=13357'>13357<\/a><\/li>\n\n\n\n<li class='active'><a>13358<\/a><\/li>\n\n\n\n<li><a href='?page_no=13359'>13359<\/a><\/li>\n\n\n\n<li><a href='?page_no=13360'>13360<\/a><\/li>\n\n\n\n<li><a>...<\/a><\/li>\n\n\n\n<li><a href='?page_no=13611'>13611<\/a><\/li>\n\n\n\n<li><a href='?page_no=13612'>13612<\/a><\/li>\n\n    \n\t\n\n<li >\n\t<a href='?page_no=13359'>Next<\/a>\n\t<\/li>\n\n\n    \n\n<li><a href='?page_no=13612'>Last &rsaquo;&rsaquo;<\/a><\/li>\n\n<\/ul>\n\n\n--><br \/>\n<\/body><\/p>\n","protected":false},"excerpt":{"rendered":"<p>El\u00a0 presidente Fern\u00e1ndez, su canciller\u00a0 Carlos Morales Troncoso Y la Reforma Fiscal en el contexto del FMI &#13; Guillermo Caram* &#13; Mi memoria no precisa la \u00faltima vez que una postura gubernamental concitara tanto apoyo como el observado en el presente con la actitud del canciller Carlos Morales Troncoso frente a legisladores de EEUU que [&hellip;]<\/p>\n","protected":false},"author":3,"featured_media":0,"comment_status":"open","ping_status":"open","sticky":false,"template":"","format":"standard","meta":{"footnotes":""},"categories":[16],"tags":[],"class_list":["post-37612","post","type-post","status-publish","format-standard","hentry","category-opiniones"],"_links":{"self":[{"href":"https:\/\/diariodominicano.com\/index.php?rest_route=\/wp\/v2\/posts\/37612","targetHints":{"allow":["GET"]}}],"collection":[{"href":"https:\/\/diariodominicano.com\/index.php?rest_route=\/wp\/v2\/posts"}],"about":[{"href":"https:\/\/diariodominicano.com\/index.php?rest_route=\/wp\/v2\/types\/post"}],"author":[{"embeddable":true,"href":"https:\/\/diariodominicano.com\/index.php?rest_route=\/wp\/v2\/users\/3"}],"replies":[{"embeddable":true,"href":"https:\/\/diariodominicano.com\/index.php?rest_route=%2Fwp%2Fv2%2Fcomments&post=37612"}],"version-history":[{"count":0,"href":"https:\/\/diariodominicano.com\/index.php?rest_route=\/wp\/v2\/posts\/37612\/revisions"}],"wp:attachment":[{"href":"https:\/\/diariodominicano.com\/index.php?rest_route=%2Fwp%2Fv2%2Fmedia&parent=37612"}],"wp:term":[{"taxonomy":"category","embeddable":true,"href":"https:\/\/diariodominicano.com\/index.php?rest_route=%2Fwp%2Fv2%2Fcategories&post=37612"},{"taxonomy":"post_tag","embeddable":true,"href":"https:\/\/diariodominicano.com\/index.php?rest_route=%2Fwp%2Fv2%2Ftags&post=37612"}],"curies":[{"name":"wp","href":"https:\/\/api.w.org\/{rel}","templated":true}]}}