{"id":37611,"date":"2006-12-15T14:35:54","date_gmt":"2006-12-15T14:35:54","guid":{"rendered":"http:\/\/diariodominicano.ddns.net\/?p=37611"},"modified":"2006-12-15T14:35:54","modified_gmt":"2006-12-15T14:35:54","slug":"el-tiro-rapido-459","status":"publish","type":"post","link":"https:\/\/diariodominicano.com\/?p=37611","title":{"rendered":"EL TIRO RAPIDO"},"content":{"rendered":"<p><body><\/p>\n<p><span class=\"titulogrande1\">EL TIRO RAPIDO<br \/>&#13;<br \/>\n<\/span><br \/>&#13;<br \/>\n  <span class=\"textogrande\">de<br \/>&#13;<br \/>\nMario  Rivadulla<\/span><\/p>\n<p>&#13;<\/p>\n<p align=\"justify\" class=\"text1noticias\">Ayer, al fin, despu\u00e8s de dos previos intentos frustrados, la C\u00e0mara de Diputados aprob\u00f2,  aunque con fuerte oposici\u00f2n oposici\u00f2n, una felicitaci\u00f2n a Fidel Castro con  motivo de sus 80 a\u00f1os.\u00a0 De paso, la  resoluci\u00f3n se acompa\u00f1\u00f2 de una plegaria a favor de su ya, a estas alturas,\u00a0 dudosa recuperaci\u00f3n, que no deja de ser  parad\u00f3jica en el caso de una persona como el dictador cubano que se ha  declarado p\u00fablicamente ateo, pese a su educaci\u00f3n religiosa.<\/p>\n<p>&#13;<\/p>\n<p align=\"justify\" class=\"text1noticias\">La propuesta consumi\u00f2 a lo largo  de las tres oportunidades en que se llev\u00f2 el tema como punto de agenda, largas  y encendidas discusiones que dividieron la opini\u00f3n de las tres bancadas  partidarias. Tanto en el PLD como en el PRD y el PRSC, hubo quienes promovieron  la inusitada resoluci\u00f3n con persistencia digna de temas m\u00e0s prioritarios,\u00a0 y quienes por el contrario, cuestionaron la  misma con igual tenacidad.<\/p>\n<p>&#13;<\/p>\n<p align=\"justify\" class=\"text1noticias\">Uno pensar\u00eca que en el pa\u00ecs hay  suficientes problemas y en la   C\u00e0mara hay m\u00e0s que sobrados proyectos del m\u00e0s alto inter\u00e9s  nacional que debieran absorber el tiempo, la atenci\u00f3n y las energ\u00ecas de los  se\u00f1ores legisladores, en vez de entretenerse con tanto entusiasmo y dedicaci\u00f2n  a practicar la cr\u00f3nica social.\u00a0 <\/p>\n<p>&#13;<\/p>\n<p align=\"justify\" class=\"text1noticias\">Tomar como argumento que la Rep\u00f9blica Dominicana  y Cuba mantienen buenas relaciones\u00a0 no  era excusa suficiente para la congratulaci\u00f3n natalicia.\u00a0 A fin de cuentas, mantenemos tambi\u00e8n  cordiales y a\u00f9n m\u00e0s provechosas relaciones con la mayor parte de los casi  doscientos pa\u00ecses registrados en las Naciones Unidas.\u00a0 Y no por ello se supone que el cuerpo haga un  registro natalicio que lo lleve a incluir la agenda de cada sesi\u00f2n, sendas  felicitaciones cumplea\u00f1eras a todos sus respectivos jefes de Estado. Esto as\u00ec,  sobre todo si como en el caso de Castro, las propuestas pudieran dar lugar a prolongadas  e incendiarias pol\u00e9micas.<\/p>\n<p>&#13;<\/p>\n<p align=\"justify\" class=\"text1noticias\">Por otra parte, acompa\u00f1ar los  parabienes con una postdata afirmando que Castro, cuya enfermedad sigue siendo  un secreto de Estado pero cuya larga convalescencia y ausencia de protagonismo  hace pensar que sus quebrantos son realmente graves y de pron\u00f2stico muy  delicado, ha dedicado toda su existencia al bienestar del pueblo cubano no pasa  de ser un chiste de mal gusto.<\/p>\n<p>&#13;<\/p>\n<p align=\"justify\" class=\"text1noticias\">Ello as\u00ec si tomamos en cuenta  que su dictadura, la m\u00e0s larga que registra la historia del Continente y  posiblemente de la humanidad, ha provocado la m\u00e0s masiva emigraci\u00f3n de que se  tiene noticias en esta parte del mundo.\u00a0  Que una gran cantidad de sus opositores han sido fusilados, miles han  pasado por sus c\u00e0rceles y cientos permanecen a\u00f9n privados de libertad a  consecuencia de juicios arbitrarios y condenas ilegales, abultadas y abusivas.<\/p>\n<p>&#13;<\/p>\n<p align=\"justify\" class=\"text1noticias\">Que se estima en decenas de  miles los que han perdido la vida en el mar Caribe,\u00a0 tratando de escapar de la tr\u00e1gica realidad de  un pa\u00ecs donde no existe libertad para viajar. Que muchos miles m\u00e0s dejaron sus  huesos en tierras extranjeras en la absurda intervenci\u00f3n del castrismo en  conflictos tribales y tierras ajenas y distantes y frustrados intentos  guerrilleros.\u00a0 Que en Cuba no existe  tampoco la libertad de prensa de la que tan ampliamente hacen uso los propios  legisladores que aprobaron el proyecto.\u00a0<br \/>&#13;<br \/>\n  <br \/>  &#13;<br \/>\nQue no se permiten partidos de oposici\u00f2n ni pueden hacerse cr\u00ecticas al  gobierno, y menos al Jefe de Estado, como ocurre aqu\u00ec.<\/p>\n<p>&#13;<\/p>\n<p align=\"justify\" class=\"text1noticias\">Que no hay libertad sindical ni  de asociaci\u00f3n.\u00a0 Que los salarios son  rid\u00edculamente bajos. Que los cubanos no pueden invertir en su propia  tierra,\u00a0 y que en su propia tierra hay  lugares exclusivos para extranjeros cuyo acceso le es vedado salvo para servir  a aquellos.\u00a0 Que a medio siglo de  distancia todav\u00eca el pueblo depende de una insuficiente tarjeta de  racionamiento para procurar sus alimentos, ropas y calzado.\u00a0 Que la econom\u00eca cubana sigue sin despegar, de  tumbo en tumbo,\u00a0 y que esto nada tiene  que ver con el absurdo e ineficaz embargo norteamericano que solamente sirve  como excusa para que el gobierno castrista trate de justificar todos sus  errores.<\/p>\n<p>&#13;<\/p>\n<p align=\"justify\" class=\"text1noticias\">Mejor, mucho mejor hubiese sido  que conforme a la tradici\u00f3n libertaria y democr\u00e1tica de ambos pueblos, el  cubano y el dominicano, hermanados en historia, sacrificios y sue\u00f1os, el  mensaje por la recuperaci\u00f3n de Castro hubiese estado acompa\u00f1ado de un fervoroso  llamado a favor de la transici\u00f3n de su r\u00e9gimen hacia uno que procure la  reconciliaci\u00f2n de un pueblo profundamente dividido y la oportunidad de elegir su  destino por propia voluntad, sin imposiciones ni presiones de dentro ni de  fuera.<\/p>\n<p>&#13;<\/p>\n<p align=\"justify\" class=\"text1noticias\">Ning\u00f9n epitafio m\u00e0s apropiado  para el infortunado episodio como el que le dedic\u00f2 en su edici\u00f2n de hoy el  matutino Diario Libre,\u00a0 al calificarlo de  necio y risible.<\/p>\n<p>&#13;<\/p>\n<h6> 2006-12-15 14:35:54 <\/h6>\n<p><!--\n<link rel=\"stylesheet\" href=\"css\/bootstrap.min.css\">\n\n\n<ul class=\"pagination\">\n\t    \n\t\n\n<li >\n\t<a href='?page_no=13356'>Previous<\/a>\n\t<\/li>\n\n\n       \n    \n\n<li><a href='?page_no=1'>1<\/a><\/li>\n\n\n\n<li><a href='?page_no=2'>2<\/a><\/li>\n\n\n\n<li><a>...<\/a><\/li>\n\n\n\n<li><a href='?page_no=13355'>13355<\/a><\/li>\n\n\n\n<li><a href='?page_no=13356'>13356<\/a><\/li>\n\n\n\n<li class='active'><a>13357<\/a><\/li>\n\n\n\n<li><a href='?page_no=13358'>13358<\/a><\/li>\n\n\n\n<li><a href='?page_no=13359'>13359<\/a><\/li>\n\n\n\n<li><a>...<\/a><\/li>\n\n\n\n<li><a href='?page_no=13611'>13611<\/a><\/li>\n\n\n\n<li><a href='?page_no=13612'>13612<\/a><\/li>\n\n    \n\t\n\n<li >\n\t<a href='?page_no=13358'>Next<\/a>\n\t<\/li>\n\n\n    \n\n<li><a href='?page_no=13612'>Last &rsaquo;&rsaquo;<\/a><\/li>\n\n<\/ul>\n\n\n--><br \/>\n<\/body><\/p>\n","protected":false},"excerpt":{"rendered":"<p>EL TIRO RAPIDO&#13; &#13; de&#13; Mario Rivadulla &#13; Ayer, al fin, despu\u00e8s de dos previos intentos frustrados, la C\u00e0mara de Diputados aprob\u00f2, aunque con fuerte oposici\u00f2n oposici\u00f2n, una felicitaci\u00f2n a Fidel Castro con motivo de sus 80 a\u00f1os.\u00a0 De paso, la resoluci\u00f3n se acompa\u00f1\u00f2 de una plegaria a favor de su ya, a estas alturas,\u00a0 [&hellip;]<\/p>\n","protected":false},"author":3,"featured_media":0,"comment_status":"open","ping_status":"open","sticky":false,"template":"","format":"standard","meta":{"footnotes":""},"categories":[16],"tags":[],"class_list":["post-37611","post","type-post","status-publish","format-standard","hentry","category-opiniones"],"_links":{"self":[{"href":"https:\/\/diariodominicano.com\/index.php?rest_route=\/wp\/v2\/posts\/37611","targetHints":{"allow":["GET"]}}],"collection":[{"href":"https:\/\/diariodominicano.com\/index.php?rest_route=\/wp\/v2\/posts"}],"about":[{"href":"https:\/\/diariodominicano.com\/index.php?rest_route=\/wp\/v2\/types\/post"}],"author":[{"embeddable":true,"href":"https:\/\/diariodominicano.com\/index.php?rest_route=\/wp\/v2\/users\/3"}],"replies":[{"embeddable":true,"href":"https:\/\/diariodominicano.com\/index.php?rest_route=%2Fwp%2Fv2%2Fcomments&post=37611"}],"version-history":[{"count":0,"href":"https:\/\/diariodominicano.com\/index.php?rest_route=\/wp\/v2\/posts\/37611\/revisions"}],"wp:attachment":[{"href":"https:\/\/diariodominicano.com\/index.php?rest_route=%2Fwp%2Fv2%2Fmedia&parent=37611"}],"wp:term":[{"taxonomy":"category","embeddable":true,"href":"https:\/\/diariodominicano.com\/index.php?rest_route=%2Fwp%2Fv2%2Fcategories&post=37611"},{"taxonomy":"post_tag","embeddable":true,"href":"https:\/\/diariodominicano.com\/index.php?rest_route=%2Fwp%2Fv2%2Ftags&post=37611"}],"curies":[{"name":"wp","href":"https:\/\/api.w.org\/{rel}","templated":true}]}}