{"id":376107,"date":"2022-08-15T09:19:58","date_gmt":"2022-08-15T13:19:58","guid":{"rendered":"http:\/\/diariodominicano.com\/?p=376107"},"modified":"2022-08-15T09:19:58","modified_gmt":"2022-08-15T13:19:58","slug":"asesinan-de-multiples-disparos-a-un-joven-de-24-anos-en-ponce","status":"publish","type":"post","link":"https:\/\/diariodominicano.com\/?p=376107","title":{"rendered":"Asesinan de m\u00faltiples disparos a un joven de 24 a\u00f1os en Ponce"},"content":{"rendered":"\n<h2 class=\"wp-block-heading\">El cuerpo fue hallado en el pavimento cerca de la motora en la que viajaba al momento de los hechos<\/h2>\n\n\n\n<p>lunes, 15 de agosto de 2022 &#8211; 7:36 a.m.<\/p>\n\n\n\n<p>Por&nbsp;<a href=\"https:\/\/www.elnuevodia.com\/autor\/elnuevodiacom\/\">ELNUEVODIA.COM<\/a><\/p>\n\n\n\n<ul class=\"wp-block-list\"><li><\/li><li><\/li><li><img decoding=\"async\" src=\"https:\/\/www.elnuevodia.com\/pf\/resources\/images\/el-nuevo-dia\/logo-whatsapp.svg?d=113\" alt=\"WhatsApp\"><\/li><li><em>\u2709<\/em><\/li><\/ul>\n\n\n\n<p>https:\/\/buy.tinypass.com\/checkout\/template\/cacheableShow?aid=8vZARyTVSg&#038;templateId=OT9JXWQGK6Q1&#038;templateVariantId=OTVCWWJ6UYRMZ&#038;offerId=fakeOfferId&#038;experienceId=EX77S40CFA7U&#038;iframeId=offer_b89294c9d9babab62eb6-0&#038;displayMode=inline&#038;widget=template&#038;url=https%3A%2F%2Fwww.elnuevodia.com<\/p>\n\n\n\n<figure class=\"wp-block-image\"><img decoding=\"async\" src=\"https:\/\/www.elnuevodia.com\/resizer\/HHl1qQakqJ0a3RXWI4W3FemZXtA=\/829x0\/filters:quality(75):format(jpeg):focal(3895x1945:3905x1935)\/cloudfront-us-east-1.images.arcpublishing.com\/gfrmedia\/QA3ZIXIHNNCC3KLHHHAZNE4QMI.JPG\" alt=\"Una llamada al Sistema de Emergencias 9-1-1 alert\u00f3 sobre un herido de bala en el lugar.\"\/><figcaption>Una llamada al Sistema de Emergencias 9-1-1 alert\u00f3 sobre un herido de bala en el lugar.&nbsp;(Teresa Canino Rivera)<\/figcaption><\/figure>\n\n\n\n<p>Un joven de 24 a\u00f1os fue asesinado a disparos poco despu\u00e9s de la medianoche en hechos registrados en la PR-2, intersecci\u00f3n con la avenida Hostos, en&nbsp;<a href=\"https:\/\/www.elnuevodia.com\/topicos\/ponce\/\" target=\"_blank\" rel=\"noreferrer noopener\"><strong>Ponce<\/strong><\/a>, inform\u00f3 este lunes la&nbsp;<a href=\"https:\/\/www.elnuevodia.com\/topicos\/policia-de-puerto-rico\/\" target=\"_blank\" rel=\"noreferrer noopener\"><strong>Polic\u00eda<\/strong><\/a>.<\/p>\n\n\n\n<h1 class=\"wp-block-heading\">RELACIONADOS:<\/h1>\n\n\n\n<h1 class=\"wp-block-heading\"><a href=\"https:\/\/www.elnuevodia.com\/noticias\/seguridad\/notas\/identifican-al-joven-de-26-anos-asesinado-frente-a-una-gasolinera-en-comerio\/\">Identifican al joven de 26 a\u00f1os asesinado frente a una gasolinera en Comer\u00edo<\/a><\/h1>\n\n\n\n<h1 class=\"wp-block-heading\"><a href=\"https:\/\/www.elnuevodia.com\/noticias\/seguridad\/notas\/asesinan-a-dos-hombres-en-hechos-separados-en-guayama-y-bayamon\/\">Asesinan a dos hombres en hechos separados en Guayama y Bayam\u00f3n<\/a><\/h1>\n\n\n\n<p>Seg\u00fan el informe policiaco, una llamada al Sistema de Emergencias 9-1-1 alert\u00f3 sobre un herido de bala en el mencionado lugar.<\/p>\n\n\n\n<p>Al llegar a la escena, agentes localizaron en el pavimento el cuerpo de un individuo identificado como&nbsp;<strong>Joshua Xavier Reyes Jim\u00e9nez<\/strong>, de 24 a\u00f1os y residente en el mencionado municipio.<\/p>\n\n\n\n<p>El occiso, cuyo cuerpo presentaba m\u00faltiples heridas de bala en diferentes partes, viajaba en una motora al momento de los hechos. Esta fue ocupada por la Uniformada.<\/p>\n\n\n\n<p>El agente Luis Casiano, adscrito a la Divisi\u00f3n de Homicidios del&nbsp;<a href=\"https:\/\/www.elnuevodia.com\/topicos\/cic\/\" target=\"_blank\" rel=\"noreferrer noopener\"><strong>Cuerpo de Investigaciones Criminales<\/strong><\/a>&nbsp;de Ponce, se hizo cargo de la investigaci\u00f3n en uni\u00f3n a la fiscal Meilynn Ramos.<a><em>\ud83d\udcac<\/em><\/a><\/p>\n","protected":false},"excerpt":{"rendered":"<p>El cuerpo fue hallado en el pavimento cerca de la motora en la que viajaba al momento de los hechos lunes, 15 de agosto de 2022 &#8211; 7:36 a.m. Por&nbsp;ELNUEVODIA.COM \u2709 https:\/\/buy.tinypass.com\/checkout\/template\/cacheableShow?aid=8vZARyTVSg&#038;templateId=OT9JXWQGK6Q1&#038;templateVariantId=OTVCWWJ6UYRMZ&#038;offerId=fakeOfferId&#038;experienceId=EX77S40CFA7U&#038;iframeId=offer_b89294c9d9babab62eb6-0&#038;displayMode=inline&#038;widget=template&#038;url=https%3A%2F%2Fwww.elnuevodia.com Un joven de 24 a\u00f1os fue asesinado a disparos poco despu\u00e9s de la medianoche en hechos registrados en la PR-2, intersecci\u00f3n con la [&hellip;]<\/p>\n","protected":false},"author":28,"featured_media":376108,"comment_status":"closed","ping_status":"","sticky":true,"template":"","format":"standard","meta":{"footnotes":""},"categories":[29,27],"tags":[],"class_list":["post-376107","post","type-post","status-publish","format-standard","has-post-thumbnail","hentry","category-policiasucesos","category-portada"],"_links":{"self":[{"href":"https:\/\/diariodominicano.com\/index.php?rest_route=\/wp\/v2\/posts\/376107","targetHints":{"allow":["GET"]}}],"collection":[{"href":"https:\/\/diariodominicano.com\/index.php?rest_route=\/wp\/v2\/posts"}],"about":[{"href":"https:\/\/diariodominicano.com\/index.php?rest_route=\/wp\/v2\/types\/post"}],"author":[{"embeddable":true,"href":"https:\/\/diariodominicano.com\/index.php?rest_route=\/wp\/v2\/users\/28"}],"replies":[{"embeddable":true,"href":"https:\/\/diariodominicano.com\/index.php?rest_route=%2Fwp%2Fv2%2Fcomments&post=376107"}],"version-history":[{"count":1,"href":"https:\/\/diariodominicano.com\/index.php?rest_route=\/wp\/v2\/posts\/376107\/revisions"}],"predecessor-version":[{"id":376109,"href":"https:\/\/diariodominicano.com\/index.php?rest_route=\/wp\/v2\/posts\/376107\/revisions\/376109"}],"wp:featuredmedia":[{"embeddable":true,"href":"https:\/\/diariodominicano.com\/index.php?rest_route=\/wp\/v2\/media\/376108"}],"wp:attachment":[{"href":"https:\/\/diariodominicano.com\/index.php?rest_route=%2Fwp%2Fv2%2Fmedia&parent=376107"}],"wp:term":[{"taxonomy":"category","embeddable":true,"href":"https:\/\/diariodominicano.com\/index.php?rest_route=%2Fwp%2Fv2%2Fcategories&post=376107"},{"taxonomy":"post_tag","embeddable":true,"href":"https:\/\/diariodominicano.com\/index.php?rest_route=%2Fwp%2Fv2%2Ftags&post=376107"}],"curies":[{"name":"wp","href":"https:\/\/api.w.org\/{rel}","templated":true}]}}