{"id":37608,"date":"2006-12-19T13:49:11","date_gmt":"2006-12-19T13:49:11","guid":{"rendered":"http:\/\/diariodominicano.ddns.net\/?p=37608"},"modified":"2006-12-19T13:49:11","modified_gmt":"2006-12-19T13:49:11","slug":"los-temas-de-teledebate-39","status":"publish","type":"post","link":"https:\/\/diariodominicano.com\/?p=37608","title":{"rendered":"LOS TEMAS DE TELEDEBATE"},"content":{"rendered":"<p><body><\/p>\n<p class=\"titulogrande1\">LOS TEMAS DE TELEDEBATE<\/p>\n<p>&#13;<\/p>\n<p align=\"justify\" class=\"text1noticias\">TRAGICO DESTINO.\u00a0  Las paradojas de la vida.\u00a0 Quien  como Augusto Pinochet convirti\u00f3 en tr\u00e1gico el destino de miles de sus  opositores, a los cuales sus sicarios torturaron y asesinaron, afront\u00f2 en los  \u00faltimos a\u00f1os de su existencia un destino bien tr\u00e1gico que corre m\u00e0s all\u00e0 de la  tumba.\u00a0 Por lo pronto, ya el juez espa\u00f1ol  Baltasar Garz\u00f3n, el mismo que destap\u00f2 la tenaz persecuci\u00f3n judicial contra el  fenecido dictador acaba de declarar que dar\u00e0 continuidad a los expedientes  abiertos contra el mismo. A las torturas y cr\u00edmenes del controversial militar  seguido por muchos y odiado por muchos m\u00e0s, se suman tambi\u00e8n las  investigaciones por enriquecimiento il\u00edcito, cuyo fruto ha ido apareciendo  depositado en d\u00f3lares en bancos extranjeros.\u00a0  Si los muertos son capaces de moverse dentro de sus tumbas cuando no  pueden reposar en paz,\u00a0 el cad\u00e1ver de  Pinochet lo har\u00e0 por mucho tiempo.\u00a0  Porque a lo de Garz\u00f3n hay que agregar la movilizaci\u00f3n y denuncia  permanente de\u00a0 los familiares de las  numerosas vidas que seg\u00f2 a lo largo de su prolongada dictadura.<\/p>\n<p>&#13;<\/p>\n<p align=\"justify\" class=\"text1noticias\">DURA PRUEBA.\u00a0 El PLD se encuentra abocado a la que pudiera  resultar la m\u00e0s dif\u00eccil prueba en el curso de su historia.\u00a0 <br \/>&#13;<br \/>\n  <br \/>&#13;<br \/>\nCreado por Juan Bosch dentro de un estilo y  una filosof\u00eca pol\u00edtica, que quiso dejar bien establecida la distancia con el  PRD, de cuya matriz surgi\u00f2 a la vida, durante todos estos a\u00f1os hab\u00eca dado  notaciones continuas de una gran disciplina interna y capacidad de manejo de  sus crisis dom\u00e8sticas.\u00a0 Los trapos sucios  los lavaban en su propia tienda.\u00a0  Obviamente esto ocurria cuando era un partido de cuadros y f\u00e9rrea  militancia.\u00a0 Hoy, convertido ya en  agrupaci\u00f3n de masas, la situaci\u00f2n muestra un cambio significativo.\u00a0 Parciales de Danilo Medina y partidarios de  que el Presidente Fern\u00e1ndez opte por un nuevo per\u00ecodo han comenzado a lanzarse  p\u00f9blicamente las cajas y los cajones iniciando un peligroso camino que pudiera  borrar la diferencia con el PRD, donde sus dirigentes ponen especial entusiasmo  en arrancarse al desnudo las tiras de la piel, aunque luego se pongan de  acuerdo.\u00a0 De caer en ese plano, no s\u00f2lo  el PLD perder\u00eca una gran parte de la imagen forjada hacia el p\u00f9blico sino  tambi\u00e8n pudiera en riesgo sus posibilidades de continuar en el poder m\u00e0s all\u00e0  del 2008.<\/p>\n<p>&#13;<\/p>\n<p align=\"justify\" class=\"text1noticias\">DEPORTE.\u00a0 Criticas se han dejado escuchar \u00f9ltimamente  en contra de la Secretar\u00eca  de Estado de Deportes en el sentido de que invierte buena parte de sus  limitados recursos en patrocinar actividades profesionales, mientras las que  corresponden al sector amateur sufren de una continua cruj\u00eca.\u00a0 Parece que hay algo de cierto en la  queja.\u00a0 No se trata de que no le  prestemos calor a nuestros atletas profesionales que ponen en alto el nombre  del pa\u00ecs ya sea en las Grandes Ligas o dentro de las cuerdas de un ring.\u00a0 Pero no puede dejarse de lado el apoyo que  precisa el deporte amateur, cantera de futuros profesionales.\u00a0 Y sobre todo la necesidad ya impostergable de  llevar a la pr\u00e0ctica un ambicioso plan orientado a incluir el deporte como  parte de la formaci\u00f2n docente en las escuelas y liceos del pa\u00ecs.\u00a0 Esa es no s\u00f2lo la gran fragua para masificar  el deporte y que puedan desarrollar su potencial los posibles atletas de alta  competici\u00f3n, sino un requisito esencial para la formaci\u00f3n integral de los  ciudadanos del ma\u00f1ana.\u00a0 Quiz\u00e0s m\u00e0s que  recursos, sea necesario una definida y din\u00e1mica voluntad de Estado.<\/p>\n<p>&#13;<\/p>\n<p align=\"justify\" class=\"text1noticias\">PUERTO PLATA.\u00a0 El caso del fiscal de Puerto Plata muerto en  el curso de lo que las autoridades participantes califican de redada y la  v\u00ecctima y su acompa\u00f1ante, de emboscada, est\u00e0 presentando ribetes cada vez m\u00e0s  contradictorios.\u00a0 Hay discrepancia en el  parecer de los encargados de investigar el caso.\u00a0 Se habla inclusive de que la muerte fue  ocasionada por el disparo de un arma con mira telesc\u00f2pica.\u00a0 El hecho tiene que ser expurgado de manera  minuciosa. Porque si bien se se\u00f1ala que la v\u00ecctima estaba siendo sometida a  investigaci\u00f3n por presuntos actos de extorsi\u00f3n relacionados con el  narcotr\u00e1fico, \u00e8ste a su vez hab\u00eca acusado tambi\u00e8n a agentes de Control de  Drogas de complicidad en el negocio de los estupefacientes.\u00a0\u00a0 Por cierto, la ciudad costera, donde han  ocurrido varios atentados en el curso del presente a\u00f1o que hacen presumir la  mano de los carteles, ha vuelto a ser escenario de otro hecho de sangre, cuando  un ciudadano alem\u00e1n fue v\u00ecctima de un atentado por asesinos que viajaban en un  motor y uno de los cuales portaba una metralleta. Se salv\u00f2 porque llevaba un  chaleco antibalas, evidencia de que tem\u00eca resultar agredido.\u00a0 La pregunta obligada es \u00bfqu\u00e8 est\u00e0 pasando en  Puerto Plata, convertida de sitio tur\u00edstico en campo de muerte?<\/p>\n<p>&#13;<\/p>\n<p align=\"justify\" class=\"text1noticias\">LEGISLADORES FRONTERIZOS.\u00a0 Primero fueron los senadores de las  provincias fronterizas y ahora los son sus catorce representantes en la C\u00e0mara de Diputados  pertenecientes a los tres diferentes partidos levantan a una sola voz el  reclamo de que se mantengan los incentivos para las empresas que decidan  establecerse en la regi\u00f2n.\u00a0 Las razones  son obvias.\u00a0 Se trata de las provincias  m\u00e0s atrasadas, pobres y despobladas de dominicanos que durante d\u00e9cadas han  venido arrastrando una existencia cada vez m\u00e0s miseriosa.\u00a0 Cierto que hay que evitar la competencia con  ventaja, pero por otra parte es evidente que sin incentivos nadie en su sano  juicio ir\u00eca a establecerse a m\u00e0s de 300 kil\u00f2metros de la capital en zonas muy  abandonadas y donde todo o casi todo falta, pudiendo hacerlo aqu\u00ec en la  capital, que es el mercado m\u00e0s importante del pa\u00ecs,\u00a0 donde se halla el grueso de los negocios y se  cuenta con todas las ventajas y facilidades de que se carece en la  frontera.<br \/>&#13;<br \/>\n  <br \/>&#13;<br \/>\n Por lo pronto los congresistas  de la frontera han conseguido algo que no es f\u00e0cil: la unidad por encima de la  diversidad partidaria.\u00a0 Algo que ser\u00eca  muy conveniente si pudi\u00e9ramos ponernos de acuerdo para impulsar un proyecto de  naci\u00f2n, o al menos, si no queremos<\/p>\n<p>&#13;<\/p>\n<h6> 2006-12-19 13:49:11 <\/h6>\n<p><!--\n<link rel=\"stylesheet\" href=\"css\/bootstrap.min.css\">\n\n\n<ul class=\"pagination\">\n\t    \n\t\n\n<li >\n\t<a href='?page_no=13353'>Previous<\/a>\n\t<\/li>\n\n\n       \n    \n\n<li><a href='?page_no=1'>1<\/a><\/li>\n\n\n\n<li><a href='?page_no=2'>2<\/a><\/li>\n\n\n\n<li><a>...<\/a><\/li>\n\n\n\n<li><a href='?page_no=13352'>13352<\/a><\/li>\n\n\n\n<li><a href='?page_no=13353'>13353<\/a><\/li>\n\n\n\n<li class='active'><a>13354<\/a><\/li>\n\n\n\n<li><a href='?page_no=13355'>13355<\/a><\/li>\n\n\n\n<li><a href='?page_no=13356'>13356<\/a><\/li>\n\n\n\n<li><a>...<\/a><\/li>\n\n\n\n<li><a href='?page_no=13611'>13611<\/a><\/li>\n\n\n\n<li><a href='?page_no=13612'>13612<\/a><\/li>\n\n    \n\t\n\n<li >\n\t<a href='?page_no=13355'>Next<\/a>\n\t<\/li>\n\n\n    \n\n<li><a href='?page_no=13612'>Last &rsaquo;&rsaquo;<\/a><\/li>\n\n<\/ul>\n\n\n--><br \/>\n<\/body><\/p>\n","protected":false},"excerpt":{"rendered":"<p>LOS TEMAS DE TELEDEBATE &#13; TRAGICO DESTINO.\u00a0 Las paradojas de la vida.\u00a0 Quien como Augusto Pinochet convirti\u00f3 en tr\u00e1gico el destino de miles de sus opositores, a los cuales sus sicarios torturaron y asesinaron, afront\u00f2 en los \u00faltimos a\u00f1os de su existencia un destino bien tr\u00e1gico que corre m\u00e0s all\u00e0 de la tumba.\u00a0 Por lo [&hellip;]<\/p>\n","protected":false},"author":3,"featured_media":0,"comment_status":"open","ping_status":"open","sticky":false,"template":"","format":"standard","meta":{"footnotes":""},"categories":[16],"tags":[],"class_list":["post-37608","post","type-post","status-publish","format-standard","hentry","category-opiniones"],"_links":{"self":[{"href":"https:\/\/diariodominicano.com\/index.php?rest_route=\/wp\/v2\/posts\/37608","targetHints":{"allow":["GET"]}}],"collection":[{"href":"https:\/\/diariodominicano.com\/index.php?rest_route=\/wp\/v2\/posts"}],"about":[{"href":"https:\/\/diariodominicano.com\/index.php?rest_route=\/wp\/v2\/types\/post"}],"author":[{"embeddable":true,"href":"https:\/\/diariodominicano.com\/index.php?rest_route=\/wp\/v2\/users\/3"}],"replies":[{"embeddable":true,"href":"https:\/\/diariodominicano.com\/index.php?rest_route=%2Fwp%2Fv2%2Fcomments&post=37608"}],"version-history":[{"count":0,"href":"https:\/\/diariodominicano.com\/index.php?rest_route=\/wp\/v2\/posts\/37608\/revisions"}],"wp:attachment":[{"href":"https:\/\/diariodominicano.com\/index.php?rest_route=%2Fwp%2Fv2%2Fmedia&parent=37608"}],"wp:term":[{"taxonomy":"category","embeddable":true,"href":"https:\/\/diariodominicano.com\/index.php?rest_route=%2Fwp%2Fv2%2Fcategories&post=37608"},{"taxonomy":"post_tag","embeddable":true,"href":"https:\/\/diariodominicano.com\/index.php?rest_route=%2Fwp%2Fv2%2Ftags&post=37608"}],"curies":[{"name":"wp","href":"https:\/\/api.w.org\/{rel}","templated":true}]}}