{"id":37607,"date":"2006-12-19T13:55:12","date_gmt":"2006-12-19T13:55:12","guid":{"rendered":"http:\/\/diariodominicano.ddns.net\/?p=37607"},"modified":"2006-12-19T13:55:12","modified_gmt":"2006-12-19T13:55:12","slug":"comentarios-de-medios-3","status":"publish","type":"post","link":"https:\/\/diariodominicano.com\/?p=37607","title":{"rendered":"Comentarios de Medios"},"content":{"rendered":"<p><body><\/p>\n<p align=\"right\"><strong><img loading=\"lazy\" decoding=\"async\" width=\"67\" height=\"36\" src=\"http:\/\/10.0.0.82:8080\/formato_clip_image002_0033.gif\" \/><\/strong><br \/>&#13;<br \/>\n    <strong><img loading=\"lazy\" decoding=\"async\" width=\"177\" height=\"33\" src=\"http:\/\/10.0.0.82:8080\/formato_clip_image004_0012.gif\" \/><\/strong><\/p>\n<p>&#13;<\/p>\n<p align=\"right\"><strong><em>Comentarios de Medios<\/em><\/strong><br \/>&#13;<br \/>\n  <br \/>&#13;<br \/>\n    <em>18\u00a0 de  Diciembre, 2006.<\/em><\/p>\n<p>&#13;<\/p>\n<p align=\"right\"><em>\u00a0\u201cPocas  o ninguna vez se cumple con la ambici\u00f3n <\/em><br \/>&#13;<br \/>\n    <em>que no sea con da\u00f1o de tercero\u201d<\/em><br \/>&#13;<br \/>\n    <br \/>&#13;<br \/>\n    <em>(Miguel de Cervantes Saavedra).<\/em><\/p>\n<p>&#13;<\/p>\n<p>\u00a0<\/p>\n<p>&#13;<\/p>\n<div>&#13;<\/p>\n<p align=\"justify\" class=\"text1noticias\"><strong>Entre Lucas y Juan Mej\u00eda<\/strong><\/p>\n<p>&#13;<\/p>\n<p align=\"justify\" class=\"text1noticias\"> Cuentan que viniendo de una fiesta, un hombre pasado de  tragos se encontr\u00f3 con un arroyo que separaba dos secciones: Lucas y Juan  Mej\u00eda. Con el buen humor que a veces tienen las personas en esa condici\u00f3n,  comenz\u00f3 a saltar de un lado a otro del peque\u00f1o arroyo exclamando: \u201cAhora estoy  en Lucas\u201d, \u201cAhora estoy en Juan   Mej\u00eda\u201d, hasta que en uno de sus saltos cay\u00f3 en el centro del  afluente y exclam\u00f3: \u201cAhora estoy entre Lucas y Juan Mej\u00eda\u201d. <br \/>&#13;<br \/>\n    <br \/>&#13;<br \/>\n     En esas condiciones parece encontrarse el pa\u00eds: entre las  presiones que significa un hecho econ\u00f3mico como es la posibilidad de un nuevo  incremento de impuestos y el teatro que inician los pol\u00edticos en la pista de la  carrera presidencial. <br \/>&#13;<br \/>\n    <br \/>&#13;<br \/>\n     Sin embargo, como se\u00f1ala Diario Libre en una nota  editorial, parece ser que quien perder\u00e1, de todos modos, es el pa\u00eds.<\/p>\n<p>&#13;\n<\/p><\/div>\n<p>&#13;<\/p>\n<p align=\"justify\" class=\"text1noticias\"><strong>UNO<\/strong><br \/>&#13;<br \/>\n    <br \/>&#13;<br \/>\n    Camino a la  reelecci\u00f3n con base en una reforma que  carece de legitimidad<\/p>\n<p>&#13;<\/p>\n<p align=\"justify\" class=\"text1noticias\"> Es  la rese\u00f1a m\u00e1s importante del fin de semana. El Presidente Leonel Fern\u00e1ndez  trilla el camino de la   reelecci\u00f3n. Actos organizados en San Pedro de Macor\u00eds (Este),  San Crist\u00f3bal (Sur) y Moca (Cibao), parecen despejar las dudas sobre su  repostulaci\u00f3n.<br \/>&#13;<br \/>\n    <br \/>&#13;<br \/>\n    Ese  camino, sin embargo, se hace sobre la base de una  reforma constitucional a la que el propio mandatario rest\u00f3 legitimidad y  que hoy conviene aceptar.<br \/>&#13;<br \/>\n    <br \/>&#13;<br \/>\n    En  un art\u00edculo publicado el 29  de julio del 2002 el hoy primer mandatario no se opon\u00eda abiertamente a la  posibilidad de reelecci\u00f3n en la   Carta Magna, pero consideraba que <em>\u201clo procedente hubiese sido que la convocatoria de la Asamblea Revisora  se hubiese hecho, no para aprobar inmediatamente la reelecci\u00f3n, sino para  incorporar a la Carta   Magna la figura del plebiscito o el refer\u00e9ndum, para de esa  manera, entonces, consultar directamente al pueblo a los fines de que este  decidiera si era conforme o no a su voluntad la reintroducci\u00f3n de la reelecci\u00f3n  presidencial en la   Carta Sustantiva de la Naci\u00f3n\u201d<\/em> y a\u00f1ade que <em>\u201cotra modalidad era posible tambi\u00e9n. Pudo  haberse aprobado la reelecci\u00f3n por ante la Asamblea Revisora,  como se hizo, pero inmediatamente someter esa decisi\u00f3n a un plebiscito o  refer\u00e9ndum, previamente aprobado como figura de derecho por la misma Asamblea\u201d.<\/em><br \/>&#13;<br \/>\n    <br \/>&#13;<br \/>\n    Sin  embargo, Fern\u00e1ndez indica que no se hizo de ninguna de esas dos formas.<br \/>&#13;<br \/>\n    <br \/>&#13;<br \/>\n\u201cY  al no hacerse as\u00ed, <strong>esa reforma carece de la requerida legitimidad para ser  aceptada por todos.<\/strong> Pero m\u00e1s a\u00fan, refleja que en sus promotores  predomina una determinada concepci\u00f3n de la democracia, anacr\u00f3nica e  improcedente, la democracia por imposici\u00f3n, la cual debe ser rechazada por  todos aquellos que aspiran a una verdadera convivencia en libertad, pluralidad,  tolerancia y respeto de la soberana voluntad popular\u201d.<br \/>&#13;<br \/>\n<br \/>&#13;<br \/>\nUna  reforma que carece de legitimidad es la que sustenta la actual reelecci\u00f3n.<br \/>&#13;<br \/>\n  \u00a0<br \/>&#13;<br \/>\n  <strong>DOS<\/strong><br \/>&#13;<br \/>\n  <br \/>&#13;<br \/>\n  Opini\u00f3n interesada,  credibilidad y subjetividad<\/p>\n<p>&#13;<\/p>\n<p align=\"justify\" class=\"text1noticias\">El Presidente Fern\u00e1ndez consider\u00f3 que las opiniones de  quienes son precandidatos dentro del PLD y se oponen a su reelecci\u00f3n son  \u201cinteresadas\u201d y tienen limitada credibilidad. \u201cPara m\u00ed esas son opiniones  interesadas y, por tal raz\u00f3n, carecen de la credibilidad que mereciera, si  fuese una opini\u00f3n independiente\u201d. <br \/>&#13;<br \/>\n    <br \/>&#13;<br \/>\n    Viniendo de alguien que ha hecho tantos esfuerzos por  comprender los fen\u00f3menos de la comunicaci\u00f3n, esa afirmaci\u00f3n hay que someterla a  an\u00e1lisis. <br \/>&#13;<br \/>\n    <br \/>&#13;<br \/>\n    Es el tema de la subjetividad que una vez tan  magistralmente tocara Orlando Mart\u00ednez, al plantearnos que subjetividad no es  sin\u00f3nimo de falsedad. Adem\u00e1s, las opiniones \u201cindependientes\u201d a las que hace  alusi\u00f3n el mandatario no est\u00e1n libres de esta subjetividad.<br \/>&#13;<br \/>\n    <br \/>&#13;<br \/>\n  No todo vale para descalificar  opiniones.<\/p>\n<p>&#13;<\/p>\n<p align=\"justify\" class=\"text1noticias\"><strong>TRES<\/strong><br \/>&#13;<br \/>\n    <br \/>&#13;<br \/>\n    Reforma impositiva, una afirmaci\u00f3n que se  desmorona<\/p>\n<p>&#13;<\/p>\n<p align=\"justify\" class=\"text1noticias\">Lo dijo el Presidente Leonel Fern\u00e1ndez. Le precedieron y le  sucedieron en esa opini\u00f3n algunos funcionarios del \u00e1rea econ\u00f3mica: la reforma  impositiva no afectar\u00e1 a los pobres.<br \/>&#13;<br \/>\n    <br \/>&#13;<br \/>\n  Sus diversas formulaciones ponen en duda lo afirmado.<br \/>&#13;<br \/>\n  <br \/>&#13;<br \/>\n  Incluyeron el transporte de carga y se vieron precisados a  hacer una \u201ccorrecci\u00f3n mecanogr\u00e1fica\u201d.<br \/>&#13;<br \/>\n  <br \/>&#13;<br \/>\n  Incluyeron los incentivos al turismo en zonas deprimidas y  rectificaron.<br \/>&#13;<br \/>\n  <br \/>&#13;<br \/>\n  Incluyeron derogar los beneficios de la Ley 28-01 (o de  Desarrollo Fronterizo). Y al escuchar un coro de voces que se opon\u00eda,  rectificaron.<br \/>&#13;<br \/>\n  <br \/>&#13;<br \/>\n  No han podido explicar c\u00f3mo los nuevos impuestos a los  combustibles no afectar\u00e1n a los pobres.<br \/>&#13;<br \/>\n  <br \/>&#13;<br \/>\n  Al parecer creen que la carga impositiva a las cervezas  ser\u00e1 asumida por los fabricantes y no por los consumidores, pobres en su  mayor\u00eda.<br \/>&#13;<br \/>\n  <br \/>&#13;<br \/>\n  Estos son s\u00f3lo algunos ejemplos.<br \/>&#13;<br \/>\n  <br \/>&#13;<br \/>\n  Que el incremento de impuestos no afectar\u00e1 a los pobres es  una afirmaci\u00f3n que se desmorona.<\/p>\n<p>&#13;<\/p>\n<p align=\"justify\" class=\"text1noticias\">Milton  Tejada C.<br \/>&#13;<br \/>\n    <br \/>&#13;<br \/>\n    <a href=\"mailto:tejadamilton@yahoo.com\">tejadamilton@yahoo.com<\/a><\/p>\n<p>&#13;<\/p>\n<h6> 2006-12-19 13:55:12 <\/h6>\n<p><!--\n<link rel=\"stylesheet\" href=\"css\/bootstrap.min.css\">\n\n\n<ul class=\"pagination\">\n\t    \n\t\n\n<li >\n\t<a href='?page_no=13352'>Previous<\/a>\n\t<\/li>\n\n\n       \n    \n\n<li><a href='?page_no=1'>1<\/a><\/li>\n\n\n\n<li><a href='?page_no=2'>2<\/a><\/li>\n\n\n\n<li><a>...<\/a><\/li>\n\n\n\n<li><a href='?page_no=13351'>13351<\/a><\/li>\n\n\n\n<li><a href='?page_no=13352'>13352<\/a><\/li>\n\n\n\n<li class='active'><a>13353<\/a><\/li>\n\n\n\n<li><a href='?page_no=13354'>13354<\/a><\/li>\n\n\n\n<li><a href='?page_no=13355'>13355<\/a><\/li>\n\n\n\n<li><a>...<\/a><\/li>\n\n\n\n<li><a href='?page_no=13611'>13611<\/a><\/li>\n\n\n\n<li><a href='?page_no=13612'>13612<\/a><\/li>\n\n    \n\t\n\n<li >\n\t<a href='?page_no=13354'>Next<\/a>\n\t<\/li>\n\n\n    \n\n<li><a href='?page_no=13612'>Last &rsaquo;&rsaquo;<\/a><\/li>\n\n<\/ul>\n\n\n--><br \/>\n<\/body><\/p>\n","protected":false},"excerpt":{"rendered":"<p>&#13; &#13; Comentarios de Medios&#13; &#13; 18\u00a0 de Diciembre, 2006. &#13; \u00a0\u201cPocas o ninguna vez se cumple con la ambici\u00f3n &#13; que no sea con da\u00f1o de tercero\u201d&#13; &#13; (Miguel de Cervantes Saavedra). &#13; \u00a0 &#13; &#13; Entre Lucas y Juan Mej\u00eda &#13; Cuentan que viniendo de una fiesta, un hombre pasado de tragos se [&hellip;]<\/p>\n","protected":false},"author":3,"featured_media":0,"comment_status":"open","ping_status":"open","sticky":false,"template":"","format":"standard","meta":{"footnotes":""},"categories":[16],"tags":[],"class_list":["post-37607","post","type-post","status-publish","format-standard","hentry","category-opiniones"],"_links":{"self":[{"href":"https:\/\/diariodominicano.com\/index.php?rest_route=\/wp\/v2\/posts\/37607","targetHints":{"allow":["GET"]}}],"collection":[{"href":"https:\/\/diariodominicano.com\/index.php?rest_route=\/wp\/v2\/posts"}],"about":[{"href":"https:\/\/diariodominicano.com\/index.php?rest_route=\/wp\/v2\/types\/post"}],"author":[{"embeddable":true,"href":"https:\/\/diariodominicano.com\/index.php?rest_route=\/wp\/v2\/users\/3"}],"replies":[{"embeddable":true,"href":"https:\/\/diariodominicano.com\/index.php?rest_route=%2Fwp%2Fv2%2Fcomments&post=37607"}],"version-history":[{"count":0,"href":"https:\/\/diariodominicano.com\/index.php?rest_route=\/wp\/v2\/posts\/37607\/revisions"}],"wp:attachment":[{"href":"https:\/\/diariodominicano.com\/index.php?rest_route=%2Fwp%2Fv2%2Fmedia&parent=37607"}],"wp:term":[{"taxonomy":"category","embeddable":true,"href":"https:\/\/diariodominicano.com\/index.php?rest_route=%2Fwp%2Fv2%2Fcategories&post=37607"},{"taxonomy":"post_tag","embeddable":true,"href":"https:\/\/diariodominicano.com\/index.php?rest_route=%2Fwp%2Fv2%2Ftags&post=37607"}],"curies":[{"name":"wp","href":"https:\/\/api.w.org\/{rel}","templated":true}]}}