{"id":37606,"date":"2006-12-19T13:58:15","date_gmt":"2006-12-19T13:58:15","guid":{"rendered":"http:\/\/diariodominicano.ddns.net\/?p=37606"},"modified":"2006-12-19T13:58:15","modified_gmt":"2006-12-19T13:58:15","slug":"el-tiro-rapido-458","status":"publish","type":"post","link":"https:\/\/diariodominicano.com\/?p=37606","title":{"rendered":"EL TIRO RAPIDO"},"content":{"rendered":"<p><body><\/p>\n<p align=\"center\"><span class=\"titulogrande1\">EL TIRO RAPIDO<\/span><br \/>&#13;<br \/>\n  <br \/>&#13;<br \/>\n    <span class=\"textogrande\">de<br \/>&#13;<br \/>\nMario Rivadulla<\/span><\/p>\n<p>&#13;<\/p>\n<p align=\"justify\" class=\"text1noticias\">Los primeros en reaccionar fueron los senadores de las  provincias fronterizas.\u00a0 Todos a una, sin  distingos de partido, levantaron su voz para reclamar se excluya del proyecto  fiscal enviado por el Poder Ejecutivo a las C\u00e0maras Legislativas la eliminaci\u00f3n  de los incentivos establecidos en la ley de Desarrollo Fronterizo.\u00a0 <\/p>\n<p>&#13;<\/p>\n<p align=\"justify\" class=\"text1noticias\">Ahora son los catorce diputados de la regi\u00f2n, tambi\u00e8n pertenecientes a las  3 diferentes parcelas que conforman el cuerpo, los que de igual modo se suman  al reclamo advirtiendo que la eliminaci\u00f3n de esos incentivos pr\u00e1cticamente  matar\u00eca las posibilidades de recuperaci\u00f3n de sus empobrecidas provincias, que  figuran entre las m\u00e0s atrasadas y crecientemente despobladas de dominicanos.<\/p>\n<p>&#13;<\/p>\n<p align=\"justify\" class=\"text1noticias\">Se trata de un argumento poderoso.\u00a0  Al amparo de la legislaci\u00f3n a que antes hacemos menci\u00f3n, se han ido  estableciendo diferentes empresas en \u00e8sa tan importante, por m\u00e0s que  tradicionalmente olvidada porci\u00f2n del territorio nacional, que constituye el  l\u00ecmite natural y jur\u00eddico de nuestra soberan\u00eca terrestre.\u00a0 Algunas de tales empresas son grandes  empleadores de mano de obra que han llevado nuevo aliento de vida y esperanza a  esas deca\u00eddas comunidades.<\/p>\n<p>&#13;<\/p>\n<p align=\"justify\" class=\"text1noticias\">Cierto que hay que evitar la competencia desleal con las empresas del  sector productivo tradicional carente de incentivos y que afronta el reto de  competitividad que le plantea la entrada en vigencia del Tratado de Libre  Comercio, que parece estar a la vuelta de la esquina.<\/p>\n<p>&#13;<\/p>\n<p align=\"justify\" class=\"text1noticias\">Pero no es menos evidente que sin un marco razonable de est\u00edmulos, ning\u00f9n  empresario en su sano juicio, extranjero o criollo, arriesgar\u00eca inversiones a  m\u00e0s de 300 kil\u00f2metros largos de la capital, donde se encuentra el principal  mercado del pa\u00ecs y se disfruta de servicios y facilidades de que se carece en  la frontera, aparte de ahorrarse el costo de un flete cada vez m\u00e0s caro para  transportar su producci\u00f3n.\u00a0 <\/p>\n<p>&#13;<\/p>\n<p align=\"justify\" class=\"text1noticias\">Para lograr cierto equilibrio en este sentido, es que ya la ley de  desarrollo fronterizo fue modificada anteriormente, rest\u00e1ndole algunos  incentivos a fin de calmar la inquietud de sectores empresariales que se  quejaban de que la misma los conced\u00eca en exceso.<\/p>\n<p>&#13;<\/p>\n<p align=\"justify\" class=\"text1noticias\">Por lo pronto, los congresistas fronterizos han conseguido algo nada f\u00e0cil:  la unidad de prop\u00f2sito por encima de la diversidad partidaria.\u00a0 Algo que resultar\u00eca muy conveniente y  provechoso si pudi\u00e9ramos ponernos de acuerdo para impulsar un proyecto de  naci\u00f2n, o al menos, si no podemos ser tan ambiciosos, mejorar la salud y la  educaci\u00f3n al tiempo de un plan para comenzar a superar la interminable y  costosa crisis el\u00e9ctrica.<\/p>\n<p>&#13;<\/p>\n<p align=\"justify\" class=\"text1noticias\">Su gesti\u00f3n en este sentido parece estar bien aspectada.\u00a0 Del lado del equipo econ\u00f2mico del gobierno,  se han enviado se\u00f1ales de que se estar\u00eca en disposici\u00f2n de modificar ese  aspecto de la propuesta fiscal.<\/p>\n<p>&#13;<\/p>\n<p align=\"justify\" class=\"text1noticias\">Es de esperar que as\u00ec se haga. \u00a0Porque de lo contrario, como quiera se mire,  resultar\u00e0 m\u00e0s imposible que simplemente dif\u00eccil que las provincias lim\u00edtrofes  puedan superar el estado de atraso y miseria que vienen arrastrando desde  tiempo casi inmemorial,\u00a0 y que han  provocado un \u00e9xodo creciente de la poblaci\u00f3n dominicana huyendo de esa  dram\u00e1tica realidad y a la b\u00fasqueda de un horizonte m\u00e0s promisorio.<\/p>\n<p>&#13;<\/p>\n<p align=\"justify\" class=\"text1noticias\">(Canal 23,A todo el pa\u00ecs V\u00eca  Sat\u00e9lite,Aster,Telecable Nacional,155 cables locales, por Internet en vivo y  directo al exterior).<\/p>\n<p>&#13;<\/p>\n<h6> 2006-12-19 13:58:15 <\/h6>\n<p><!--\n<link rel=\"stylesheet\" href=\"css\/bootstrap.min.css\">\n\n\n<ul class=\"pagination\">\n\t    \n\t\n\n<li >\n\t<a href='?page_no=13351'>Previous<\/a>\n\t<\/li>\n\n\n       \n    \n\n<li><a href='?page_no=1'>1<\/a><\/li>\n\n\n\n<li><a href='?page_no=2'>2<\/a><\/li>\n\n\n\n<li><a>...<\/a><\/li>\n\n\n\n<li><a href='?page_no=13350'>13350<\/a><\/li>\n\n\n\n<li><a href='?page_no=13351'>13351<\/a><\/li>\n\n\n\n<li class='active'><a>13352<\/a><\/li>\n\n\n\n<li><a href='?page_no=13353'>13353<\/a><\/li>\n\n\n\n<li><a href='?page_no=13354'>13354<\/a><\/li>\n\n\n\n<li><a>...<\/a><\/li>\n\n\n\n<li><a href='?page_no=13611'>13611<\/a><\/li>\n\n\n\n<li><a href='?page_no=13612'>13612<\/a><\/li>\n\n    \n\t\n\n<li >\n\t<a href='?page_no=13353'>Next<\/a>\n\t<\/li>\n\n\n    \n\n<li><a href='?page_no=13612'>Last &rsaquo;&rsaquo;<\/a><\/li>\n\n<\/ul>\n\n\n--><br \/>\n<\/body><\/p>\n","protected":false},"excerpt":{"rendered":"<p>EL TIRO RAPIDO&#13; &#13; de&#13; Mario Rivadulla &#13; Los primeros en reaccionar fueron los senadores de las provincias fronterizas.\u00a0 Todos a una, sin distingos de partido, levantaron su voz para reclamar se excluya del proyecto fiscal enviado por el Poder Ejecutivo a las C\u00e0maras Legislativas la eliminaci\u00f3n de los incentivos establecidos en la ley de [&hellip;]<\/p>\n","protected":false},"author":3,"featured_media":0,"comment_status":"open","ping_status":"open","sticky":false,"template":"","format":"standard","meta":{"footnotes":""},"categories":[16],"tags":[],"class_list":["post-37606","post","type-post","status-publish","format-standard","hentry","category-opiniones"],"_links":{"self":[{"href":"https:\/\/diariodominicano.com\/index.php?rest_route=\/wp\/v2\/posts\/37606","targetHints":{"allow":["GET"]}}],"collection":[{"href":"https:\/\/diariodominicano.com\/index.php?rest_route=\/wp\/v2\/posts"}],"about":[{"href":"https:\/\/diariodominicano.com\/index.php?rest_route=\/wp\/v2\/types\/post"}],"author":[{"embeddable":true,"href":"https:\/\/diariodominicano.com\/index.php?rest_route=\/wp\/v2\/users\/3"}],"replies":[{"embeddable":true,"href":"https:\/\/diariodominicano.com\/index.php?rest_route=%2Fwp%2Fv2%2Fcomments&post=37606"}],"version-history":[{"count":0,"href":"https:\/\/diariodominicano.com\/index.php?rest_route=\/wp\/v2\/posts\/37606\/revisions"}],"wp:attachment":[{"href":"https:\/\/diariodominicano.com\/index.php?rest_route=%2Fwp%2Fv2%2Fmedia&parent=37606"}],"wp:term":[{"taxonomy":"category","embeddable":true,"href":"https:\/\/diariodominicano.com\/index.php?rest_route=%2Fwp%2Fv2%2Fcategories&post=37606"},{"taxonomy":"post_tag","embeddable":true,"href":"https:\/\/diariodominicano.com\/index.php?rest_route=%2Fwp%2Fv2%2Ftags&post=37606"}],"curies":[{"name":"wp","href":"https:\/\/api.w.org\/{rel}","templated":true}]}}