{"id":376057,"date":"2022-08-15T01:10:11","date_gmt":"2022-08-15T05:10:11","guid":{"rendered":"http:\/\/diariodominicano.com\/?p=376057"},"modified":"2022-08-15T01:10:11","modified_gmt":"2022-08-15T05:10:11","slug":"los-restauradores-llegaron-a-capotillo","status":"publish","type":"post","link":"https:\/\/diariodominicano.com\/?p=376057","title":{"rendered":"Los Restauradores\u00a0 llegaron a Capotillo"},"content":{"rendered":"\n<p><\/p>\n\n\n\n<p><strong>Por H\u00e9ctor Tineo Nolasco<\/strong><\/p>\n\n\n\n<p>Diariodominicano.com<\/p>\n\n\n\n<p><\/p>\n\n\n\n<p>SANTO DOMINGO, el 15 de agosto de 1863, un grupo de 14 dominicanos en lucha por la Restauraci\u00f3n de la Rep\u00fablica,&nbsp; tomaron&nbsp; el Cerro de Capotillo, en la loma de David. Eran encabezados&nbsp; por&nbsp; Santiago Rodr\u00edguez,&nbsp; y Benito Monci\u00f3n, quienes llegaron al lugar&nbsp;&nbsp; al caer la noche.<\/p>\n\n\n\n<p>\u00a0\u00a0\u00a0\u00a0 Los\u00a0 restauradores se encontraban en Hait\u00ed. Al\u00a0 ocupar la Loma de David,\u00a0 estaban\u00a0 decididos\u00a0 a poner fin al Gobierno de la  Anexi\u00f3n de la Rep\u00fablica Dominicana a Espa\u00f1a.<\/p>\n\n\n\n<p>&nbsp;&nbsp; El mismo d\u00eda 15 de agosto de 1863,&nbsp; el brigadier espa\u00f1ol&nbsp; Manuel Buceta&nbsp; ten\u00eda la informaci\u00f3n de que los revolucionarios dominicanos&nbsp; se reunir\u00edan en la Loma de David, en las inmediaciones de Sabaneta.<\/p>\n\n\n\n<p>&nbsp;&nbsp;&nbsp; Por ello,&nbsp; orden\u00f3 al General Hungr\u00eda, comandante de la Cuarta Compa\u00f1\u00eda del Batall\u00f3n&nbsp; de San Quint\u00edn, que se dirigiera&nbsp; con sus tropas a la Loma de David, y procediera a incendiar el poblado de Sabaneta con el prop\u00f3sito de impedir los planes de los restauradores.<\/p>\n\n\n\n<p>&nbsp;&nbsp; Sin embargo, la marcha de las tropas del General Hungr\u00eda&nbsp; se produjo al d\u00eda siguiente, el 16 de agosto, cuando los restauradores iniciaron la Guerra de la Restauraci\u00f3n, de la que saldr\u00edan derrotados los&nbsp; militares de Espa\u00f1a.<\/p>\n\n\n\n<p>&nbsp;&nbsp; El&nbsp; 14 de agosto de 1863,&nbsp; el brigadier espa\u00f1ol Manuel Buceta,&nbsp; lleg\u00f3 a Dajab\u00f3n,&nbsp; como parte de su recorrido para comprobar cu\u00e1l era la situaci\u00f3n respecto a los movimientos de dominicanos que planificaban acciones&nbsp; con el objetivo de poner fin al Gobierno de la Anexi\u00f3n.<\/p>\n\n\n\n<p>&nbsp;&nbsp; El d\u00eda 14 de agosto de 1863, el brigadier&nbsp; Manuel Buceta &nbsp;recibi\u00f3 un mensaje del Gobierno de Hait\u00ed, a trav\u00e9s de un general del Ej\u00e9rcito de ese pa\u00eds, en el que el emisario le aseguraba que por instrucci\u00f3n de su Gobierno no se permitir\u00eda que&nbsp; el territorio de Hait\u00ed fuera utilizado por dominicanos para organizar acciones contra el r\u00e9gimen&nbsp; espa\u00f1ol de la Anexi\u00f3n.<\/p>\n\n\n\n<p>&nbsp;&nbsp; De acuerdo con la versi\u00f3n comunicada por el militar haitiano,&nbsp; su pa\u00eds deseaba tener firmes&nbsp; relaciones de amistad e intercambio con la Rep\u00fablica Dominicana.<\/p>\n\n\n\n<p>En el momento que Manuel Buceta recibi\u00f3 el mensaje, los&nbsp; dominicanos que luchaban contra la Anexi\u00f3n, ten\u00edan facilidades de movimiento en el territorio haitiano, lo que le permiti\u00f3 fortalecer su resistencia.<\/p>\n\n\n\n<p>&nbsp;&nbsp;&nbsp;&nbsp; El ambiente favorable de Hait\u00ed, permiti\u00f3 a los restauradores internarse&nbsp; all\u00ed cuando fue necesario. El&nbsp; d\u00eda&nbsp; 13 de agosto de 1863, estaban pr\u00e1cticamente preparados para comenzar la Guerra de la Restauraci\u00f3n, la cual comenzar\u00eda tres d\u00edas despu\u00e9s, el 16 de agosto de 1863.<\/p>\n\n\n\n<p>&nbsp;&nbsp; El d\u00eda 8 de agosto de 1863, los pr\u00f3ceres&nbsp; restauradores Benito Monci\u00f3n, Jos\u00e9 Cabrera y Santiago Rodr\u00edguez, se reunieron en las lomas&nbsp; de Capotillo, para conversar sobre el plan para restaurar la soberan\u00eda nacional.<\/p>\n\n\n\n<p>&nbsp;&nbsp; El&nbsp; mismo d\u00eda 8 de agosto de 1863, el general&nbsp; Buceta rindi\u00f3 un informe a la Capitan\u00eda General de Santo Domingo, en el cual dio cuenta de que recibi\u00f3 noticias&nbsp; de que con frecuencia, \u00abalgunos buques mercantes y de guerra procedentes de Am\u00e9rica del Norte han desembarcado armas que han sido introducidas subrepticiamente en el territorio nacional\u00bb.<\/p>\n\n\n\n<p>&nbsp;&nbsp;&nbsp; El d\u00eda 10 de agosto de 1863, el brigadier&nbsp; Buceta reiter\u00f3 a la Capitan\u00eda General de Santo Domingo, su informe del d\u00eda 8 y le agreg\u00f3 una carta de la Comandancia de Montecristi, en la que se confirma la denuncia.<\/p>\n\n\n\n<p>&nbsp;&nbsp;&nbsp; Inform\u00f3&nbsp; a la Capitan\u00eda General que se aprestaba a iniciar un recorrido a partir del d\u00eda 12&nbsp; de Agosto de 1863 por la frontera con el objetivo de obtener m\u00e1s informaciones.&nbsp; El mismo d\u00eda&nbsp; Benito Monci\u00f3n lleg\u00f3 a la Sabana de Lauvissit, con varias cajas con pertrechos militares, provenientes de Cabo Haitiano.<\/p>\n\n\n\n<p>&nbsp;&nbsp; De su lado,&nbsp; Santiago Rodr\u00edguez&nbsp; y Jos\u00e9 Cabrera concentraron sus esfuerzos para reclutar a dominicanos que estaban decididos a luchar contra la Anexi\u00f3n a Espa\u00f1a.<\/p>\n\n\n\n<p>&nbsp;&nbsp; En Rep\u00fablica Dominicana&nbsp; se produjeron movimientos de resistencia desde que se inici\u00f3 el Gobierno de la&nbsp; Anexi\u00f3n de la Rep\u00fablica a Espa\u00f1a, el 18 de marzo de 1861.<\/p>\n","protected":false},"excerpt":{"rendered":"<p>Por H\u00e9ctor Tineo Nolasco Diariodominicano.com SANTO DOMINGO, el 15 de agosto de 1863, un grupo de 14 dominicanos en lucha por la Restauraci\u00f3n de la Rep\u00fablica,&nbsp; tomaron&nbsp; el Cerro de Capotillo, en la loma de David. Eran encabezados&nbsp; por&nbsp; Santiago Rodr\u00edguez,&nbsp; y Benito Monci\u00f3n, quienes llegaron al lugar&nbsp;&nbsp; al caer la noche. \u00a0\u00a0\u00a0\u00a0 Los\u00a0 restauradores [&hellip;]<\/p>\n","protected":false},"author":28,"featured_media":269845,"comment_status":"closed","ping_status":"","sticky":true,"template":"","format":"standard","meta":{"footnotes":""},"categories":[26,27],"tags":[],"class_list":["post-376057","post","type-post","status-publish","format-standard","has-post-thumbnail","hentry","category-efemerides","category-portada"],"_links":{"self":[{"href":"https:\/\/diariodominicano.com\/index.php?rest_route=\/wp\/v2\/posts\/376057","targetHints":{"allow":["GET"]}}],"collection":[{"href":"https:\/\/diariodominicano.com\/index.php?rest_route=\/wp\/v2\/posts"}],"about":[{"href":"https:\/\/diariodominicano.com\/index.php?rest_route=\/wp\/v2\/types\/post"}],"author":[{"embeddable":true,"href":"https:\/\/diariodominicano.com\/index.php?rest_route=\/wp\/v2\/users\/28"}],"replies":[{"embeddable":true,"href":"https:\/\/diariodominicano.com\/index.php?rest_route=%2Fwp%2Fv2%2Fcomments&post=376057"}],"version-history":[{"count":1,"href":"https:\/\/diariodominicano.com\/index.php?rest_route=\/wp\/v2\/posts\/376057\/revisions"}],"predecessor-version":[{"id":376058,"href":"https:\/\/diariodominicano.com\/index.php?rest_route=\/wp\/v2\/posts\/376057\/revisions\/376058"}],"wp:featuredmedia":[{"embeddable":true,"href":"https:\/\/diariodominicano.com\/index.php?rest_route=\/wp\/v2\/media\/269845"}],"wp:attachment":[{"href":"https:\/\/diariodominicano.com\/index.php?rest_route=%2Fwp%2Fv2%2Fmedia&parent=376057"}],"wp:term":[{"taxonomy":"category","embeddable":true,"href":"https:\/\/diariodominicano.com\/index.php?rest_route=%2Fwp%2Fv2%2Fcategories&post=376057"},{"taxonomy":"post_tag","embeddable":true,"href":"https:\/\/diariodominicano.com\/index.php?rest_route=%2Fwp%2Fv2%2Ftags&post=376057"}],"curies":[{"name":"wp","href":"https:\/\/api.w.org\/{rel}","templated":true}]}}