{"id":37605,"date":"2006-12-20T13:21:11","date_gmt":"2006-12-20T13:21:11","guid":{"rendered":"http:\/\/diariodominicano.ddns.net\/?p=37605"},"modified":"2006-12-20T13:21:11","modified_gmt":"2006-12-20T13:21:11","slug":"los-temas-de-teledebate-38","status":"publish","type":"post","link":"https:\/\/diariodominicano.com\/?p=37605","title":{"rendered":"LOS TEMAS DE TELEDEBATE"},"content":{"rendered":"<p><body><\/p>\n<p class=\"titulogrande1\">LOS TEMAS DE TELEDEBATE<\/p>\n<p>&#13;<\/p>\n<p align=\"justify\" class=\"text1noticias\">DESLINDE.\u00a0 En el PLD  parece que ya se han deslindado los campos despu\u00e8s que el Presidente Leonel  Fern\u00e1ndez en varios actos masivos dio a conocer que est\u00e0 decidido a optar por  la reelecci\u00f3n.\u00a0 El mensaje qued\u00f2  claramente establecido en primera instancia cuando di\u00f2 que el le\u00f2n volver\u00e0 a  rugir, y m\u00e0s todav\u00eca ya a finales de semana cuando, utilizando el argot  beisbolero y refiri\u00e9ndose a Miguel Vargas Maldonado, aunque no lo mencion\u00f2 por  su nombre, prometi\u00f3 que lo ponchar\u00e0 con tres lanzamientos, el \u00f9ltimo una bola  de humo que no ver\u00e0 pasar, alusi\u00f2n que \u00e8ste, ni corto ni perezoso, replic\u00f2 ayer  mismo asegurando que al Presidente se le ha ca\u00ecdo el brazo.\u00a0 Ahora por tanto, el PLD ya cuenta con tres  precandidatos en la carrera por la postulaci\u00f3n.\u00a0  Las aspiraciones en los partidos, si de manifiestan dentro de normas  precisas de respeto y transparencia, contribuyen a su fortalecimiento en la  medida en que moviliza sus fuerzas y convence y capta nuevos simpatizantes.  Como contrapartida, ofrecen el riesgo de provocar ronchas y hasta escisiones si  en cambio se convierten en una lucha feroz y desgarrante entre los  aspirantes.\u00a0 En el PLD se han registrado  ciertos vagidos en ese sentido con imputaciones y r\u00e8plicas subidas de tono por  parte de miembros del entorno de Danilo Medina y Leonel Fern\u00e1ndez, con la  excepci\u00f3n de Jos\u00e8 Tom\u00e0s P\u00e9rez que con su discurso ha logrado contagiar de  mesura a sus seguidores.\u00a0 Corresponder\u00e0  ahora tanto a Leonel como a Danilo aquietar las pasiones de su entorno de tal  modo que el desarrollo de la campa\u00f1a no termine por poner obst\u00e1culos al apoyo  que los aspirantes deben otorgar a quien resulte ganador, si el partido de  gobierno quiere luchar en mejores condiciones por su continuidad en el poder  m\u00e0s all\u00e0 del 2008.<\/p>\n<p>&#13;<\/p>\n<p align=\"justify\" class=\"text1noticias\">LINCHAMIENTOS.\u00a0 En  otras ocasiones hemos advertido sobre la necesidad de parar los  linchamientos.\u00a0 Se explica, aunque no se  justifica, el malestar y la indignaci\u00f3n de la gente cuando sorprenden un  presunto ladr\u00f2n o criminal y tratan de tomarse justicia por propia mano.\u00a0 Es una evidencia de la escasa fe que todav\u00eca  existe en relaci\u00f2n con el poder de la justicia para sancionar debidamente a  quienes deliquen.\u00a0 Pero es una reacci\u00f3n  en extremo peligrosa que lleva a los ciudadanos a caer en planos inciviles y a  cometer posibles atropellos tan graves o m\u00e0s que las faltas que se pretende  castigar de una manera tan expedita.\u00a0  Juan Bol\u00edvar D\u00ecaz, en su columna de Hoy del pasado s\u00e1bado, nos hace el  relato estremecedor de un fot\u00f3grafo norteamericano radicado en el pa\u00ecs John  Gallaguer, quien estuvo a punto de perder la vida como consecuencia de un error  que provoc\u00f2 que una turba lo golpeara duramente sin atender a sus  explicaciones.\u00a0 Peor a\u00f9n. Cuando fue a  dar al Plan Piloto all\u00ec un descompuesto agente agreg\u00f2 a la golpiza algunas  trompadas m\u00e0s de su propia cosecha y hasta lleg\u00f2 a rastrillarle el arma.\u00a0 Pasaron horas antes de que la situaci\u00f2n se  aclarara.\u00a0 Pero hoy Gallaguer, quien ama  a este pa\u00ecs, resiente como es natural el trato de que fue v\u00ecctima.\u00a0 Hay que insistir en que el camino correcto y  \u00f9nico admisible es entregar el presunto delincuente a la Polic\u00eca y no  maltratarlo.\u00a0 Lo contrario es  convertirnos en seres irracionales y el pa\u00ecs en una selva. En cuanto al agente  que deshonr\u00f2 el uniforme con su actitud, es pa fuera del cuerpo que debe ir sin  contemplaciones y pa dentro de Najayo que debe estar por el atropello y abuso  que cometi\u00f3.<br \/>&#13;<br \/>\n  <br \/>&#13;<br \/>\n  NUEVAS QUEJAS.\u00a0  Recientemente el Procurador General de la Rep\u00f9blica se quej\u00f2  p\u00fablicamente de los fallos a su juicio en extremo d\u00e9biles, que dictan muchos jueces  en los casos de abuso femenino.\u00a0 Ya antes  esa misma denuncia la hab\u00eca mantenido su predecesor,\u00a0 Francisco Dom\u00ednguez Brito, hoy senador por  Santiago, pero referida a los expedientes de narcotr\u00e1fico. Ahora Radham\u00e8s  Jim\u00e9nez retoma este mismo tema insistiendo en que hay jueces que se muestran en  extremo laxos y permisivos con los acusados de tr\u00e0fico de drogas.\u00a0 Se trata de denuncias sobre temas  sensibles.\u00a0 En el caso de las mujeres  abusadas, porque es una pr\u00e0ctica aberrante, abusiva y a fin de cuentas, cobarde.\u00a0 No hay nada m\u00e0s repugnante que un hombre  valido de su fuerza f\u00edsica abusando de una mujer ya sea f\u00edsica, emocional o  sexualmente.\u00a0 Tampoco son muchos los  delitos que por sus grav\u00edsimas consecuencias de todo punto puedan equiparse al  infame comercio de drogas.\u00a0 Los jueces  involucrados se escudan en las normas del C\u00f3digo Procesal Penal y argumentan  que los expedientes que se les someten son d\u00e9biles o mal instrumentados.\u00a0 \u00bfHasta d\u00f2nde es cierto esto? El nuevo C\u00f3digo  ha sido criticado en ocasiones principalmente porque se estima que el derecho  de la sociedad a disfrutar de seguridad no est\u00e0 debidamente protegido,\u00a0 otros lo defienden a capa y espada afirmando  que es garante de derechos individuales que antes eran violados por la  autoridad.\u00a0 \u00bfNo ser\u00eca posible someterlo a  revisi\u00f3n para armonizar mejor ambos aspectos?\u00a0\u00a0  Porque las denuncias del Procurador, que es el defensor nato de la  sociedad en el campo jur\u00eddico, no pueden tampoco pasarse por alto.<\/p>\n<p>&#13;<\/p>\n<p align=\"justify\" class=\"text1noticias\">MAFIA DE LAS PENSIONES.\u00a0  Sobre el esc\u00e0ndalo de las pensiones en la Secretar\u00eca de Finanzas,  seg\u00f9n el Diario Libre, ha ca\u00ecdo una especie de manto de espeso silencio.\u00a0 Hay que recordar que fue el popular tabloide  matutino el que destap\u00f2 el caso ante la opini\u00f3n p\u00f9blica.\u00a0 Las primeras estimaciones son de que el negociazo  produjo unos 50 millones de pesos, pero es posible que la cifra se quede  corta.\u00a0 J\u00f3venes cobrando pensiones de 40  y 50 mil pesos, cheques de m\u00e0s de mil fallecidos que segu\u00edan saliendo a nombre  de \u00e8stos y eran cambiados en bancos y con canjeadores, otros que no eran  informados de que pod\u00ecan cobrar sus pensiones las cuales en cambio eran  percibidas por los malhechores, dan elementos de prueba m\u00e0s que sobrados para  montar un buen expediente criminal. Esperemos que sea as\u00ec y no tengamos que  lamentar un nuevo episodio de vergonzosa impunidad.<\/p>\n<p>&#13;<\/p>\n<p align=\"justify\" class=\"text1noticias\">EL TIRO RAPIDO<br \/>&#13;<br \/>\n  <br \/>&#13;<br \/>\n  de<br \/>&#13;<br \/>\nMario Rivadulla<\/p>\n<p>&#13;<\/p>\n<p align=\"justify\">\u00a0<\/p>\n<p>&#13;<\/p>\n<p align=\"justify\" class=\"text1noticias\">No hay manera de tapar el sol con un dedo.\u00a0\u00a0 Definitivamente estamos tremendamente  atrasados, colocados en el \u00f9ltimo escal\u00f2n en el \u00e0rea de la educaci\u00f3n.<\/p>\n<p>&#13;<\/p>\n<p align=\"justify\" class=\"text1noticias\">Al decirlo no estamos juzgando\u00a0 la actual gesti\u00f3n, ni la anterior, ni ninguna  otra. El problema arrastra tantas d\u00e9cadas como la crisis el\u00e9ctrica.\u00a0 Y presenta siempre, de a\u00f1o en a\u00f1o, en mayor o  menor grado, las mismas facetas: falta de suficientes escuelas, aulas  sobrepobladas,\u00a0 mal estado de muchas de  ellas, carencia de pupitres y materiales escolares,\u00a0 m\u00e9todos de ense\u00f1anza arcaicos, obsoletos,  infuncionales. Pero sobre todo carencia de suficientes profesores debidamente  capacitados para impartir una ense\u00f1anza de calidad.<\/p>\n<p>&#13;<\/p>\n<p align=\"justify\" class=\"text1noticias\">El caso de Pedernales que se menciona es m\u00e0s que triste,  simplemente desolador. Casi 96 por ciento de los alumnos de cuarto de  Bachillerato han reprobado sus examenes.\u00a0  Pero&#8230;\u00bfes el \u00f9nico ejemplo de fracaso docente?\u00a0 \u00bfCu\u00e0les son una y otra vez\u00a0 los resultados que arrojan\u00a0 las pruebas nacionales, en ocasiones  convertidas en marco de vergonzosas corruptelas?\u00a0 \u00bfC\u00f2mo esconder la falta de dominio b\u00e1sico de  la mayor\u00eca del estudiantado en Matem\u00e1tica y Espa\u00f1ol, que constituyen los  pilares fundamentales de la educaci\u00f3n? \u00bfC\u00f2mo esperar otro resultado, cuando  apenas nuestros ni\u00f1os y j\u00f3venes reciben\u00a0  dos horas diarias de clase frente a las cinco que es el promedio  establecido como necesario?<\/p>\n<p>&#13;<\/p>\n<p align=\"justify\" class=\"text1noticias\">\u00bfAcaso hemos  podido reducir de manera apreciable los altos niveles de deserci\u00f3n escolar en  los diferentes tramos de la docencia?\u00a0  \u00bfC\u00f2mo negar lo que reconocen las propias autoridades universitarias,  tanto del sector p\u00f9blico como privado,\u00a0  que es el bajo nivel de escolaridad con que arriban a la ense\u00f1anza  superior la mayor parte de nuestros bachilleres?\u00a0 \u00bfVamos a ignorar que el 56 porciento de los  trabajadores empleados en los sectores productivos apenas han llegado a un  cuarto curso y para ello muy precariamente?\u00a0  Las evidencias son abrumadoras y demasiado numerosas para relacionarlas en  la obligada brevedad del comentario.<\/p>\n<p>&#13;<\/p>\n<p align=\"justify\" class=\"text1noticias\">Podemos hacer del tema objeto de infecunda pol\u00e9mica  partidaria.\u00a0 Culpar a una u otra  administraci\u00f3n de desatender la educaci\u00f3n.\u00a0  Pero por ese camino de chachareo improductivo no llegaremos a\u00a0 conclusiones provechosas ni a las\u00a0 decisiones necesarias. Sea por la raz\u00f3n que  sea,\u00a0 lo cierto es que hasta ahora nunca  hemos dedicado a la educaci\u00f3n los recursos necesarios y recomendados para  llevar a cabo las profundas transformaciones de toda naturaleza que requiere  nuestro deficiente sistema educativo.<\/p>\n<p>&#13;<\/p>\n<p align=\"justify\" class=\"text1noticias\">Modificar \u00e8ste, introducir los cambios de fondo que  requiere,\u00a0 extra\u00f1arlo de la agenda  partidaria para convertirlo en un gran proyecto de naci\u00f2n debe ser prioridad no  solo del gobierno sino de todas las fuerzas actuantes en nuestra sociedad.<\/p>\n<p>&#13;<\/p>\n<p align=\"justify\" class=\"text1noticias\">Mientras no lo hagamos as\u00ec,\u00a0 seguiremos pasando por la verg\u00fcenza de ser el  \u00f9ltimo en calidad de la ense\u00f1anza p\u00f9blica entre 115 pa\u00ecses analizados por el  Fondo Educativo del Banco Mundial,\u00a0  nuestros alumnos arrojando tan bajos rendimientos a nivel internacional  que ni siquiera aparecemos en las estad\u00edsticas y el pueblo aspirando a un  bienestar que jam\u00e0s podr\u00e0 hacerse realidad sino seguir\u00e0 siendo frustrante  pesadilla, mientras no hagamos lo necesario para disponer de los recursos  humanos debidamente calificados para poder lograrlo.<\/p>\n<p>&#13;<\/p>\n<p align=\"justify\" class=\"text1noticias\">Porque insistimos: sin educaci\u00f3n no es posible alcanzar  aut\u00e8ntico y sostenido progreso ni una mejor calidad de vida, a\u00f9n si ma\u00f1ana se  produjese el milagro de encontrar en nuestro pedazo de isla el\u00a0 petr\u00f3leo de que carecemos y que, sin embargo,  gastamos tan alegremente.<\/p>\n<p>&#13;<\/p>\n<h6> 2006-12-20 13:21:11 <\/h6>\n<p><!--\n<link rel=\"stylesheet\" href=\"css\/bootstrap.min.css\">\n\n\n<ul class=\"pagination\">\n\t    \n\t\n\n<li >\n\t<a href='?page_no=13350'>Previous<\/a>\n\t<\/li>\n\n\n       \n    \n\n<li><a href='?page_no=1'>1<\/a><\/li>\n\n\n\n<li><a href='?page_no=2'>2<\/a><\/li>\n\n\n\n<li><a>...<\/a><\/li>\n\n\n\n<li><a href='?page_no=13349'>13349<\/a><\/li>\n\n\n\n<li><a href='?page_no=13350'>13350<\/a><\/li>\n\n\n\n<li class='active'><a>13351<\/a><\/li>\n\n\n\n<li><a href='?page_no=13352'>13352<\/a><\/li>\n\n\n\n<li><a href='?page_no=13353'>13353<\/a><\/li>\n\n\n\n<li><a>...<\/a><\/li>\n\n\n\n<li><a href='?page_no=13611'>13611<\/a><\/li>\n\n\n\n<li><a href='?page_no=13612'>13612<\/a><\/li>\n\n    \n\t\n\n<li >\n\t<a href='?page_no=13352'>Next<\/a>\n\t<\/li>\n\n\n    \n\n<li><a href='?page_no=13612'>Last &rsaquo;&rsaquo;<\/a><\/li>\n\n<\/ul>\n\n\n--><br \/>\n<\/body><\/p>\n","protected":false},"excerpt":{"rendered":"<p>LOS TEMAS DE TELEDEBATE &#13; DESLINDE.\u00a0 En el PLD parece que ya se han deslindado los campos despu\u00e8s que el Presidente Leonel Fern\u00e1ndez en varios actos masivos dio a conocer que est\u00e0 decidido a optar por la reelecci\u00f3n.\u00a0 El mensaje qued\u00f2 claramente establecido en primera instancia cuando di\u00f2 que el le\u00f2n volver\u00e0 a rugir, y [&hellip;]<\/p>\n","protected":false},"author":3,"featured_media":0,"comment_status":"open","ping_status":"open","sticky":false,"template":"","format":"standard","meta":{"footnotes":""},"categories":[16],"tags":[],"class_list":["post-37605","post","type-post","status-publish","format-standard","hentry","category-opiniones"],"_links":{"self":[{"href":"https:\/\/diariodominicano.com\/index.php?rest_route=\/wp\/v2\/posts\/37605","targetHints":{"allow":["GET"]}}],"collection":[{"href":"https:\/\/diariodominicano.com\/index.php?rest_route=\/wp\/v2\/posts"}],"about":[{"href":"https:\/\/diariodominicano.com\/index.php?rest_route=\/wp\/v2\/types\/post"}],"author":[{"embeddable":true,"href":"https:\/\/diariodominicano.com\/index.php?rest_route=\/wp\/v2\/users\/3"}],"replies":[{"embeddable":true,"href":"https:\/\/diariodominicano.com\/index.php?rest_route=%2Fwp%2Fv2%2Fcomments&post=37605"}],"version-history":[{"count":0,"href":"https:\/\/diariodominicano.com\/index.php?rest_route=\/wp\/v2\/posts\/37605\/revisions"}],"wp:attachment":[{"href":"https:\/\/diariodominicano.com\/index.php?rest_route=%2Fwp%2Fv2%2Fmedia&parent=37605"}],"wp:term":[{"taxonomy":"category","embeddable":true,"href":"https:\/\/diariodominicano.com\/index.php?rest_route=%2Fwp%2Fv2%2Fcategories&post=37605"},{"taxonomy":"post_tag","embeddable":true,"href":"https:\/\/diariodominicano.com\/index.php?rest_route=%2Fwp%2Fv2%2Ftags&post=37605"}],"curies":[{"name":"wp","href":"https:\/\/api.w.org\/{rel}","templated":true}]}}