{"id":37604,"date":"2006-12-20T13:27:13","date_gmt":"2006-12-20T13:27:13","guid":{"rendered":"http:\/\/diariodominicano.ddns.net\/?p=37604"},"modified":"2006-12-20T13:27:13","modified_gmt":"2006-12-20T13:27:13","slug":"indiferencia-a-la-abstencion-electoral","status":"publish","type":"post","link":"https:\/\/diariodominicano.com\/?p=37604","title":{"rendered":"Indiferencia a la Abstenci\u00f3n Electoral"},"content":{"rendered":"<p><body><\/p>\n<p>La ca\u00edda de la participaci\u00f3n electoral en las \u00faltimas  contiendas no fue un hecho excepcional, sino una tendencia sostenida desde  nuestras primeras elecciones democr\u00e1ticas.&#13;<\/p>\n<p align=\"justify\" class=\"text1noticias\">Aunque no tenemos exactitud poblacional, b\u00e1sicamente por el  d\u00e9ficit censal \u00a0en que hemos estado  sumergidos, logramos detectar a partir del padr\u00f3n,\u00a0 \u00a0aproximaciones  contundentes de esa implosi\u00f3n en el sistema de votaciones.<\/p>\n<p>&#13;<\/p>\n<p align=\"justify\" class=\"text1noticias\">Conocemos entonces que en los \u00faltimos 23 a\u00f1os el virus de la  abstenci\u00f3n electoral ha venido creciendo de manera constante y aunque  en las pasadas elecciones estuvo pr\u00e1cticamente \u201ccontrolada\u201d, ha estado  revelando sentimientos del electorado que oscilan entre la apat\u00eda y la  protesta.<\/p>\n<p>&#13;<\/p>\n<p align=\"justify\" class=\"text1noticias\">En los\u00a0 comicios  presidenciales del 2004, calificados por organismos nacionales e internacionales como\u00a0\u00a0 organizados y limpios; de un total de 5,020,703 inscritos en el padr\u00f3n de la Junta Central  Electoral, acudi\u00f3 a las urnas 3 millones 613,700 votantes, lo que significa que m\u00e1s  de un mill\u00f3n 407 \u00a0mil personas, no  ejercieron su derecho al voto.<\/p>\n<p>&#13;<\/p>\n<p align=\"justify\" class=\"text1noticias\">Asimismo, en las elecciones de medio t\u00e9rmino en mayo del  2006, de los 5 millones 369 mil 064 que estaban habilitados para el  sufragio, votaron o fueron contados 2 millones 991,031, significando tan solo el  55.7 por ciento \u00a0de los inscriptos en el  registro electoral.<\/p>\n<p>&#13;<\/p>\n<p align=\"justify\" class=\"text1noticias\">Por otro lado, podemos observar que el 27% de la abstenci\u00f3n  registrada en las elecciones del 2004 y el 44.3 que no vot\u00f3 anul\u00f3 o le fue  anulado el sufragio, no corresponde a abstencionistas militantes. La  aseveraci\u00f3n se puede sostener en el hecho de que la abstenci\u00f3n es  inconstante debido a que es, no acudir a votar en unas elecciones de manera  voluntaria o involuntaria, es decir, por desinter\u00e9s en la pol\u00edtica,  discrepancia con la democracia y sus autores, por errores en el padr\u00f3n,  enfermedad, dificultades \u00a0de transporte,  falta de informaci\u00f3n u otra causa.<\/p>\n<p>&#13;<\/p>\n<p align=\"justify\" class=\"text1noticias\">El abstencionismo es un fen\u00f3meno sociol\u00f3gico complicado, en  torno al cual, \u00a0no se han podido poner de  acuerdo los especialistas del tema, de modo que no \u00a0existe una tipolog\u00eda universalmente aceptada  para calificar sus causas de manera concluyente.<\/p>\n<p>&#13;<\/p>\n<p align=\"justify\" class=\"text1noticias\">Por esa raz\u00f3n, se plantea un arrimo a un marco te\u00f3rico capaz  de explicar, de \u00a0la manera m\u00e1s amplia  posible, las variables que afectan a la participaci\u00f3n \u00a0electoral sin dejar de advertir los riesgos de  llegar a generalizaciones.<\/p>\n<p>&#13;<\/p>\n<p align=\"justify\" class=\"text1noticias\">Estos riesgos son a consecuencia de la naturaleza compleja y  cambiante del abstencionismo, y sobre todo, a la falta de claridad que hay  en torno a los alcances y significados pol\u00edticos del fen\u00f3meno con su  importancia en el desempe\u00f1o del contexto democr\u00e1tico.<\/p>\n<p>&#13;<\/p>\n<p align=\"justify\" class=\"text1noticias\">La abstenci\u00f3n ha estado determinada por un amplio n\u00famero de  variables que \u00a0pueden afectar los niveles  de participaci\u00f3n electoral como son las condiciones socioecon\u00f3micas, hist\u00f3ricas, pol\u00edticas,  comunicacionales y estructurales.<\/p>\n<p>&#13;<\/p>\n<p align=\"justify\" class=\"text1noticias\">Partiendo de la hip\u00f3tesis m\u00e1s plausible que puede explicar satisfactoriamente el fen\u00f3meno de la abstenci\u00f3n, \u00e9sta no  puede ser <br \/>&#13;<br \/>\n  interpretada en su totalidad desde una \u00f3ptica de rechazo al  proceso electoral y tampoco con exclusividad a las deficiencias  institucionales y partidarias.<\/p>\n<p>&#13;<\/p>\n<p align=\"justify\" class=\"text1noticias\">Resulta entonces dif\u00edcil ponerse de acuerdo acerca de las  causas y consecuencias de este fen\u00f3meno y aunque es obvio que la  abstenci\u00f3n representa un problema de primer orden, tendr\u00edamos que  preguntarnos: \u00bfpara \u00a0qui\u00e9n? \u00bfpara la Junta Central  Electoral? \u00bfpara el Gobierno? \u00bfpara los partidos pol\u00edticos? o \u00bfpara los propios electores?.<\/p>\n<p>&#13;<\/p>\n<p align=\"justify\" class=\"text1noticias\">En realidad el aumento del voto esc\u00e9ptico en buena medida  constituye un mensaje de castigo a los gobiernos por la forma de manejar  la cosa p\u00fablica.<\/p>\n<p>&#13;<\/p>\n<p align=\"justify\" class=\"text1noticias\">Refleja, asimismo, una alienaci\u00f3n respecto al sistema  pol\u00edtico en la medida en que los electores consideran que los intereses del pa\u00eds o  los individuales no est\u00e1n representados con ninguna de las  opciones ofertadas.<\/p>\n<p>&#13;<\/p>\n<p align=\"justify\" class=\"text1noticias\">De igual manera la abstenci\u00f3n resalta, asimismo, la d\u00e9bil  autodeterminaci\u00f3n \u00a0del elector en cuanto  a participar exigiendo mejora y cambio en el sistema \u00a0pol\u00edtico tradicional y en pro del  perfeccionamiento de la democracia. Aunque, tambi\u00e9n, el ciudadano deserta en masas despu\u00e9s de  varias campa\u00f1as \u00a0insustanciales.<\/p>\n<p>&#13;<\/p>\n<p align=\"justify\" class=\"text1noticias\">Entonces \u00bfcomo debe interpretarse esta elevada abstenci\u00f3n en  el plano de nuestra historia electoral y como disminuirla?. En primer  lugar, en las elecciones los observadores del fen\u00f3meno tienden a olvidar  que no todas las \u00a0personas inscritas en  el padr\u00f3n electoral est\u00e1n organizadas o votan en funci\u00f3n del mandato del partido de simpat\u00eda, de la coyuntura  del momento o \u00a0sencillamente no ejercen  el derecho al sufragio por otras razones particulares.<\/p>\n<p>&#13;<\/p>\n<p align=\"justify\" class=\"text1noticias\">Quiz\u00e1s el caso que m\u00e1s ilustra la acentuaci\u00f3n de los  problemas que nos presenta la interpretaci\u00f3n de la abstenci\u00f3n, es que los  partidos pr\u00e1cticamente se conforman con una abstenci\u00f3n que se ha  mantenido \u201ccontrolada\u201d en los \u00faltimos a\u00f1os oscilando entre el 24 al 37  por ciento.<\/p>\n<p>&#13;<\/p>\n<p align=\"justify\" class=\"text1noticias\">La abstenci\u00f3n electoral debe ser una preocupaci\u00f3n esencial  de los gobiernos \u00a0democr\u00e1ticos. De igual  manera, los partidos pol\u00edticos y la Junta Central \u00a0Electoral, coautores supremos de la democracia  electoral, deber\u00edan asumir \u00a0como realidad  inexpugnable, que el crecimiento e incluso el mantenimiento \u00a0estable de la abstenci\u00f3n est\u00e1 en la l\u00ednea de  continuidad de lo que se \u00a0denomina  \u201ccrisis de representatividad o malestar del ciudadano\u201d.<\/p>\n<p>&#13;<\/p>\n<p align=\"justify\" class=\"text1noticias\">Lo pr\u00e1ctico ser\u00eda no seguir descuid\u00e1ndonos o encubriendo las  causas y las incidencias del abstencionismo electoral. Y lo propio ser\u00eda,  abrir el debate ahora, para que en lo futuro, se act\u00fae consecuentemente, en el  mapa de la realidad socioelectoral.\n<\/p>\n<h6> 2006-12-20 13:27:13 <\/h6>\n<p><!--\n<link rel=\"stylesheet\" href=\"css\/bootstrap.min.css\">\n\n\n<ul class=\"pagination\">\n\t    \n\t\n\n<li >\n\t<a href='?page_no=13349'>Previous<\/a>\n\t<\/li>\n\n\n       \n    \n\n<li><a href='?page_no=1'>1<\/a><\/li>\n\n\n\n<li><a href='?page_no=2'>2<\/a><\/li>\n\n\n\n<li><a>...<\/a><\/li>\n\n\n\n<li><a href='?page_no=13348'>13348<\/a><\/li>\n\n\n\n<li><a href='?page_no=13349'>13349<\/a><\/li>\n\n\n\n<li class='active'><a>13350<\/a><\/li>\n\n\n\n<li><a href='?page_no=13351'>13351<\/a><\/li>\n\n\n\n<li><a href='?page_no=13352'>13352<\/a><\/li>\n\n\n\n<li><a>...<\/a><\/li>\n\n\n\n<li><a href='?page_no=13611'>13611<\/a><\/li>\n\n\n\n<li><a href='?page_no=13612'>13612<\/a><\/li>\n\n    \n\t\n\n<li >\n\t<a href='?page_no=13351'>Next<\/a>\n\t<\/li>\n\n\n    \n\n<li><a href='?page_no=13612'>Last &rsaquo;&rsaquo;<\/a><\/li>\n\n<\/ul>\n\n\n--><br \/>\n<\/body><\/p>\n","protected":false},"excerpt":{"rendered":"<p>La ca\u00edda de la participaci\u00f3n electoral en las \u00faltimas contiendas no fue un hecho excepcional, sino una tendencia sostenida desde nuestras primeras elecciones democr\u00e1ticas.&#13; Aunque no tenemos exactitud poblacional, b\u00e1sicamente por el d\u00e9ficit censal \u00a0en que hemos estado sumergidos, logramos detectar a partir del padr\u00f3n,\u00a0 \u00a0aproximaciones contundentes de esa implosi\u00f3n en el sistema de votaciones. [&hellip;]<\/p>\n","protected":false},"author":3,"featured_media":0,"comment_status":"open","ping_status":"open","sticky":false,"template":"","format":"standard","meta":{"footnotes":""},"categories":[16],"tags":[],"class_list":["post-37604","post","type-post","status-publish","format-standard","hentry","category-opiniones"],"_links":{"self":[{"href":"https:\/\/diariodominicano.com\/index.php?rest_route=\/wp\/v2\/posts\/37604","targetHints":{"allow":["GET"]}}],"collection":[{"href":"https:\/\/diariodominicano.com\/index.php?rest_route=\/wp\/v2\/posts"}],"about":[{"href":"https:\/\/diariodominicano.com\/index.php?rest_route=\/wp\/v2\/types\/post"}],"author":[{"embeddable":true,"href":"https:\/\/diariodominicano.com\/index.php?rest_route=\/wp\/v2\/users\/3"}],"replies":[{"embeddable":true,"href":"https:\/\/diariodominicano.com\/index.php?rest_route=%2Fwp%2Fv2%2Fcomments&post=37604"}],"version-history":[{"count":0,"href":"https:\/\/diariodominicano.com\/index.php?rest_route=\/wp\/v2\/posts\/37604\/revisions"}],"wp:attachment":[{"href":"https:\/\/diariodominicano.com\/index.php?rest_route=%2Fwp%2Fv2%2Fmedia&parent=37604"}],"wp:term":[{"taxonomy":"category","embeddable":true,"href":"https:\/\/diariodominicano.com\/index.php?rest_route=%2Fwp%2Fv2%2Fcategories&post=37604"},{"taxonomy":"post_tag","embeddable":true,"href":"https:\/\/diariodominicano.com\/index.php?rest_route=%2Fwp%2Fv2%2Ftags&post=37604"}],"curies":[{"name":"wp","href":"https:\/\/api.w.org\/{rel}","templated":true}]}}