{"id":37600,"date":"2006-12-20T13:37:45","date_gmt":"2006-12-20T13:37:45","guid":{"rendered":"http:\/\/diariodominicano.ddns.net\/?p=37600"},"modified":"2006-12-20T13:37:45","modified_gmt":"2006-12-20T13:37:45","slug":"un-comunista-en-versos","status":"publish","type":"post","link":"https:\/\/diariodominicano.com\/?p=37600","title":{"rendered":"un Comunista en versos"},"content":{"rendered":"<p><body><\/p>\n<p align=\"center\" class=\"titulogrande1\"><strong>un Comunista en  versos<\/strong><\/p>\n<p>&#13;<\/p>\n<p align=\"center\" class=\"textogrande\"><strong>Por Narciso Isa Conde<\/strong><\/p>\n<p>&#13;<\/p>\n<p align=\"justify\" class=\"text1noticias\">Esto no es m\u00edo. Es de la  autor\u00eda de un amigo entra\u00f1able, poeta de verdad, revolucionario consecuente,  hijo de una revolucionaria que me acogi\u00f3 en casa en los duros d\u00edas de la  clandestinidad, cuando me buscaban para asesinarme.<\/p>\n<p>&#13;<\/p>\n<p align=\"justify\" class=\"text1noticias\">Decid\u00ed introducirlo en esta  columna sin consult\u00e1rselo.<\/p>\n<p>&#13;<\/p>\n<p align=\"justify\" class=\"text1noticias\">Se trata de Julio Alvarado,  hijo de Mary Alvarado, fallecida hace unos a\u00f1os en la ciudad de New York.<\/p>\n<p>&#13;<\/p>\n<p align=\"justify\" class=\"text1noticias\">El texto en cuesti\u00f3n \u201cfue  rescatado de una bar de Borojol \u2013Santo Domingo- un 28 de noviembre, 43 a\u00f1os despu\u00e9s  del levantamiento guerrillero de Manuel Aurelio Tav\u00e1rez Justo y sus  compa\u00f1eros\u201d.<\/p>\n<p>&#13;<\/p>\n<p align=\"justify\" class=\"text1noticias\">Julio dice que el autor de  este poema es su \u201calter-ego\u201d \u2013El Palmero Callejero- nombre que empez\u00f3 a usar en  sus a\u00f1os mozos, aqu\u00ed en su pa\u00eds. Nos plantea que no importa quien lo hizo, pero  creo que si importa, sobre todo para quienes creemos en la necesidad de que  nuestro pueblo conozca su talento.<\/p>\n<p>&#13;<\/p>\n<p align=\"justify\" class=\"text1noticias\">Este env\u00edo estuvo acompa\u00f1ado  de esta convocatoria: \u201cA Fernando Pe\u00f1a y Narciso Isa Conde, ejemplos de  constancia, resistencia y coraje en las luchas del pueblo dominicano\u201d. Fernando  y yo aceptamos esa sobre-valoraci\u00f3n solo porque aspiramos en lo adelante a  luchar m\u00e1s y mejor que como lo hemos hecho en el pasado y porque sabemos que  tal elogio brota de un exceso de cari\u00f1o de quien quiere estimularnos a  continuar la pelea hasta la muerte f\u00edsica y mas all\u00e1.<\/p>\n<p>&#13;<\/p>\n<p align=\"justify\" class=\"text1noticias\">El titulo es \u201capuntes para  una definici\u00f3n\u201d. Para una definici\u00f3n de los verdaderos comunistas, y de todos  aquellos y aquellas que han luchado toda la vida por la justicia, \u00a0por la liberaci\u00f3n del yugo del capital, por el  socialismo y la plena liberaci\u00f3n de los seres humanos. Ahora le toca a Julio:<\/p>\n<p>&#13;<\/p>\n<p align=\"justify\" class=\"text1noticias\">Un comunista es un  conspirador empedernido<br \/>&#13;<br \/>\n  provocador profesional,<br \/>&#13;<br \/>\n  un virus de pasi\u00f3n en las  tramas ma\u00f1aneras y nocturnas,<br \/>&#13;<br \/>\n  compitiendo con el sol sus  cataclismos de bondades,<br \/>&#13;<br \/>\n  ara\u00f1ando con rabia de ternura  la tierra nueva que profesa,<br \/>&#13;<br \/>\n  trayendo le\u00f1as al convite<br \/>&#13;<br \/>\n  construyendo peces de la sal<br \/>&#13;<br \/>\n  pre\u00f1ando vientos,  aliment\u00e1ndose de orqu\u00eddeas<br \/>&#13;<br \/>\n  como haciendo el amor en la  intemperie<br \/>&#13;<br \/>\n  o amasando la ternura para  dar un pan sin gorgojos<br \/>&#13;<br \/>\n  \u00a0<br \/>&#13;<br \/>\n  Un comunista es un  impertinente<br \/>&#13;<br \/>\n  un bicho raro en el banquete  de las oligarqu\u00edas<br \/>&#13;<br \/>\n  un v\u00f3mito perfecto en la  lujuria del Mercado,<br \/>&#13;<br \/>\n  tranquilo malabarista que  evade la muerte<br \/>&#13;<br \/>\n  \u00a0<br \/>&#13;<br \/>\n  Pr\u00f3fugo\u00a0\u00a0\u00a0\u00a0\u00a0\u00a0 <br \/>&#13;<br \/>\n  Mendigo\u00a0\u00a0 \u00a0\u00a0\u00a0\u00a0<br \/>&#13;<br \/>\n  Arrabalero <br \/>&#13;<br \/>\n  enciclopedista del amor<br \/>&#13;<br \/>\n  con las u\u00f1as tan largas -que  esconde-<br \/>&#13;<br \/>\n  como un lobo tierno que afila  sus garras contra la maldad.<br \/>&#13;<br \/>\n  \u00a0<br \/>&#13;<br \/>\n  Un comunista es un rabioso,<br \/>&#13;<br \/>\n  sin resentimiento ni  envidias,<br \/>&#13;<br \/>\n  que combate sus luchas como  si defendiera<br \/>&#13;<br \/>\n  su \u00faltima hija de un cacique  de pueblo.<br \/>&#13;<br \/>\n  \u00a0<br \/>&#13;<br \/>\n  Un comunista es un  clandestino,<br \/>&#13;<br \/>\n  que sale y pone el pecho  todos los d\u00edas<br \/>&#13;<br \/>\n  en la plaza p\u00fablica,<br \/>&#13;<br \/>\n  en el cuartel m\u00e1s cercano,<br \/>&#13;<br \/>\n  frente al vecino necio,<br \/>&#13;<br \/>\n  contra el colmillo de la  indiferencia:<br \/>&#13;<br \/>\n  sabiendo que su fortaleza<br \/>&#13;<br \/>\n  es su raz\u00f3n y no el m\u00fasculo  sin verbo.<br \/>&#13;<br \/>\n  \u00a0<br \/>&#13;<br \/>\n  No es un fantasma pero mete  miedo al yugo,<br \/>&#13;<br \/>\n  impertinente, <br \/>&#13;<br \/>\n  mal educado,<br \/>&#13;<br \/>\n  altanero tan humilde como una  franela sin mangas.<br \/>&#13;<br \/>\n  \u00a0<br \/>&#13;<br \/>\n  Quienes lo endemonian lo  culpan de sus debilidades\u2026<br \/>&#13;<br \/>\n  un comunista tiene un  conflicto perenne con Dios<br \/>&#13;<br \/>\n  sabi\u00e9ndose mortal,<br \/>&#13;<br \/>\n  pluscuamperfecto que busca  buscando<br \/>&#13;<br \/>\n  la ra\u00edz cuadro del presente, <br \/>&#13;<br \/>\n  su radical constante,<br \/>&#13;<br \/>\n  su interminable resoluci\u00f3n  por un para\u00edso<br \/>&#13;<br \/>\naqu\u00ed en la tierra.<\/p>\n<p>&#13;<\/p>\n<h6> 2006-12-20 13:37:45 <\/h6>\n<p><!--\n<link rel=\"stylesheet\" href=\"css\/bootstrap.min.css\">\n\n\n<ul class=\"pagination\">\n\t    \n\t\n\n<li >\n\t<a href='?page_no=13346'>Previous<\/a>\n\t<\/li>\n\n\n       \n    \n\n<li><a href='?page_no=1'>1<\/a><\/li>\n\n\n\n<li><a href='?page_no=2'>2<\/a><\/li>\n\n\n\n<li><a>...<\/a><\/li>\n\n\n\n<li><a href='?page_no=13345'>13345<\/a><\/li>\n\n\n\n<li><a href='?page_no=13346'>13346<\/a><\/li>\n\n\n\n<li class='active'><a>13347<\/a><\/li>\n\n\n\n<li><a href='?page_no=13348'>13348<\/a><\/li>\n\n\n\n<li><a href='?page_no=13349'>13349<\/a><\/li>\n\n\n\n<li><a>...<\/a><\/li>\n\n\n\n<li><a href='?page_no=13611'>13611<\/a><\/li>\n\n\n\n<li><a href='?page_no=13612'>13612<\/a><\/li>\n\n    \n\t\n\n<li >\n\t<a href='?page_no=13348'>Next<\/a>\n\t<\/li>\n\n\n    \n\n<li><a href='?page_no=13612'>Last &rsaquo;&rsaquo;<\/a><\/li>\n\n<\/ul>\n\n\n--><br \/>\n<\/body><\/p>\n","protected":false},"excerpt":{"rendered":"<p>un Comunista en versos &#13; Por Narciso Isa Conde &#13; Esto no es m\u00edo. Es de la autor\u00eda de un amigo entra\u00f1able, poeta de verdad, revolucionario consecuente, hijo de una revolucionaria que me acogi\u00f3 en casa en los duros d\u00edas de la clandestinidad, cuando me buscaban para asesinarme. &#13; Decid\u00ed introducirlo en esta columna sin [&hellip;]<\/p>\n","protected":false},"author":3,"featured_media":0,"comment_status":"open","ping_status":"open","sticky":false,"template":"","format":"standard","meta":{"footnotes":""},"categories":[16],"tags":[],"class_list":["post-37600","post","type-post","status-publish","format-standard","hentry","category-opiniones"],"_links":{"self":[{"href":"https:\/\/diariodominicano.com\/index.php?rest_route=\/wp\/v2\/posts\/37600","targetHints":{"allow":["GET"]}}],"collection":[{"href":"https:\/\/diariodominicano.com\/index.php?rest_route=\/wp\/v2\/posts"}],"about":[{"href":"https:\/\/diariodominicano.com\/index.php?rest_route=\/wp\/v2\/types\/post"}],"author":[{"embeddable":true,"href":"https:\/\/diariodominicano.com\/index.php?rest_route=\/wp\/v2\/users\/3"}],"replies":[{"embeddable":true,"href":"https:\/\/diariodominicano.com\/index.php?rest_route=%2Fwp%2Fv2%2Fcomments&post=37600"}],"version-history":[{"count":0,"href":"https:\/\/diariodominicano.com\/index.php?rest_route=\/wp\/v2\/posts\/37600\/revisions"}],"wp:attachment":[{"href":"https:\/\/diariodominicano.com\/index.php?rest_route=%2Fwp%2Fv2%2Fmedia&parent=37600"}],"wp:term":[{"taxonomy":"category","embeddable":true,"href":"https:\/\/diariodominicano.com\/index.php?rest_route=%2Fwp%2Fv2%2Fcategories&post=37600"},{"taxonomy":"post_tag","embeddable":true,"href":"https:\/\/diariodominicano.com\/index.php?rest_route=%2Fwp%2Fv2%2Ftags&post=37600"}],"curies":[{"name":"wp","href":"https:\/\/api.w.org\/{rel}","templated":true}]}}