{"id":37595,"date":"2006-12-23T21:25:15","date_gmt":"2006-12-23T21:25:15","guid":{"rendered":"http:\/\/diariodominicano.ddns.net\/?p=37595"},"modified":"2006-12-23T21:25:15","modified_gmt":"2006-12-23T21:25:15","slug":"comentarios-de-medios","status":"publish","type":"post","link":"https:\/\/diariodominicano.com\/?p=37595","title":{"rendered":"Comentarios de Medios"},"content":{"rendered":"<p><body><\/p>\n<p align=\"right\"><strong><img loading=\"lazy\" decoding=\"async\" width=\"67\" height=\"36\" src=\"http:\/\/10.0.0.82:8080\/formato_clip_image002_0035.gif\" \/><\/strong><br \/>&#13;<br \/>\n    <strong><img loading=\"lazy\" decoding=\"async\" width=\"177\" height=\"33\" src=\"http:\/\/10.0.0.82:8080\/formato_clip_image004_0014.gif\" \/><\/strong><\/p>\n<p>&#13;<\/p>\n<p align=\"right\"><strong><em>Comentarios de Medios<\/em><\/strong><br \/>&#13;<br \/>\n  <br \/>&#13;<br \/>\n    <em>23\u00a0 de  Diciembre, 2006.<\/em><\/p>\n<p>&#13;<\/p>\n<p align=\"right\"><em>\u00a0\u201cBruta, ciega, sordomuda,<\/em><br \/>&#13;<br \/>\n    <em>torpe,  traste, testaruda,<\/em><br \/>&#13;<br \/>\n    <em>es todo lo que he sido\u2026\u201d\u00a0 <\/em><br \/>&#13;<br \/>\n    <br \/>&#13;<br \/>\n    <em class=\"textogrande\">(Shakira &#8211; 1998).<\/em><\/p>\n<p>&#13;<\/p>\n<p>\u00a0<\/p>\n<p>&#13;<\/p>\n<p><strong>Comentario<\/strong><br \/>&#13;<br \/>\n  <br \/>&#13;<br \/>\n    <span class=\"text1noticias\">Cinco elementos de  incoherencias<\/span><\/p>\n<p>&#13;<\/p>\n<p align=\"justify\" class=\"text1noticias\">Nos dice el  Director de Diario Libre  que \u201cesa reforma es mala por todos lados. Se esperaba algo mejor del PLD\u201d.<br \/>&#13;<br \/>\n  <br \/>  &#13;<br \/>\nConsideramos que no s\u00f3lo es mala la reforma en s\u00ed, sino tambi\u00e9n el modo en que  se manej\u00f3 el tema como totalidad.\u00a0 M\u00e1s  a\u00fan, a estas alturas el Gobierno no da se\u00f1ales de convertir en hechos su  propuesta de austeridad y se empe\u00f1a, como tambi\u00e9n indica Diario Libre, en seguir  trillando el camino de viejas pr\u00e1cticas. A modo de ejemplo, indicamos cinco elementos  que nos parecen apuntan a incoherencias:<\/p>\n<p>&#13;<\/p>\n<p align=\"justify\" class=\"text1noticias\">Primero. Pide  que se hagan transferencias en donde se hacen constar 1,100 millones para el  Metro; 700 millones para gastos sociales y otros mil para obras, rest\u00e1ndole recursos a Salud y Educaci\u00f3n. No parece que  esa sea la mejor manera de priorizar la inversi\u00f3n del Gobierno en el futuro del  pa\u00eds.<\/p>\n<p>&#13;<\/p>\n<p align=\"justify\" class=\"text1noticias\">Segundo. El Presidente recorre el pa\u00eds distribuyendo canastas y  ofreciendo \u201cmo\u00f1os bonitos\u201d. La distribuci\u00f3n de canastas parece una labor  social encomiable. La verdad es que la miseria en que viven amplios sectores de  la poblaci\u00f3n permite esta percepci\u00f3n y que hay un objetivo de imagen detr\u00e1s del  hecho: el Presidente que se ocupa de los pobres (los mismos a los que le resta  fondo para su Educaci\u00f3n y su Salud).<\/p>\n<p>&#13;<\/p>\n<p align=\"justify\" class=\"text1noticias\">Tercero. El 24  de mayo del presente a\u00f1o el Ministro de Finanzas,  Vicente Bengoa, declar\u00f3 que el hecho de que el equipo econ\u00f3mico se viera  en la necesidad de analizar los efectos de la reforma fiscal del 2005 no implicaba cambios en la estructura impositiva (Diario Libre \u2013 25 de Mayo,  2006). Sin embargo, en el caso de la industria cervecera nacional este no es el  caso, ya que no s\u00f3lo se cambia la estructura impositiva aprobada \u2013que implicaba  equidad- sino que tambi\u00e9n se sobrecarga un sector en nombre de pegarle la  etiqueta de \u201cvicio\u201d, lo cual constituye una injusticia tributaria.<\/p>\n<p>&#13;<\/p>\n<p align=\"justify\" class=\"text1noticias\">Cuarto. Temistocles Mont\u00e1s, Ministro T\u00e9cnico \u2013y buen t\u00e9cnico-  plante\u00f3 tambi\u00e9n en mayo (Diario   Libre \u2013 21 de Mayo, 2006) que el Gobierno \u2013pese a su mayor\u00eda  en el Congreso- no planeaba introducir una nueva  reforma fiscal. Hoy la defienden con u\u00f1as y dientes.<\/p>\n<p>&#13;<\/p>\n<p align=\"justify\" class=\"text1noticias\">Cinco. Que la reforma no afectar\u00e1 a los pobres. Parece ser  que los pobres no beben cerveza. Los pobres no pagan transporte p\u00fablico. Los  pobres no laboran en los campos dominicanos (precio del gasoil). La l\u00f3gica  debi\u00f3 ser opuesta. No preguntarse si no afecta a los pobres, sino m\u00e1s bien c\u00f3mo  afecta a los pobres.<\/p>\n<p>&#13;<\/p>\n<p align=\"justify\"><span class=\"text1noticias\">Milton Tejada C.<\/span><br \/>&#13;<br \/>\n  <br \/>&#13;<br \/>\n  <a href=\"mailto:tejadamilton@yahoo.com\">tejadamilton@yahoo.com<\/a><br \/>&#13;<br \/>\n  <br \/>&#13;<br \/>\n<a href=\"mailto:tejadamilton@tytprimemedia.com\">tejadamilton@tytprimemedia.com<\/a><\/p>\n<p>&#13;<\/p>\n<h6> 2006-12-23 21:25:15 <\/h6>\n<p><!--\n<link rel=\"stylesheet\" href=\"css\/bootstrap.min.css\">\n\n\n<ul class=\"pagination\">\n\t    \n\t\n\n<li >\n\t<a href='?page_no=13341'>Previous<\/a>\n\t<\/li>\n\n\n       \n    \n\n<li><a href='?page_no=1'>1<\/a><\/li>\n\n\n\n<li><a href='?page_no=2'>2<\/a><\/li>\n\n\n\n<li><a>...<\/a><\/li>\n\n\n\n<li><a href='?page_no=13340'>13340<\/a><\/li>\n\n\n\n<li><a href='?page_no=13341'>13341<\/a><\/li>\n\n\n\n<li class='active'><a>13342<\/a><\/li>\n\n\n\n<li><a href='?page_no=13343'>13343<\/a><\/li>\n\n\n\n<li><a href='?page_no=13344'>13344<\/a><\/li>\n\n\n\n<li><a>...<\/a><\/li>\n\n\n\n<li><a href='?page_no=13611'>13611<\/a><\/li>\n\n\n\n<li><a href='?page_no=13612'>13612<\/a><\/li>\n\n    \n\t\n\n<li >\n\t<a href='?page_no=13343'>Next<\/a>\n\t<\/li>\n\n\n    \n\n<li><a href='?page_no=13612'>Last &rsaquo;&rsaquo;<\/a><\/li>\n\n<\/ul>\n\n\n--><br \/>\n<\/body><\/p>\n","protected":false},"excerpt":{"rendered":"<p>&#13; &#13; Comentarios de Medios&#13; &#13; 23\u00a0 de Diciembre, 2006. &#13; \u00a0\u201cBruta, ciega, sordomuda,&#13; torpe, traste, testaruda,&#13; es todo lo que he sido\u2026\u201d\u00a0 &#13; &#13; (Shakira &#8211; 1998). &#13; \u00a0 &#13; Comentario&#13; &#13; Cinco elementos de incoherencias &#13; Nos dice el Director de Diario Libre que \u201cesa reforma es mala por todos lados. Se esperaba [&hellip;]<\/p>\n","protected":false},"author":3,"featured_media":0,"comment_status":"open","ping_status":"open","sticky":false,"template":"","format":"standard","meta":{"footnotes":""},"categories":[16],"tags":[],"class_list":["post-37595","post","type-post","status-publish","format-standard","hentry","category-opiniones"],"_links":{"self":[{"href":"https:\/\/diariodominicano.com\/index.php?rest_route=\/wp\/v2\/posts\/37595","targetHints":{"allow":["GET"]}}],"collection":[{"href":"https:\/\/diariodominicano.com\/index.php?rest_route=\/wp\/v2\/posts"}],"about":[{"href":"https:\/\/diariodominicano.com\/index.php?rest_route=\/wp\/v2\/types\/post"}],"author":[{"embeddable":true,"href":"https:\/\/diariodominicano.com\/index.php?rest_route=\/wp\/v2\/users\/3"}],"replies":[{"embeddable":true,"href":"https:\/\/diariodominicano.com\/index.php?rest_route=%2Fwp%2Fv2%2Fcomments&post=37595"}],"version-history":[{"count":0,"href":"https:\/\/diariodominicano.com\/index.php?rest_route=\/wp\/v2\/posts\/37595\/revisions"}],"wp:attachment":[{"href":"https:\/\/diariodominicano.com\/index.php?rest_route=%2Fwp%2Fv2%2Fmedia&parent=37595"}],"wp:term":[{"taxonomy":"category","embeddable":true,"href":"https:\/\/diariodominicano.com\/index.php?rest_route=%2Fwp%2Fv2%2Fcategories&post=37595"},{"taxonomy":"post_tag","embeddable":true,"href":"https:\/\/diariodominicano.com\/index.php?rest_route=%2Fwp%2Fv2%2Ftags&post=37595"}],"curies":[{"name":"wp","href":"https:\/\/api.w.org\/{rel}","templated":true}]}}