{"id":37589,"date":"2006-12-28T14:37:34","date_gmt":"2006-12-28T14:37:34","guid":{"rendered":"http:\/\/diariodominicano.ddns.net\/?p=37589"},"modified":"2006-12-28T14:37:34","modified_gmt":"2006-12-28T14:37:34","slug":"camara-de-comercio-de-santiago-en-busca-de-la-equidad-perdida","status":"publish","type":"post","link":"https:\/\/diariodominicano.com\/?p=37589","title":{"rendered":"C\u00e1mara de Comercio de Santiago: en busca de la equidad perdida."},"content":{"rendered":"<p><body><\/p>\n<p align=\"right\" class=\"titulogrande1\"><strong>(Tambi\u00e9n puede leer este y otros comentarios en:  miltontejadacomunicaciones.blogspot.com\/<\/strong><\/p>\n<p>&#13;<\/p>\n<p align=\"right\"><strong><em>Comentarios de Medios<\/em><\/strong><br \/>&#13;<br \/>\n  <br \/>&#13;<br \/>\n    <em>27\u00a0 de  Diciembre, 2006.<\/em><\/p>\n<p>&#13;<\/p>\n<p align=\"right\"><em>\u00a0\u201cNo  hay verdadera paz sino viene acompa\u00f1ada <\/em><br \/>&#13;<br \/>\n    <em>de equidad, verdad, justicia, y solidaridad\u2026\u201d\u00a0 <\/em><br \/>&#13;<br \/>\n    <br \/>&#13;<br \/>\n    <em class=\"textogrande\">(Juan Pablo II).<\/em><\/p>\n<p>&#13;<\/p>\n<p align=\"justify\"><strong>UNO<\/strong><br \/>&#13;<br \/>\n  <br \/>&#13;<br \/>\n    <span class=\"titulogrande1\">C\u00e1mara de Comercio de Santiago: en busca de la equidad perdida.<\/span><\/p>\n<p>&#13;<\/p>\n<p align=\"justify\" class=\"text1noticias\"><em>Compartimos algunos  elementos de las reflexiones de la C\u00e1mara de Comercio y Producci\u00f3n de Santiago,  las cuales apuntan a un an\u00e1lisis de lo que ha sido el presente a\u00f1o y las  perspectivas. Se\u00f1alan tres aspectos fundamentales: materia fiscal, tema de la  energ\u00eda el\u00e9ctrica y los problemas del sector de las zonas francas. Concluyen  con lo que consideran retos para el 2007.<\/em><\/p>\n<p>&#13;<\/p>\n<p align=\"justify\" class=\"text1noticias\">\u201cLa C\u00e1mara de Comercio y  Producci\u00f3n de Santiago,\u00a0 en ocasi\u00f3n del  final del presente a\u00f1o, hace propicia la ocasi\u00f3n para compartir las siguientes  reflexiones, en \u00e1nimo de contribuir a que las experiencias vividas por nuestra  sociedad sean una fuente productiva de desarrollo y superaci\u00f3n para nuestra  naci\u00f3n.<\/p>\n<p>&#13;<\/p>\n<p align=\"justify\" class=\"text1noticias\">En primer t\u00e9rmino, es necesario  destacar, que las tensiones que generan las discusiones  en torno a las modificaciones en <strong>materia fiscal<\/strong>,  constituyen una fuerte traba al buen desempe\u00f1o de las actividades productivas.\u00a0 Durante todo el trayecto del presente a\u00f1o, el  tema fiscal ha estado vigente y llegamos al final del a\u00f1o, con una propuesta de reforma fiscal innecesaria, improductiva,  distorsionante y que viene a fomentar aun m\u00e1s la inequidad contributiva  vigente.<\/p>\n<p>&#13;<\/p>\n<p align=\"justify\" class=\"text1noticias\">El marco  fiscal dominicano es un instrumento que propicia la desigualdad y la baja  competitividad de la actividad econ\u00f3mica.\u00a0 Que bajo el permanente alegato de garantizar  los recursos para la estabilidad macroecon\u00f3mica y el cumplimiento de nuestras  obligaciones internacionales en materia de cr\u00e9dito; deja  de lado las enormes ineficiencias, discrecionalidades y dispendios con que son  utilizados los recursos recaudados.\u00a0 <\/p>\n<p>&#13;<\/p>\n<p align=\"justify\" class=\"text1noticias\">Queda pues la materia fiscal,  como un tema pendiente en la agenda de desarrollo del pa\u00eds del que en el a\u00f1o  pr\u00f3ximo no se avizoran posibilidades de hacer modificaciones  que verdaderamente respondan al inter\u00e9s nacional.<\/p>\n<p>&#13;<\/p>\n<p align=\"justify\" class=\"text1noticias\">La <strong>materia el\u00e9ctrica<\/strong> no es s\u00f3lo un  tema pendiente, es un aspecto en el que cerramos con  peores calificaciones que el pasado a\u00f1o, pues los indicadores generales del  sector han empeorado.\u00a0 <\/p>\n<p>&#13;<\/p>\n<p align=\"justify\" class=\"text1noticias\">En lugar de calendarizar un  desmonte del subsidio basado en un aumento de las cobranzas, compartido con una  reducci\u00f3n de los precios del servicio; no se nota  ninguna ruta cierta en esta materia, fundamental para apoyar la  competitividad de la actividad productiva y por ende el desarrollo de la  naci\u00f3n.<\/p>\n<p>&#13;<\/p>\n<p align=\"justify\" class=\"text1noticias\">En la agenda permanece pendiente la aprobaci\u00f3n de la Ley de Energ\u00edas  Renovables, instrumento fundamental para crear competencia en el sector,  para que la energ\u00eda tenga una cobertura mayor, sobre todo en comunidades que  por su ubicaci\u00f3n no son econ\u00f3micamente viables para ser servidas. Sin embargo,  la misma no recibe el respaldo de las autoridades correspondientes para logra  su aprobaci\u00f3n.<\/p>\n<p>&#13;<\/p>\n<p align=\"justify\" class=\"text1noticias\">Para Santiago, la cr\u00edtica  situaci\u00f3n por la que atraviesa <strong>el sector de zonas francas<\/strong>, constituye un  negativo factor de riesgo, por la gran concentraci\u00f3n de empleos que el mismo  representa.\u00a0 <\/p>\n<p>&#13;<\/p>\n<p align=\"justify\" class=\"text1noticias\">Equivocadamente, estamos descartando el sector textil y declarando su  inviabilidad e inoperancia, mientras otras naciones del \u00e1rea ganan las cuotas  que \u00a0por falta de atenci\u00f3n perdemos\u201d (C\u00e1mara  de Comercio y Producci\u00f3n de Santiago).<\/p>\n<p>&#13;<\/p>\n<p align=\"justify\" class=\"text1noticias\"><strong>DOS<\/strong><br \/>&#13;<br \/>\n  <br \/>&#13;<br \/>\n  El tema el\u00e9ctrico en el Congreso: m\u00e1s f\u00e1cil modificar la Ley que  hacerla cumplir<\/p>\n<p>&#13;<\/p>\n<p align=\"justify\" class=\"text1noticias\">Diario Libre indica que  habr\u00e1 vistas p\u00fablicas en el Congreso Nacional para escuchar pareceres sobre  algunas modificaciones a la   Ley General de Electricidad. Algunos comentarios:<\/p>\n<p>&#13;<\/p>\n<div align=\"justify\">&#13;<\/p>\n<ul type=\"disc\">&#13;<\/p>\n<li class=\"text1noticias\">Parece m\u00e1s f\u00e1cil modificar la Ley que hacerla       cumplir.<br \/>&#13;<br \/>\n      <br \/>&#13;\n    <\/li>\n<p>&#13;<\/p>\n<li class=\"text1noticias\">Un elemento de dichas modificaciones es que se       busca que las empresas del sector el\u00e9ctrico estatal (Edenorte, Edesur,       Transmison, Hidroel\u00e9ctrica, acciones de Haina e Itabo)) bajo la sombrilla       de CDEEE y eliminar la intervenci\u00f3n del Fonper. Este punto puede tener       oposici\u00f3n de sectores del Gobierno y del empresariado. La pregunta que       puede hacerse es \u00bfcu\u00e1l es la diferencia que est\u00e9 bajo una u otra       instituci\u00f3n del Estado?<br \/>&#13;<br \/>\n      <br \/>&#13;\n    <\/li>\n<p>&#13;<\/p>\n<li class=\"text1noticias\">Se pretende aumentar \u2013criminalizar- las penas a los       robos de luz de parte de los usuarios del sistema. Ya hemos dicho en otras       ocasiones que no s\u00f3lo hay que penalizar el robo de los clientes, sino       tambi\u00e9n el robo a los clientes del servicio. Ser\u00eda equitativo.<br \/>&#13;<br \/>\n      <br \/> &#13;<br \/>\n      Una       propuesta la        hace Bernardo Castellano: si esto se hace se deber\u00eda       poner en vigencia inmediatamente la compensacion a los usuarios del 150%       de energ\u00eda por cada hora de apag\u00f3n, lo cual est\u00e1 contemplado en la Ley General de       Electricidad, pero no se cumple.<br \/>&#13;<br \/>\n      <br \/>&#13;\n    <\/li>\n<p>&#13;<\/p>\n<li class=\"text1noticias\">Se busca establecer por Ley lo que la       Superintendencia de Electricidad ha tratado de imponer por resoluci\u00f3n: colocar       los Usuarios No Regulados en 2 Mw en vez de 200 Kw (0.2 Mw) como corresponde       en la actualidad seg\u00fan la        LGE. M\u00e1s importante que esta modificaci\u00f3n es que se       cumpla con la Ley y se facilite el acceso a ser Usuario No Regulado a       quienes califiquen.<\/li>\n<p>&#13;\n  <\/ul>\n<p>&#13;\n<\/p><\/div>\n<p>&#13;<\/p>\n<p align=\"justify\">\u00a0<\/p>\n<p>&#13;<\/p>\n<p align=\"justify\" class=\"text1noticias\"><span class=\"textogrande\">Milton Tejada C.<\/span><br \/>&#13;<br \/>\n  <br \/>&#13;<br \/>\n    <a href=\"mailto:tejadamilton@yahoo.com\">tejadamilton@yahoo.com<\/a><\/p>\n<p>&#13;<\/p>\n<h6> 2006-12-28 14:37:34 <\/h6>\n<p><!--\n<link rel=\"stylesheet\" href=\"css\/bootstrap.min.css\">\n\n\n<ul class=\"pagination\">\n\t    \n\t\n\n<li >\n\t<a href='?page_no=13336'>Previous<\/a>\n\t<\/li>\n\n\n       \n    \n\n<li><a href='?page_no=1'>1<\/a><\/li>\n\n\n\n<li><a href='?page_no=2'>2<\/a><\/li>\n\n\n\n<li><a>...<\/a><\/li>\n\n\n\n<li><a href='?page_no=13335'>13335<\/a><\/li>\n\n\n\n<li><a href='?page_no=13336'>13336<\/a><\/li>\n\n\n\n<li class='active'><a>13337<\/a><\/li>\n\n\n\n<li><a href='?page_no=13338'>13338<\/a><\/li>\n\n\n\n<li><a href='?page_no=13339'>13339<\/a><\/li>\n\n\n\n<li><a>...<\/a><\/li>\n\n\n\n<li><a href='?page_no=13611'>13611<\/a><\/li>\n\n\n\n<li><a href='?page_no=13612'>13612<\/a><\/li>\n\n    \n\t\n\n<li >\n\t<a href='?page_no=13338'>Next<\/a>\n\t<\/li>\n\n\n    \n\n<li><a href='?page_no=13612'>Last &rsaquo;&rsaquo;<\/a><\/li>\n\n<\/ul>\n\n\n--><br \/>\n<\/body><\/p>\n","protected":false},"excerpt":{"rendered":"<p>(Tambi\u00e9n puede leer este y otros comentarios en: miltontejadacomunicaciones.blogspot.com\/ &#13; Comentarios de Medios&#13; &#13; 27\u00a0 de Diciembre, 2006. &#13; \u00a0\u201cNo hay verdadera paz sino viene acompa\u00f1ada &#13; de equidad, verdad, justicia, y solidaridad\u2026\u201d\u00a0 &#13; &#13; (Juan Pablo II). &#13; UNO&#13; &#13; C\u00e1mara de Comercio de Santiago: en busca de la equidad perdida. &#13; Compartimos algunos [&hellip;]<\/p>\n","protected":false},"author":3,"featured_media":0,"comment_status":"open","ping_status":"open","sticky":false,"template":"","format":"standard","meta":{"footnotes":""},"categories":[16],"tags":[],"class_list":["post-37589","post","type-post","status-publish","format-standard","hentry","category-opiniones"],"_links":{"self":[{"href":"https:\/\/diariodominicano.com\/index.php?rest_route=\/wp\/v2\/posts\/37589","targetHints":{"allow":["GET"]}}],"collection":[{"href":"https:\/\/diariodominicano.com\/index.php?rest_route=\/wp\/v2\/posts"}],"about":[{"href":"https:\/\/diariodominicano.com\/index.php?rest_route=\/wp\/v2\/types\/post"}],"author":[{"embeddable":true,"href":"https:\/\/diariodominicano.com\/index.php?rest_route=\/wp\/v2\/users\/3"}],"replies":[{"embeddable":true,"href":"https:\/\/diariodominicano.com\/index.php?rest_route=%2Fwp%2Fv2%2Fcomments&post=37589"}],"version-history":[{"count":0,"href":"https:\/\/diariodominicano.com\/index.php?rest_route=\/wp\/v2\/posts\/37589\/revisions"}],"wp:attachment":[{"href":"https:\/\/diariodominicano.com\/index.php?rest_route=%2Fwp%2Fv2%2Fmedia&parent=37589"}],"wp:term":[{"taxonomy":"category","embeddable":true,"href":"https:\/\/diariodominicano.com\/index.php?rest_route=%2Fwp%2Fv2%2Fcategories&post=37589"},{"taxonomy":"post_tag","embeddable":true,"href":"https:\/\/diariodominicano.com\/index.php?rest_route=%2Fwp%2Fv2%2Ftags&post=37589"}],"curies":[{"name":"wp","href":"https:\/\/api.w.org\/{rel}","templated":true}]}}