{"id":375852,"date":"2022-08-14T00:15:37","date_gmt":"2022-08-14T04:15:37","guid":{"rendered":"http:\/\/diariodominicano.com\/?p=375852"},"modified":"2022-08-14T00:16:38","modified_gmt":"2022-08-14T04:16:38","slug":"espana-no-logra-impedir-movimiento-de-los-restauradores-se-le-hizo-tarde","status":"publish","type":"post","link":"https:\/\/diariodominicano.com\/?p=375852","title":{"rendered":"Espa\u00f1a no logra impedir movimiento de los restauradores. Se le hizo tarde"},"content":{"rendered":"\n<p><strong>Gaspar Polanco<\/strong><\/p>\n\n\n\n<p> <strong>Santiago Rodr\u00edguez y Jos\u00e9 Cabrera concentraron\u00a0 esfuerzos para reclutar a dominicanos que estaban decididos a luchar contra la Anexi\u00f3n\u00a0 de Rep\u00fablica Dominicana a Espa\u00f1a. <\/strong><\/p>\n\n\n\n<figure class=\"wp-block-image size-full\"><img loading=\"lazy\" decoding=\"async\" width=\"313\" height=\"161\" src=\"https:\/\/diariodominicano.com\/wp-content\/uploads\/2022\/08\/Benito-Moncion-y-Cabrera.jpg\" alt=\"\" class=\"wp-image-375853\" srcset=\"https:\/\/diariodominicano.com\/wp-content\/uploads\/2022\/08\/Benito-Moncion-y-Cabrera.jpg 313w, https:\/\/diariodominicano.com\/wp-content\/uploads\/2022\/08\/Benito-Moncion-y-Cabrera-300x154.jpg 300w\" sizes=\"auto, (max-width: 313px) 100vw, 313px\" \/><figcaption>Imagen de Jos\u00e9 Cabrera, Benito Monci\u00f3n y Jos\u00e9 Antonio  Pimentel.<\/figcaption><\/figure>\n\n\n\n<p><strong>Por H\u00e9ctor Tineo Nolasco<\/strong><\/p>\n\n\n\n<p><strong>Diariodominicano.com<\/strong><\/p>\n\n\n\n<p>DAJABON, el 14 de agosto de 1863,&nbsp; el brigadier espa\u00f1ol Manuel Buceta,&nbsp; lleg\u00f3 a Dajab\u00f3n como parte de un recorrido para comprobar cu\u00e1l era la situaci\u00f3n respecto a los movimientos de dominicanos que planificaban acciones&nbsp; con el objetivo de poner fin al Gobierno de la Anexi\u00f3n.<\/p>\n\n\n\n<p>&nbsp;&nbsp; El&nbsp; 14 de agosto de 1863, el brigadier&nbsp; Manuel Buceta&nbsp; recibi\u00f3 un mensaje del Gobierno de Hait\u00ed, a trav\u00e9s de un general del Ej\u00e9rcito de ese pa\u00eds, en el que le aseguraba que por instrucci\u00f3n de su Gobierno no se permitir\u00eda que&nbsp; el territorio de la vecina Rep\u00fablica fuera utilizado por dominicanos para organizar acciones contra el Gobierno&nbsp; espa\u00f1ol de la Anexi\u00f3n.<\/p>\n\n\n\n<p>&nbsp;&nbsp; De acuerdo con la versi\u00f3n comunicada por el militar haitiano,&nbsp; Hait\u00ed deseaba tener firmes relaciones de amistad e intercambio con la Rep\u00fablica Dominicana.<\/p>\n\n\n\n<p>&nbsp; En&nbsp; el momento que&nbsp; Manuel Buceta&nbsp; recibi\u00f3 el mensaje, los&nbsp; dominicanos que luchaban contra la Anexi\u00f3n, ten\u00edan facilidades de movimiento en el territorio haitiano, lo que le permiti\u00f3 fortalecer su resistencia.<\/p>\n\n\n\n<p>&nbsp;&nbsp;&nbsp;&nbsp; El ambiente favorable de Hait\u00ed, permiti\u00f3 a los restauradores refugiarse all\u00ed cuando fue necesario. El&nbsp; d\u00eda&nbsp; 13 de agosto de 1863, estaban pr\u00e1cticamente preparados para comenzar la Guerra de la Restauraci\u00f3n, la cual comenzar\u00eda tres d\u00edas despu\u00e9s, el 16 de agosto de 1863.<\/p>\n\n\n\n<p>&nbsp;&nbsp; El d\u00eda 8 de agosto de 1863, los pr\u00f3ceres&nbsp; restauradores Benito Monci\u00f3n, Jos\u00e9 Cabrera y Santiago Rodr\u00edguez, se reunieron en las monta\u00f1as de Capotillo, para conversar sobre el plan de restaurar la soberan\u00eda nacional.<\/p>\n\n\n\n<p>&nbsp;&nbsp; El&nbsp; mismo d\u00eda 8 de agosto de 1863, el general Manuel Buceta rindi\u00f3 un informe a la Capitan\u00eda General de Santo Domingo, en el cual inform\u00f3&nbsp; que recibi\u00f3 noticias que dan cuenta de que con frecuencia, \u00abalgunos buques mercantes y de guerra procedentes de Am\u00e9rica del Norte han desembarcado armas que han sido introducidas subrepticiamente en el territorio nacional\u00bb.<\/p>\n\n\n\n<p>&nbsp;&nbsp;&nbsp; El d\u00eda 10 de agosto de 1863, el brigadier Manuel Buceta reiter\u00f3 a la Capitan\u00eda General de Santo Domingo,&nbsp; su informe del d\u00eda 8 y le agreg\u00f3 una carta de la Comandancia de Montecristi, en la que se confirma la denuncia.<\/p>\n\n\n\n<p>&nbsp;&nbsp;&nbsp; Asimismo, comunic\u00f3 a la Capitan\u00eda General que se aprestaba a iniciar un recorrido a partir del d\u00eda 12 por la frontera con el objetivo de obtener m\u00e1s informaciones.<\/p>\n\n\n\n<p>&nbsp;&nbsp; El mismo d\u00eda 12 de agosto de 1863, Benito Monci\u00f3n lleg\u00f3 a la Sabana de Lauvissit, con varias cajas con pertrechos militares&nbsp; provenientes de Cabo Haitiano.<\/p>\n\n\n\n<p>&nbsp;&nbsp; A su vez, Santiago Rodr\u00edguez y Jos\u00e9 Cabrera concentraron&nbsp; esfuerzos para reclutar a dominicanos que estaban decididos a luchar contra la Anexi\u00f3n&nbsp; de Rep\u00fablica Dominicana a Espa\u00f1a.<\/p>\n\n\n\n<p>&nbsp;&nbsp; En el pa\u00eds se produjeron movimientos de resistencia desde que se inici\u00f3 la Anexi\u00f3n de la Rep\u00fablica a Espa\u00f1a, el 18 de marzo de 1861.<\/p>\n\n\n\n<p>&nbsp;&nbsp;&nbsp;&nbsp; El 2 de mayo de 1861,&nbsp; Jos\u00e9 Contreras con un grupo de ciudadanos de Moca, tom\u00f3 el cuartel militar de la comunidad, pero luego fueron detenidos y fusilados por las fuerzas militares del Gobierno anexionista.<\/p>\n\n\n\n<p>&nbsp;&nbsp; El 4 de julio de 1861, fueron fusilados en El Cercado, Francisco del Rosario S\u00e1nchez, Juan Erazo, Benigno del Castillo, Francisco (Cefiro) Mart\u00ednez, Jos\u00e9 Antonio Figueroa,&nbsp; Juan Drag\u00f3n, Le\u00f3n Garc\u00eda, Segundo Alc\u00e1ntara, Jos\u00e9 Corpor\u00e1n, Pedro Zorrilla, Jos\u00e9 de Jes\u00fas Paredes y Juan Gregorio Rinc\u00f3n.<\/p>\n\n\n\n<p>&nbsp;&nbsp;&nbsp;&nbsp;&nbsp; Tambi\u00e9n fueron condenados a muerte con el pr\u00f3cer Francisco del Rosario S\u00e1nchez, Rudecindo de Le\u00f3n,&nbsp; Manuel Baldemora,&nbsp; Epifanio Jim\u00e9nez,&nbsp; Romualdo (Tani) Montero, Domingo Pi\u00f1eyro y F\u00e9lix Mota.<\/p>\n\n\n\n<p>&nbsp;&nbsp;&nbsp;&nbsp;&nbsp; Francisco del Rosario S\u00e1nchez hab\u00eda entrado al pa\u00eds por el valle de San Juan&nbsp; de la Maguana&nbsp; en junio de 1861 para luchar contra la anexi\u00f3n de la Rep\u00fablica a Espa\u00f1a.<\/p>\n\n\n\n<p>&nbsp;&nbsp;&nbsp; El general Jos\u00e9 Mar\u00eda Cabral, quien formaba parte del plan de S\u00e1nchez, logr\u00f3 huir y se refugi\u00f3 en&nbsp; Hait\u00ed.<\/p>\n\n\n\n<p>&nbsp;&nbsp;&nbsp;&nbsp;&nbsp; El grupo hab\u00eda sido condenado por un&nbsp; tribunal militar el&nbsp; d\u00eda 3 de julio. La sentencia&nbsp; fue ejecutada el&nbsp; d\u00eda 4 de julio de 1861, cuando S\u00e1nchez y sus compa\u00f1eros fueron fusilados en El Cercado.<\/p>\n\n\n\n<p>&nbsp;&nbsp; Desde que se enter\u00f3 de los planes del Presidente Pedro Santana&nbsp; para anexar el pa\u00eds a Espa\u00f1a, Francisco del Rosario S\u00e1nchez inici\u00f3 un movimiento con el prop\u00f3sito de impedirlo. Luego dej\u00f3 su exilio en Saint Thomas y lleg\u00f3 a Hait\u00ed, para desde all\u00ed entrar al territorio nacional.<\/p>\n\n\n\n<p>&nbsp;&nbsp;&nbsp; El 20 de enero de 1861, el pr\u00f3cer dirigi\u00f3 una proclama al pueblo dominicano, en la que denunci\u00f3 los planes anexionistas del Presidente Pedro Santana.<\/p>\n\n\n\n<p>&nbsp;&nbsp;&nbsp; Con los&nbsp; actos de represi\u00f3n&nbsp; el&nbsp; Gobierno de la Anexi\u00f3n no logr\u00f3 acabar con el movimiento que culmin\u00f3 con el grito de Capotillo, con el que se proclam\u00f3 la Restauraci\u00f3n de la Rep\u00fablica, el 16 de agosto de 1863.<\/p>\n\n\n\n<p>&nbsp;&nbsp;&nbsp; El 10 de julio de 1865&nbsp; se inici\u00f3 la&nbsp; salida de los remanentes militares espa\u00f1oles que permanec\u00edan en el pa\u00eds, con lo que termin\u00f3 la Guerra de la Restauraci\u00f3n que&nbsp; hab\u00eda comenzado&nbsp; el 16 de agosto de 1863.<\/p>\n","protected":false},"excerpt":{"rendered":"<p>Gaspar Polanco Santiago Rodr\u00edguez y Jos\u00e9 Cabrera concentraron\u00a0 esfuerzos para reclutar a dominicanos que estaban decididos a luchar contra la Anexi\u00f3n\u00a0 de Rep\u00fablica Dominicana a Espa\u00f1a. Por H\u00e9ctor Tineo Nolasco Diariodominicano.com DAJABON, el 14 de agosto de 1863,&nbsp; el brigadier espa\u00f1ol Manuel Buceta,&nbsp; lleg\u00f3 a Dajab\u00f3n como parte de un recorrido para comprobar cu\u00e1l era [&hellip;]<\/p>\n","protected":false},"author":28,"featured_media":375854,"comment_status":"closed","ping_status":"","sticky":true,"template":"","format":"standard","meta":{"footnotes":""},"categories":[26,27],"tags":[],"class_list":["post-375852","post","type-post","status-publish","format-standard","has-post-thumbnail","hentry","category-efemerides","category-portada"],"_links":{"self":[{"href":"https:\/\/diariodominicano.com\/index.php?rest_route=\/wp\/v2\/posts\/375852","targetHints":{"allow":["GET"]}}],"collection":[{"href":"https:\/\/diariodominicano.com\/index.php?rest_route=\/wp\/v2\/posts"}],"about":[{"href":"https:\/\/diariodominicano.com\/index.php?rest_route=\/wp\/v2\/types\/post"}],"author":[{"embeddable":true,"href":"https:\/\/diariodominicano.com\/index.php?rest_route=\/wp\/v2\/users\/28"}],"replies":[{"embeddable":true,"href":"https:\/\/diariodominicano.com\/index.php?rest_route=%2Fwp%2Fv2%2Fcomments&post=375852"}],"version-history":[{"count":3,"href":"https:\/\/diariodominicano.com\/index.php?rest_route=\/wp\/v2\/posts\/375852\/revisions"}],"predecessor-version":[{"id":375857,"href":"https:\/\/diariodominicano.com\/index.php?rest_route=\/wp\/v2\/posts\/375852\/revisions\/375857"}],"wp:featuredmedia":[{"embeddable":true,"href":"https:\/\/diariodominicano.com\/index.php?rest_route=\/wp\/v2\/media\/375854"}],"wp:attachment":[{"href":"https:\/\/diariodominicano.com\/index.php?rest_route=%2Fwp%2Fv2%2Fmedia&parent=375852"}],"wp:term":[{"taxonomy":"category","embeddable":true,"href":"https:\/\/diariodominicano.com\/index.php?rest_route=%2Fwp%2Fv2%2Fcategories&post=375852"},{"taxonomy":"post_tag","embeddable":true,"href":"https:\/\/diariodominicano.com\/index.php?rest_route=%2Fwp%2Fv2%2Ftags&post=375852"}],"curies":[{"name":"wp","href":"https:\/\/api.w.org\/{rel}","templated":true}]}}