{"id":37585,"date":"2006-12-29T15:39:08","date_gmt":"2006-12-29T15:39:08","guid":{"rendered":"http:\/\/diariodominicano.ddns.net\/?p=37585"},"modified":"2006-12-29T15:39:08","modified_gmt":"2006-12-29T15:39:08","slug":"no-sintonizan-con-los-sentimientos-populares","status":"publish","type":"post","link":"https:\/\/diariodominicano.com\/?p=37585","title":{"rendered":"No sintonizan con los sentimientos populares"},"content":{"rendered":"<p><body><\/p>\n<p align=\"right\" class=\"text1noticias\"><strong>Tambi\u00e9n puede leer este y otros comentarios en<br \/>&#13;<br \/>\n    <br \/> &#13;<br \/>\n<a href=\"http:\/\/www.miltontejadacomunicaciones.blogspot.com\/\">http:\/\/www.miltontejadacomunicaciones.blogspot.com\/<\/a> <\/strong><\/p>\n<p>&#13;<\/p>\n<p align=\"right\"><strong><em>Comentarios de Medios<\/em><\/strong><br \/>&#13;<br \/>\n  <br \/>&#13;<br \/>\n    <em>28\u00a0 de  Diciembre, 2006.<\/em><\/p>\n<p>&#13;<\/p>\n<p align=\"right\"><em>\u00a0\u201c\u00a1Ay  de los pueblos gobernados por un Poder<\/em><br \/>&#13;<br \/>\n    <em>\u00a0que  ha de pensar en la conservaci\u00f3n propia!\u201d<\/em><br \/>&#13;<br \/>\n    <br \/>&#13;<br \/>\n    <em class=\"textogrande\">(Jaime Luciano Balmes).<\/em><\/p>\n<p>&#13;<\/p>\n<p>\u00a0<\/p>\n<p>&#13;<\/p>\n<p class=\"titulogrande1\"><strong>No sintonizan con los  sentimientos populares<\/strong><\/p>\n<p>&#13;<\/p>\n<p align=\"justify\" class=\"text1noticias\"><em>\u201cUna vez m\u00e1s est\u00e1 en cuestionamiento la  capacidad de los dirigentes del Partido dela Liberaci\u00f3n Dominicana (PLD) de  sintonizar con los sentimientos populares, m\u00e1s all\u00e1 del regodeo en el discurso sobre el crecimiento de la econom\u00eda que ya los  traicion\u00f3 en su anterior per\u00edodo de gobierno<\/em>\u201d, expresaba Juan  Bol\u00edvar D\u00edaz en un art\u00edculo publicado en Clave Digital el 9 de enero del presente  a\u00f1o.<\/p>\n<p>&#13;<\/p>\n<p align=\"justify\" class=\"text1noticias\">Traicionan y  pueden ser traicionados. <\/p>\n<p>&#13;<\/p>\n<p align=\"justify\" class=\"text1noticias\">Es la l\u00f3gica  fatal de un pa\u00eds en el que el norte de sus autoridades es mantener \u201cpositivas\u201d  las estad\u00edsticas econ\u00f3micas y monetarias, sin importar si estas se sostienen a  largo plazo y si estas significan bienestar para la mayor\u00eda de la poblaci\u00f3n.<\/p>\n<p>&#13;<\/p>\n<p align=\"justify\" class=\"text1noticias\">Es la l\u00f3gica  de la contabilidad electoral, como lo es la iniciativa de \u201cmo\u00f1o bonito\u201d o de  canastas que pretenden devolver m\u00edseramente lo que el Estado no es capaz de  garantizar durante todo el a\u00f1o.<\/p>\n<p>&#13;<\/p>\n<p align=\"justify\" class=\"text1noticias\">Es la l\u00f3gica  tambi\u00e9n de <strong>la  reforma impositiva aprobada<\/strong> que, como  afirmaba a principio de a\u00f1os Juan Bol\u00edvar, es un cuestionamiento a su capacidad  de sintonizar con los sentimientos populares.<\/p>\n<p>&#13;<\/p>\n<div align=\"justify\">&#13;<\/p>\n<ul type=\"disc\">&#13;<\/p>\n<li class=\"text1noticias\">No afectar\u00e1 a los pobres, dijeron. Y los afecta. <br \/>&#13;<br \/>\n      <br \/>&#13;\n    <\/li>\n<p>&#13;<\/p>\n<li class=\"text1noticias\">Y se incrementar\u00e1 el costo del transporte. <br \/>&#13;<br \/>\n      <br \/>&#13;\n    <\/li>\n<p>&#13;<\/p>\n<li class=\"text1noticias\">Se incrementar\u00e1 el costo del seguro de veh\u00edculos de       motor. <br \/>&#13;<br \/>\n      <br \/>&#13;\n    <\/li>\n<p>&#13;<\/p>\n<li class=\"text1noticias\">Se incrementar\u00e1 el costo de preparar una tarea de       tierra para cultivar los productos b\u00e1sicos. <br \/>&#13;<br \/>\n      <br \/>&#13;\n    <\/li>\n<p>&#13;<\/p>\n<li class=\"text1noticias\">Se incrementar\u00e1 el precio a pagar por un ratito de       placer (que merecemos todos). <br \/>&#13;<br \/>\n      <br \/>&#13;\n    <\/li>\n<p>&#13;<\/p>\n<li class=\"text1noticias\">Se incrementar\u00e1 el precio de un veh\u00edculo. <br \/>&#13;<br \/>\n      <br \/>&#13;\n    <\/li>\n<p>&#13;<\/p>\n<li class=\"text1noticias\">Aumentar\u00e1 lo que pagamos por seguros m\u00e9dicos. <br \/>&#13;<br \/>\n      <br \/>&#13;\n    <\/li>\n<p>&#13;<\/p>\n<li class=\"text1noticias\">La n\u00f3mina oficial queda \u201ccongelada\u201d, pero se       aplican excepciones. <br \/>&#13;<br \/>\n      <br \/>&#13;\n    <\/li>\n<p>&#13;<\/p>\n<li class=\"text1noticias\">La energ\u00eda el\u00e9ctrica ser\u00e1 m\u00e1s cara y \u2013como siempre-       ineficiente. <br \/>&#13;<br \/>\n      <br \/>&#13;\n    <\/li>\n<p>&#13;<\/p>\n<li class=\"text1noticias\">\u00bfEl \u201caparato productivo\u201d? \u00a1Muy bien, gracias!<\/li>\n<p>&#13;\n  <\/ul>\n<p>&#13;\n<\/p><\/div>\n<p>&#13;<\/p>\n<p align=\"justify\">\u00a0<\/p>\n<p>&#13;<\/p>\n<p align=\"justify\" class=\"text1noticias\">Definitivamente,  no sintonizan. Est\u00e1n en otra onda.<\/p>\n<p>&#13;<\/p>\n<p align=\"justify\"><span class=\"textogrande\">Milton Tejada C.<\/span><br \/>&#13;<br \/>\n  <br \/>&#13;<br \/>\n<a href=\"mailto:tejadamilton@yahoo.com\">tejadamilton@yahoo.com<\/a><\/p>\n<p>&#13;<\/p>\n<h6> 2006-12-29 15:39:08 <\/h6>\n<p><!--\n<link rel=\"stylesheet\" href=\"css\/bootstrap.min.css\">\n\n\n<ul class=\"pagination\">\n\t    \n\t\n\n<li >\n\t<a href='?page_no=13332'>Previous<\/a>\n\t<\/li>\n\n\n       \n    \n\n<li><a href='?page_no=1'>1<\/a><\/li>\n\n\n\n<li><a href='?page_no=2'>2<\/a><\/li>\n\n\n\n<li><a>...<\/a><\/li>\n\n\n\n<li><a href='?page_no=13331'>13331<\/a><\/li>\n\n\n\n<li><a href='?page_no=13332'>13332<\/a><\/li>\n\n\n\n<li class='active'><a>13333<\/a><\/li>\n\n\n\n<li><a href='?page_no=13334'>13334<\/a><\/li>\n\n\n\n<li><a href='?page_no=13335'>13335<\/a><\/li>\n\n\n\n<li><a>...<\/a><\/li>\n\n\n\n<li><a href='?page_no=13611'>13611<\/a><\/li>\n\n\n\n<li><a href='?page_no=13612'>13612<\/a><\/li>\n\n    \n\t\n\n<li >\n\t<a href='?page_no=13334'>Next<\/a>\n\t<\/li>\n\n\n    \n\n<li><a href='?page_no=13612'>Last &rsaquo;&rsaquo;<\/a><\/li>\n\n<\/ul>\n\n\n--><br \/>\n<\/body><\/p>\n","protected":false},"excerpt":{"rendered":"<p>Tambi\u00e9n puede leer este y otros comentarios en&#13; &#13; http:\/\/www.miltontejadacomunicaciones.blogspot.com\/ &#13; Comentarios de Medios&#13; &#13; 28\u00a0 de Diciembre, 2006. &#13; \u00a0\u201c\u00a1Ay de los pueblos gobernados por un Poder&#13; \u00a0que ha de pensar en la conservaci\u00f3n propia!\u201d&#13; &#13; (Jaime Luciano Balmes). &#13; \u00a0 &#13; No sintonizan con los sentimientos populares &#13; \u201cUna vez m\u00e1s est\u00e1 en [&hellip;]<\/p>\n","protected":false},"author":3,"featured_media":0,"comment_status":"open","ping_status":"open","sticky":false,"template":"","format":"standard","meta":{"footnotes":""},"categories":[16],"tags":[],"class_list":["post-37585","post","type-post","status-publish","format-standard","hentry","category-opiniones"],"_links":{"self":[{"href":"https:\/\/diariodominicano.com\/index.php?rest_route=\/wp\/v2\/posts\/37585","targetHints":{"allow":["GET"]}}],"collection":[{"href":"https:\/\/diariodominicano.com\/index.php?rest_route=\/wp\/v2\/posts"}],"about":[{"href":"https:\/\/diariodominicano.com\/index.php?rest_route=\/wp\/v2\/types\/post"}],"author":[{"embeddable":true,"href":"https:\/\/diariodominicano.com\/index.php?rest_route=\/wp\/v2\/users\/3"}],"replies":[{"embeddable":true,"href":"https:\/\/diariodominicano.com\/index.php?rest_route=%2Fwp%2Fv2%2Fcomments&post=37585"}],"version-history":[{"count":0,"href":"https:\/\/diariodominicano.com\/index.php?rest_route=\/wp\/v2\/posts\/37585\/revisions"}],"wp:attachment":[{"href":"https:\/\/diariodominicano.com\/index.php?rest_route=%2Fwp%2Fv2%2Fmedia&parent=37585"}],"wp:term":[{"taxonomy":"category","embeddable":true,"href":"https:\/\/diariodominicano.com\/index.php?rest_route=%2Fwp%2Fv2%2Fcategories&post=37585"},{"taxonomy":"post_tag","embeddable":true,"href":"https:\/\/diariodominicano.com\/index.php?rest_route=%2Fwp%2Fv2%2Ftags&post=37585"}],"curies":[{"name":"wp","href":"https:\/\/api.w.org\/{rel}","templated":true}]}}