{"id":37584,"date":"2006-12-29T15:44:08","date_gmt":"2006-12-29T15:44:08","guid":{"rendered":"http:\/\/diariodominicano.ddns.net\/?p=37584"},"modified":"2006-12-29T15:44:08","modified_gmt":"2006-12-29T15:44:08","slug":"los-temas-de-teledebate-37","status":"publish","type":"post","link":"https:\/\/diariodominicano.com\/?p=37584","title":{"rendered":"LOS TEMAS DE TELEDEBATE"},"content":{"rendered":"<p><body><\/p>\n<p align=\"justify\"><span class=\"titulogrande1\">LOS TEMAS DE TELEDEBATE<\/span><br \/>&#13;<br \/>\n  <br \/>&#13;<br \/>\n  <strong>CONVENCI\u00d3N DEL PRD.\u00a0<\/strong>  <span class=\"text1noticias\">Recuerdan la frase del \u201cperro huevero aunque le quemen el hocico\u201d. Al  PRD le pasa lo mismo.\u00a0 Le han quemado el  hocico de mala manera en dos elecciones sucesivas, pese a lo cual no hay manera  de que sus dirigentes se pongan de acuerdo ni siquiera para escoger la fecha de  la convenci\u00f3n que deber\u00e0 elegir su candidato presidencial. No s\u00f2lo eso, sino  que sus diferencias internas trascienden al exterior proyectando la imagen de  un partido totalmente desordenado y con una direcci\u00f2n ca\u00f3tica, sembrando  confusi\u00f3n y desaliento entre su militancia y ahuyentando a los ciudadanos sin  partido y a los electores j\u00f3venes.\u00a0 El  mismo discurso que utilizan unos contra otros es desmoralizante y  descalificador. Parece haber adem\u00e1s una lucha generacional con Vargas Maldonado  tratando de conseguir el apoyo de la generaci\u00f2n m\u00e0s reciente, en tanto  alrededor de Milagros Ortiz Bosch se agrupan los valores hist\u00f2ricos.\u00a0 En el medio, Hip\u00f3lito Mej\u00eca, tratando de  hacer sentir el peso de su PPH, vuelto a revivir a las claras, aunque nunca  estuvo en receso sino trabajando bajo la sombrilla de otro nombre.\u00a0 En estas condiciones, se puede pronosticar  que tendr\u00eda que ocurrir un desplome econ\u00f2mico como el ocurrido en los dos a\u00f1os  finales de Mej\u00eca para que el PRD pueda desplazar del poder a sus actuales  ocupantes, aunque \u00e8stos a su vez enfrentar una situaci\u00f2n interna que pondr\u00e0 a  prueba su capacidad de manejo de la m\u00e0s seria crisis que ha debido afrontar con  el enfrentamiento de sus dos principales figuras: el Presidente Leonel  Fern\u00e1ndez y su ex Secretario de la Presidencia, Danilo Medina sin descartar el  sostenido trabajo de base de Jos\u00e8 Tom\u00e0s P\u00e9rez<\/span><\/p>\n<p>&#13;<\/p>\n<p align=\"justify\" class=\"text1noticias\"><strong>SADDAM HUSSEIN.\u00a0<\/strong> Todo parece indicar que est\u00e0 al escribirse un nuevo cap\u00ectulo en la  traum\u00e1tica historia del Irak de los \u00faltimos tiempos.\u00a0 Al ser rechazada la apelaci\u00f3n presentada por  sus abogados, la sentencia de muerte por ahorcamiento contra el depuesto y  derrotado ex dictador Saddam Hussein deber\u00e0 cumplirse en cualquier momento  dentro de los pr\u00f3ximos 30 d\u00ecas.\u00a0 Esto  as\u00ec, salvo que el presidente iraqu\u00ed le otorgue clemencia, lo cual parece ser  muy de dudar.\u00a0 Que Saddam merece ser  ajusticiado est\u00e0 m\u00e0s all\u00e0 de toda duda.\u00a0  Independientemente de la invasi\u00f3n y posterior ocupaci\u00f3n del territorio  iraqu\u00ed por los Estados Unidos y aliados, Saddam ejerci\u00f3 el poder en forma  omn\u00ecmoda sobre el conjunto de tribus que componen su hoy sometido pa\u00ecs. Su  condena se produce precisamente bajo el cargo de genocidio contra una de esas  etnias. Ahora bien&#8230;\u00bfpol\u00edticamente ser\u00eca oportuno en estos momentos ejercer  justicia sumaria contra Saddam o pudiera su ejecuci\u00f3n convertirlo en un  m\u00e1rtir?\u00a0 Ahora mismo, Irak est\u00e0 inmersa  en una guerra civil, la vieja confrontaci\u00f3n entre sunitas y chi\u00ectas.\u00a0 En el medio, las tropas de ocupaci\u00f3n se ven  envueltas en este hist\u00f2rico conflicto subyacente, sufriendo bajas que en el  caso espec\u00ecfico de los norteamericanos ya les ha reportado m\u00e0s muertes de  militares que lass registradas en ocasi\u00f3n del suicida ataque terrorista del 11  de Septiembre pero que adem\u00e1s mantiene entrampado al gobierno del Presidente  George Bush, que ni puede quedarse ni sabe como salir.<\/p>\n<p>&#13;<\/p>\n<p align=\"justify\" class=\"text1noticias\"><strong>INESPRE.<\/strong>\u00a0 El  organismo fue creado, tal como su nombre lo indica,con la finalidad de  estabilizar los precios tanto para los productores como para los consumidores.\u00a0 En ocasiones, hay que reconocer que ha jugado  bien su papel.\u00a0 Un ejemplo reciente fue  el del ya desaparecido Pablo Mercedes, quien lo dirigi\u00f2 durante la pasada  administraci\u00f3n del Presidente Hip\u00f3lito Mej\u00eca. Mercedes figur\u00f2 entre los escasos  funcionarios de esa gesti\u00f3n que escaparon indemnes a\u00a0 la vindicta p\u00f9blica. Lo merec\u00eda. Al frente de  INESPRE cumpli\u00f2 con los productores y llev\u00f2 los mercados populares a cientos de  barrios y comunidades del pa\u00ecs, beneficiando con la venta de productos de la  canasta b\u00e0sica a precios econ\u00f3micos a decenas, quiz\u00e0s cientos de miles de  familias de escasos recursos.\u00a0 Hoy  INESPRE es una sombra de lo que fue entonces y se encuentra a distancia abismal  del prop\u00f2sito que inspir\u00f2 su creaci\u00f2n.\u00a0  El organismo tiene una carga fija de 40 millones de pesos mensuales,  gran parte de los cuales se van en n\u00f2mina, y los mercados populares han quedado  tan reducidos a su m\u00ednima expresi\u00f2n que no hacen la menor bulla.\u00a0 Su propio incumbente, Jos\u00e8 Francisco Pe\u00f1a  Guaba, dice que est\u00e0 en estado comatoso.\u00a0  No parece que vaya a salir de ah\u00ec.\u00a0  La impresi\u00f3n es que el gobierno focalizar\u00e0 el grueso de sus recursos a  favor de las clases necesitadas a trav\u00e8s del Plan Solidaridad y el Plan Social  de la   Presidencia.\u00a0 De ser  as\u00ec, lo mejor ser\u00e0 eliminar INESPRE aunque no las motivaciones que lo  crearon.\u00a0 En una econom\u00eca capitalista y  abierta a la competencia, se precisa de mecanismos de estabilizaci\u00f3n tanto a  favor de los productores como de los consumidores.\u00a0 Sin ir demasiado lejos, basta con fijarse en  el ejemplo de los Estados Unidos, el pa\u00ecs capitalista por excelencia, con sus  mecanismos de sustentaci\u00f3n de precios.<\/p>\n<p>&#13;<\/p>\n<p align=\"justify\" class=\"text1noticias\"><strong>TAPABOCAS.\u00a0<\/strong> En el  gobierno parecen haberse desatado los demonios verbales.\u00a0 Las lenguas de fuego se dejan sentir tanto en  lo tocante al tema candente de la candidatura presidencial pelede\u00ecsta y la  reelecci\u00f3n como en las cr\u00ecticas que se dirigen los funcionarios entre  s\u00ec,lo\u00a0 que parecer\u00eca en algunos casos un  rezago gen\u00e8tico de sus or\u00edgenes perrede\u00ecstas.\u00a0  El choque m\u00e0s reciente es el tiene como protagonistas al Secretario de  Finanzas, Vicente Bengoa, y al Encargado del Departamento de Prensa de la Presidencia, Rafael  N\u00fa\u00f1ez.\u00a0 N\u00fa\u00f1ez reaccion\u00f2 molesto a unas  declaraciones del primero en las que reproch\u00f2 al equipo de comunicaci\u00f3n  gubernamental\u00a0 no haber sabido exponer de  manera convincente el proyecto de rectificaci\u00f3n fiscal.\u00a0 Ni corto ni perezoso, se hizo esperar la  r\u00e8plica de N\u00fa\u00f1ez quien con lenguaje c\u00e0ustico acusa de Bengoa de hablar  demasiado y lo mand\u00f2 a callar sin contemplaciones.\u00a0\u00a0 Hay quienes extra\u00f1an la f\u00e9rrea disciplina  que rein\u00f2 en esa agrupaci\u00f3n en el pasado cuando era una agrupaci\u00f3n de  cuadros.\u00a0 Viejos boschistas no han podido  adaptarse al cambio en un partido de masas, abierto a la discusi\u00f2n y al p\u00f9blico,  lo que trae como consecuencia estas diferencias de criterio llevadas a un nivel  \u00e0cido, que toca a la dirigencia pelede\u00ecsta evitar provoque traumas  insuperables, defecciones y divisiones.<\/p>\n<p>&#13;<\/p>\n<h6> 2006-12-29 15:44:08 <\/h6>\n<p><!--\n<link rel=\"stylesheet\" href=\"css\/bootstrap.min.css\">\n\n\n<ul class=\"pagination\">\n\t    \n\t\n\n<li >\n\t<a href='?page_no=13331'>Previous<\/a>\n\t<\/li>\n\n\n       \n    \n\n<li><a href='?page_no=1'>1<\/a><\/li>\n\n\n\n<li><a href='?page_no=2'>2<\/a><\/li>\n\n\n\n<li><a>...<\/a><\/li>\n\n\n\n<li><a href='?page_no=13330'>13330<\/a><\/li>\n\n\n\n<li><a href='?page_no=13331'>13331<\/a><\/li>\n\n\n\n<li class='active'><a>13332<\/a><\/li>\n\n\n\n<li><a href='?page_no=13333'>13333<\/a><\/li>\n\n\n\n<li><a href='?page_no=13334'>13334<\/a><\/li>\n\n\n\n<li><a>...<\/a><\/li>\n\n\n\n<li><a href='?page_no=13611'>13611<\/a><\/li>\n\n\n\n<li><a href='?page_no=13612'>13612<\/a><\/li>\n\n    \n\t\n\n<li >\n\t<a href='?page_no=13333'>Next<\/a>\n\t<\/li>\n\n\n    \n\n<li><a href='?page_no=13612'>Last &rsaquo;&rsaquo;<\/a><\/li>\n\n<\/ul>\n\n\n--><br \/>\n<\/body><\/p>\n","protected":false},"excerpt":{"rendered":"<p>LOS TEMAS DE TELEDEBATE&#13; &#13; CONVENCI\u00d3N DEL PRD.\u00a0 Recuerdan la frase del \u201cperro huevero aunque le quemen el hocico\u201d. Al PRD le pasa lo mismo.\u00a0 Le han quemado el hocico de mala manera en dos elecciones sucesivas, pese a lo cual no hay manera de que sus dirigentes se pongan de acuerdo ni siquiera para [&hellip;]<\/p>\n","protected":false},"author":3,"featured_media":0,"comment_status":"open","ping_status":"open","sticky":false,"template":"","format":"standard","meta":{"footnotes":""},"categories":[16],"tags":[],"class_list":["post-37584","post","type-post","status-publish","format-standard","hentry","category-opiniones"],"_links":{"self":[{"href":"https:\/\/diariodominicano.com\/index.php?rest_route=\/wp\/v2\/posts\/37584","targetHints":{"allow":["GET"]}}],"collection":[{"href":"https:\/\/diariodominicano.com\/index.php?rest_route=\/wp\/v2\/posts"}],"about":[{"href":"https:\/\/diariodominicano.com\/index.php?rest_route=\/wp\/v2\/types\/post"}],"author":[{"embeddable":true,"href":"https:\/\/diariodominicano.com\/index.php?rest_route=\/wp\/v2\/users\/3"}],"replies":[{"embeddable":true,"href":"https:\/\/diariodominicano.com\/index.php?rest_route=%2Fwp%2Fv2%2Fcomments&post=37584"}],"version-history":[{"count":0,"href":"https:\/\/diariodominicano.com\/index.php?rest_route=\/wp\/v2\/posts\/37584\/revisions"}],"wp:attachment":[{"href":"https:\/\/diariodominicano.com\/index.php?rest_route=%2Fwp%2Fv2%2Fmedia&parent=37584"}],"wp:term":[{"taxonomy":"category","embeddable":true,"href":"https:\/\/diariodominicano.com\/index.php?rest_route=%2Fwp%2Fv2%2Fcategories&post=37584"},{"taxonomy":"post_tag","embeddable":true,"href":"https:\/\/diariodominicano.com\/index.php?rest_route=%2Fwp%2Fv2%2Ftags&post=37584"}],"curies":[{"name":"wp","href":"https:\/\/api.w.org\/{rel}","templated":true}]}}