{"id":37583,"date":"2006-12-29T15:48:30","date_gmt":"2006-12-29T15:48:30","guid":{"rendered":"http:\/\/diariodominicano.ddns.net\/?p=37583"},"modified":"2006-12-29T15:48:30","modified_gmt":"2006-12-29T15:48:30","slug":"el-tiro-rapido-455","status":"publish","type":"post","link":"https:\/\/diariodominicano.com\/?p=37583","title":{"rendered":"EL TIRO RAPIDO"},"content":{"rendered":"<p><body><\/p>\n<p><span class=\"titulogrande1\">EL TIRO RAPIDO<\/span><br \/>&#13;<br \/>\n  <br \/>&#13;<br \/>\n    <span class=\"textogrande\">de<br \/>&#13;<br \/>\nMario Rivadulla<\/span><\/p>\n<p>&#13;<\/p>\n<p align=\"justify\" class=\"text1noticias\">Ya en los finales de la pasada  Junta Central Electoral, su Presidente,\u00a0  Luis Arias,\u00a0 denunci\u00f2 la  existencia de una mafia integrada por personal de las oficial\u00ecas civiles y del  propio organismo dedicada a la expedici\u00f3n de c\u00e8dulas de identidad en base a  actas de nacimiento falsas.\u00a0 Seg\u00f9n el  magistrado, se hab\u00ecan estado entregando a un ritmo de entre cien y doscientas  por d\u00eca, principalmente a haitianos indocumentados, a cambio de una fuerte suma  de dinero.<\/p>\n<p>&#13;<\/p>\n<p align=\"justify\" class=\"text1noticias\">Se mencion\u00f2 tambi\u00e8n entonces que  por esa misma v\u00eca, delincuentes internacionales y elementos vinculados al  narcotr\u00e1fico reclamados por los cuerpos de investigaci\u00f2n de sus respectivos  pa\u00ecses y buscados por la   INTERPOL, hab\u00ecan encontrado refugio en suelo dominicano  amparados en una nueva identidad.\u00a0 <\/p>\n<p>&#13;<\/p>\n<p align=\"justify\" class=\"text1noticias\">El tema sin embargo pareci\u00f2 caer  en el vac\u00eco, hasta que el presidente actual de la C\u00e0mara Administrativa,  Roberto Rosario, solicit\u00f2 del pleno de la Junta dar de baja a numerosos funcionarios y  empleados de la misma as\u00ec como de oficial\u00ecas civiles presuntamente involucrados  en este grave negocio il\u00edcito que atenta contra la misma soberan\u00eca y las bases  de la nacionalidad del pa\u00ecs.<\/p>\n<p>&#13;<\/p>\n<p align=\"justify\" class=\"text1noticias\">Ahora ha tocado al Presidente de  la propia Junta endosar esa acusaci\u00f2n en visita efectuada al despacho del  Procurador General de la   Rep\u00f9blica, Radham\u00e8s Jim\u00e9nez, afirmando que el pa\u00ecs est\u00e0  \u201cplagado\u201d, seg\u00f9n expresi\u00f3n textual, de casos de suplantaci\u00f2n de identidad.\u00a0 <br \/>&#13;<br \/>\n  <br \/>&#13;<br \/>\nActas de nacimiento falsas obtenidas en  determinadas oficial\u00ecas civiles que forman parte de esta estructura mafiosa,  sirven a narcotraficantes y peligrosos malhechores para obtener c\u00e8dulas de  identidad y pasaportes con su nuevo nombre.<\/p>\n<p>&#13;<\/p>\n<p align=\"justify\" class=\"text1noticias\">El doctor Julio C\u00e8sar Casta\u00f1os  Espaillat no es figura dada a protagonismos vanidosos. No es tampoco proclive a  airear denuncias irresponsables ni alegres.\u00a0  De ah\u00ec que cuando llega al punto de hacer afirmaciones tan graves y de  manera tan categ\u00f3rica, d\u00e0 motivos de sobra para preocuparse.<\/p>\n<p>&#13;<\/p>\n<p align=\"justify\" class=\"text1noticias\">La ra\u00ecz del problema parece  radicar en las oficial\u00ecas civiles y la forma totalmente irregular en que \u00e8stas  operan, lo que permite todo g\u00e8nero de maquinaciones ilegales.\u00a0 El propio magistrado presidente de la Junta afirma que representan  un dolor de cabeza por la cantidad y diversidad de manejos irregulares que se  realizan en las mismas.<\/p>\n<p>&#13;<\/p>\n<p align=\"justify\" class=\"text1noticias\">No es s\u00f2lo \u00e8sta, sin embargo, la  \u00f9nica causa de inquietud. El propio Casta\u00f1os Espaillat se\u00f1al\u00f2 al hablar con los  periodistas a la salida del despacho del Procurador, que el 26 porciento del  total de la masa despose\u00edda con que contamos y nos hace figurar entre los  pa\u00ecses pobres del hemisferio, carece de documentos de identidad.<\/p>\n<p>&#13;<\/p>\n<p align=\"justify\" class=\"text1noticias\">Como consecuencia de ello no  pueden acceder a los beneficios del Plan Solidaridad. Ni inscribirse en la Seguridad Social.\u00a0 Ni tan siquiera cambiar un cheque ya que no  poseen c\u00e8dula.\u00a0 M\u00e0s claro: carecen de  identidad y por consiguiente, de personalidad jur\u00eddica.\u00a0 <br \/>&#13;<br \/>\n  <br \/>&#13;<br \/>\nNo es un problema sencillo. Es una situaci\u00f2n  que afecta a cientos de miles de dominicanos que se hallan atrapados en un  aut\u00e8ntico limbo legal.<\/p>\n<p>&#13;<\/p>\n<p align=\"justify\" class=\"text1noticias\">El tema de las oficial\u00ecas pasa a  adquirir as\u00ec categor\u00eda de gran prioridad. Ello tanto por el hecho de la gran  cantidad de dominicanos que se encuentran en la condici\u00f3n`antes se\u00f1alada, lo  que representa un grave problema social,\u00a0  como por la compartida alarma con el Presidente de la Junta por la suplantaci\u00f2n de  identidad a favor de peligrosos mafiosos internacionales, en particular  vinculados al sucio negocio del narcotr\u00e1fico lo que constituye un serio  problema de seguridad ciudadana.<\/p>\n<p>&#13;<\/p>\n<p align=\"justify\" class=\"text1noticias\">M\u00e0s que un simple dolor de cabeza  como las califica el doctor Casta\u00f1os Espaillat, todos los indicios apuntan a  que en las oficialias se encuentra la ra\u00ecz primera de una situaci\u00f2n que es  preciso depurar con prontitud, energ\u00eda y eficacia por todas las tramposer\u00ecas  que se anotan en sus registros, desde nacimientos hasta matrimonios, divorcios  y defunciones.<\/p>\n<p>&#13;<\/p>\n<p align=\"justify\" class=\"text1noticias\">Esa depuraci\u00f3n es un paso  importante para la aut\u00e8ntica institucionalizaci\u00f2n del pa\u00ecs que necesariamente  tiene que comenzar por institucionalizar la real identidad y existencia  jur\u00eddica de cada uno de sus ciudadanos.<\/p>\n<p>&#13;<\/p>\n<p align=\"justify\" class=\"text1noticias\">(TELEDEBATE. Canal 23, Telefuturo,lunes a viernes a  las 8 de la noche,\u00a0 cubriendo todo el  pa\u00ecs v\u00eca sat\u00e9lite y contando con los servicios de Telecable Nacional, Aster y  155 cables locales.\u00a0 A nivel  internacional, en vivo y directo, por Internet).\u00a0\u00a0 <\/p>\n<p>&#13;<\/p>\n<h6> 2006-12-29 15:48:30 <\/h6>\n<p><!--\n<link rel=\"stylesheet\" href=\"css\/bootstrap.min.css\">\n\n\n<ul class=\"pagination\">\n\t    \n\t\n\n<li >\n\t<a href='?page_no=13330'>Previous<\/a>\n\t<\/li>\n\n\n       \n    \n\n<li><a href='?page_no=1'>1<\/a><\/li>\n\n\n\n<li><a href='?page_no=2'>2<\/a><\/li>\n\n\n\n<li><a>...<\/a><\/li>\n\n\n\n<li><a href='?page_no=13329'>13329<\/a><\/li>\n\n\n\n<li><a href='?page_no=13330'>13330<\/a><\/li>\n\n\n\n<li class='active'><a>13331<\/a><\/li>\n\n\n\n<li><a href='?page_no=13332'>13332<\/a><\/li>\n\n\n\n<li><a href='?page_no=13333'>13333<\/a><\/li>\n\n\n\n<li><a>...<\/a><\/li>\n\n\n\n<li><a href='?page_no=13611'>13611<\/a><\/li>\n\n\n\n<li><a href='?page_no=13612'>13612<\/a><\/li>\n\n    \n\t\n\n<li >\n\t<a href='?page_no=13332'>Next<\/a>\n\t<\/li>\n\n\n    \n\n<li><a href='?page_no=13612'>Last &rsaquo;&rsaquo;<\/a><\/li>\n\n<\/ul>\n\n\n--><br \/>\n<\/body><\/p>\n","protected":false},"excerpt":{"rendered":"<p>EL TIRO RAPIDO&#13; &#13; de&#13; Mario Rivadulla &#13; Ya en los finales de la pasada Junta Central Electoral, su Presidente,\u00a0 Luis Arias,\u00a0 denunci\u00f2 la existencia de una mafia integrada por personal de las oficial\u00ecas civiles y del propio organismo dedicada a la expedici\u00f3n de c\u00e8dulas de identidad en base a actas de nacimiento falsas.\u00a0 Seg\u00f9n [&hellip;]<\/p>\n","protected":false},"author":3,"featured_media":0,"comment_status":"open","ping_status":"open","sticky":false,"template":"","format":"standard","meta":{"footnotes":""},"categories":[16],"tags":[],"class_list":["post-37583","post","type-post","status-publish","format-standard","hentry","category-opiniones"],"_links":{"self":[{"href":"https:\/\/diariodominicano.com\/index.php?rest_route=\/wp\/v2\/posts\/37583","targetHints":{"allow":["GET"]}}],"collection":[{"href":"https:\/\/diariodominicano.com\/index.php?rest_route=\/wp\/v2\/posts"}],"about":[{"href":"https:\/\/diariodominicano.com\/index.php?rest_route=\/wp\/v2\/types\/post"}],"author":[{"embeddable":true,"href":"https:\/\/diariodominicano.com\/index.php?rest_route=\/wp\/v2\/users\/3"}],"replies":[{"embeddable":true,"href":"https:\/\/diariodominicano.com\/index.php?rest_route=%2Fwp%2Fv2%2Fcomments&post=37583"}],"version-history":[{"count":0,"href":"https:\/\/diariodominicano.com\/index.php?rest_route=\/wp\/v2\/posts\/37583\/revisions"}],"wp:attachment":[{"href":"https:\/\/diariodominicano.com\/index.php?rest_route=%2Fwp%2Fv2%2Fmedia&parent=37583"}],"wp:term":[{"taxonomy":"category","embeddable":true,"href":"https:\/\/diariodominicano.com\/index.php?rest_route=%2Fwp%2Fv2%2Fcategories&post=37583"},{"taxonomy":"post_tag","embeddable":true,"href":"https:\/\/diariodominicano.com\/index.php?rest_route=%2Fwp%2Fv2%2Ftags&post=37583"}],"curies":[{"name":"wp","href":"https:\/\/api.w.org\/{rel}","templated":true}]}}