{"id":37582,"date":"2006-12-29T15:52:52","date_gmt":"2006-12-29T15:52:52","guid":{"rendered":"http:\/\/diariodominicano.ddns.net\/?p=37582"},"modified":"2006-12-29T15:52:52","modified_gmt":"2006-12-29T15:52:52","slug":"las-principales-en-teledebate-143","status":"publish","type":"post","link":"https:\/\/diariodominicano.com\/?p=37582","title":{"rendered":"LAS PRINCIPALES EN TELEDEBATE"},"content":{"rendered":"<p><body><\/p>\n<h1 align=\"center\" class=\"titulogrande1\">LAS PRINCIPALES EN TELEDEBATE<\/h1>\n<p>&#13;<\/p>\n<p align=\"center\" class=\"textogrande\">Mi\u00e9rcoles 27,12,06<\/p>\n<p>&#13;<\/p>\n<p align=\"justify\"><strong>NUEVO FRACASO.\u00a0<\/strong>  <span class=\"text1noticias\">Fracas\u00f2 ayer la reuni\u00f3n del Comit\u00e8 Ejecutivo Nacional del PRD que  conocer\u00eca la resoluci\u00f3n de la Comisi\u00f3n Organizadora de la Convenci\u00f3n donde se  escoger\u00e0 su candidato presidencial.\u00a0 Esa,  en un intento de soluci\u00f3n salom\u00f2nica, acord\u00f2 posponer la fecha del evento para  el 28 de Enero, lo que al parecer satisface a la Corriente Unitaria  que promueve la candidatura de Milagros Ortiz Bosch, pero es rechazado por la  que acaudilla Miguel Vargas Maldonado.<\/span><\/p>\n<p>&#13;<\/p>\n<p align=\"justify\" class=\"text1noticias\"><strong>IDENTIDAD FALSA. <\/strong>El Presidente de la Junta Central  Electoral, Julio C\u00e8sar Casta\u00f1os, confirma lo que se ha venido denunciando desde  hace tiempo. Esto es: que el pa\u00ecs est\u00e0 siendo utilizado como refugio por  delincuentes internacionales y narcotraficantes. Estos se proveen de nuevas  identidades en base a actas de nacimiento falsas obtenidas en Oficial\u00ecas del  Registro Civil. El caso ha pasado a manos del Procurador General.<\/p>\n<p>&#13;<\/p>\n<p align=\"justify\" class=\"text1noticias\"><strong>SIN VIDA JUR\u00cdDICA.<\/strong> En contraste, el propio timonel  de la Junta en  su visita al alto funcionario fiscal revela que un 27 porciento de los pobres  del pa\u00ecs se encuentra en condici\u00f3n de indocumentados.\u00a0 Por tanto, no son pasibles ni de recibir  c\u00e8dula,\u00a0 ni la tarjeta Solidaridad, ni  inscribirse en la   Seguridad Social, ni cobrar un cheque, entre otras  actividades normales que les est\u00e0n vedadas.\u00a0<br \/>&#13;<br \/>\n  <br \/>  &#13;<br \/>\nSimplemente carecen de vida jur\u00eddica y capacidad ciudadana.<\/p>\n<p>&#13;<\/p>\n<p align=\"justify\" class=\"text1noticias\"><strong>BOLIVIA: ATENTADO A DERECHOS HUMANOS.\u00a0<\/strong> Ojo: el gobierno boliviano est\u00e0 en entredicho  en el campo de los derechos humanos al pretender expulsar de su territorio y  devolver a Cuba, al m\u00e8dico disidente cubano Amauris Sanmartino quien reside en  el pa\u00ecs coquero desde el a\u00f1o dos mil.\u00a0  Las autoridades pretenden negarle el status de refugiado pol\u00edtico pese a  que las razones que alegan para sustentar la medida es que el mismo ha violado  las normas migratorias por sus cr\u00ecticas al gobierno fidelista.<\/p>\n<p>&#13;<\/p>\n<p align=\"justify\" class=\"text1noticias\"><strong>TAMBIEN LA ENSE\u00d1ANZA Y EL EMPLEO.<\/strong>\u00a0 El Presidente Fern\u00e1ndez los retos que deber\u00e0  afrontar su gobierno en el a\u00f1o que se avecina son mantener el crecimiento y estabilidad  de la econom\u00eda, garantizar la seguridad ciudadana, implementar el \u00e0rea de salud  de la seguridad social y enfrentar la crisis el\u00e9ctrica.\u00a0 Son realmente temas prioritarios para el  pa\u00ecs.\u00a0 Pero no puede echarse en olvido la  necesidad de elevar la calidad de la ense\u00f1anza y combatir el desempleo y la  pobreza.<\/p>\n<p>&#13;<\/p>\n<p align=\"justify\" class=\"text1noticias\"><strong>EL CRIMEN ORGANIZADO.\u00a0<\/strong> Quiz\u00e0s haya sido por otras causas, pero el  asesinato a tiros de dos comerciantes, cuyos cuerpos aparecieron en el interior  de una jipeta en un ca\u00f1averal de Higuey, con el radio encendido a todo volumen,  reviste las caracter\u00edsticas de una de las frecuentes ejecuciones que est\u00e0n  teniendo lugar en el pa\u00ecs a manos del crimen organizado. Esto asi sobre todo en  los casos en que las v\u00ecctimas han estado viviendo un tiempo en el extranjero,  principalmente en Nueva York.<\/p>\n<p>&#13;<\/p>\n<p align=\"justify\" class=\"text1noticias\"><strong>PELAS DE LENGUA.\u00a0<\/strong> Las pelas de lengua se han puesto de moda en el gobierno. Ahora es  Rafael N\u00fa\u00f1ez, el Director de Prensa del Palacio Nacional, quien le marcha de  frente a Vicente Bengoa, Secretario de Finanzas, reclam\u00e1ndole en tono  perentorio que se calle.\u00a0<br \/>&#13;<br \/>\n  <br \/> &#13;<br \/>\nEste  anteriormente se hab\u00eca quejado de que el equipo de comunicaci\u00f3n gubernamental  no hab\u00eca vender adecuadamente el proyecto de Rectificaci\u00f3n Fiscal, imputaci\u00f3n  que ha provocado la \u00e0spera reacci\u00f3n de N\u00fa\u00f1ez.<\/p>\n<p>&#13;<\/p>\n<p align=\"justify\" class=\"text1noticias\"><strong>ALEGATOS BIEN RAZONADOS.\u00a0<\/strong> Los alegatos de los fabricantes de  cigarrillos advirtiendo que la imposici\u00f3n del nuevo tributo de un cien  porciento tal como aparece en el proyecto de rectificaci\u00f3n fiscal, pudiera  duplicar y hasta triplicar su precio desplazando el consumo hacia las marcas  m\u00e0s baratas y por consiguiente menos productivas al fisco, parecen bien  razonados y requieren de cuidadosa ponderaci\u00f3n.\u00a0  No vaya a ser que el remedio que se procura resulte peor que la  enfermedad.<\/p>\n<p>&#13;<\/p>\n<p align=\"justify\" class=\"text1noticias\"><strong>SE SALVARON EN EL ULTIMO MINUTO.\u00a0 <\/strong>El brutal asesinato a tiros y cuchilladas del  m\u00fasico de la Sinf\u00f3nica,  Franz Ure\u00f1a, frente a su misma residencia,estuvo a punto de ser vengado por los  indignados vecinos del artista quienes apresaron a dos de los presuntos  asesinos y luego de madurarlos a golpes los rociaron con gasolina para  quemarlos vivos.\u00a0 La oportuna  intervenci\u00f2n de la fuerza p\u00f9blica los salv\u00f2 de una horrible muere.<\/p>\n<p>&#13;<\/p>\n<p align=\"justify\" class=\"text1noticias\"><strong>SADDAM A LA HORCA.\u00a0<\/strong> Si  no es revocada el ratificado fallo que condena a muerte en la horca a Saddam  Hussein y algunos de sus cercanos colaboradores, la ejecuci\u00f3n pudiera llevarse  a cabo en cualquier momento en un plazo m\u00e1ximo de 30 d\u00ecas.\u00a0 Mientras tanto, se divulga que\u00a0 el n\u00f9mero de soldados norteamericanos ca\u00ecdos  en Irak asciende a dos mil 982 una cifra ya superior a los dos mil 973 de las  v\u00ecctimas provocadas por el atentado terrorista a las torres gemelas en  Septiembre del 2001.<\/p>\n<p>&#13;<\/p>\n<p align=\"justify\" class=\"text1noticias\"><strong>ANTESALA DEL INFIERNO.<\/strong>\u00a0 En los treinta barrios que integran el sector  Cienfuegos de Santiago, pudiera encontrarse una r\u00e8plica de la antesala del infierno.\u00a0 A las contaminantes y pestilentes emanaciones  de humo del vertedero de Rafey con su secuela de enfermedades respiratorias,  principalmente para los ni\u00f1os, se suman el hacinamiento, las plagas de  mosquitos, ratas y ratones, la falta de trabajo, la pobreza extrema, la  desnutrici\u00f2n y la proliferaci\u00f3n de todo g\u00e8nero de fechor\u00edas. La desesperanza no  requiere m\u00e0s requisitos.<\/p>\n<p>&#13;<\/p>\n<h6> 2006-12-29 15:52:52 <\/h6>\n<p><!--\n<link rel=\"stylesheet\" href=\"css\/bootstrap.min.css\">\n\n\n<ul class=\"pagination\">\n\t    \n\t\n\n<li >\n\t<a href='?page_no=13329'>Previous<\/a>\n\t<\/li>\n\n\n       \n    \n\n<li><a href='?page_no=1'>1<\/a><\/li>\n\n\n\n<li><a href='?page_no=2'>2<\/a><\/li>\n\n\n\n<li><a>...<\/a><\/li>\n\n\n\n<li><a href='?page_no=13328'>13328<\/a><\/li>\n\n\n\n<li><a href='?page_no=13329'>13329<\/a><\/li>\n\n\n\n<li class='active'><a>13330<\/a><\/li>\n\n\n\n<li><a href='?page_no=13331'>13331<\/a><\/li>\n\n\n\n<li><a href='?page_no=13332'>13332<\/a><\/li>\n\n\n\n<li><a>...<\/a><\/li>\n\n\n\n<li><a href='?page_no=13611'>13611<\/a><\/li>\n\n\n\n<li><a href='?page_no=13612'>13612<\/a><\/li>\n\n    \n\t\n\n<li >\n\t<a href='?page_no=13331'>Next<\/a>\n\t<\/li>\n\n\n    \n\n<li><a href='?page_no=13612'>Last &rsaquo;&rsaquo;<\/a><\/li>\n\n<\/ul>\n\n\n--><br \/>\n<\/body><\/p>\n","protected":false},"excerpt":{"rendered":"<p>LAS PRINCIPALES EN TELEDEBATE &#13; Mi\u00e9rcoles 27,12,06 &#13; NUEVO FRACASO.\u00a0 Fracas\u00f2 ayer la reuni\u00f3n del Comit\u00e8 Ejecutivo Nacional del PRD que conocer\u00eca la resoluci\u00f3n de la Comisi\u00f3n Organizadora de la Convenci\u00f3n donde se escoger\u00e0 su candidato presidencial.\u00a0 Esa, en un intento de soluci\u00f3n salom\u00f2nica, acord\u00f2 posponer la fecha del evento para el 28 de Enero, [&hellip;]<\/p>\n","protected":false},"author":3,"featured_media":0,"comment_status":"open","ping_status":"open","sticky":false,"template":"","format":"standard","meta":{"footnotes":""},"categories":[16],"tags":[],"class_list":["post-37582","post","type-post","status-publish","format-standard","hentry","category-opiniones"],"_links":{"self":[{"href":"https:\/\/diariodominicano.com\/index.php?rest_route=\/wp\/v2\/posts\/37582","targetHints":{"allow":["GET"]}}],"collection":[{"href":"https:\/\/diariodominicano.com\/index.php?rest_route=\/wp\/v2\/posts"}],"about":[{"href":"https:\/\/diariodominicano.com\/index.php?rest_route=\/wp\/v2\/types\/post"}],"author":[{"embeddable":true,"href":"https:\/\/diariodominicano.com\/index.php?rest_route=\/wp\/v2\/users\/3"}],"replies":[{"embeddable":true,"href":"https:\/\/diariodominicano.com\/index.php?rest_route=%2Fwp%2Fv2%2Fcomments&post=37582"}],"version-history":[{"count":0,"href":"https:\/\/diariodominicano.com\/index.php?rest_route=\/wp\/v2\/posts\/37582\/revisions"}],"wp:attachment":[{"href":"https:\/\/diariodominicano.com\/index.php?rest_route=%2Fwp%2Fv2%2Fmedia&parent=37582"}],"wp:term":[{"taxonomy":"category","embeddable":true,"href":"https:\/\/diariodominicano.com\/index.php?rest_route=%2Fwp%2Fv2%2Fcategories&post=37582"},{"taxonomy":"post_tag","embeddable":true,"href":"https:\/\/diariodominicano.com\/index.php?rest_route=%2Fwp%2Fv2%2Ftags&post=37582"}],"curies":[{"name":"wp","href":"https:\/\/api.w.org\/{rel}","templated":true}]}}