{"id":37580,"date":"2007-01-01T22:06:25","date_gmt":"2007-01-01T22:06:25","guid":{"rendered":"http:\/\/diariodominicano.ddns.net\/?p=37580"},"modified":"2007-01-01T22:06:25","modified_gmt":"2007-01-01T22:06:25","slug":"los-efectos-del-ahorcamiento-de-sadam-husein","status":"publish","type":"post","link":"https:\/\/diariodominicano.com\/?p=37580","title":{"rendered":"LOS EFECTOS DEL AHORCAMIENTO DE SADAM HUSEIN"},"content":{"rendered":"<p><body><\/p>\n<p class=\"titulogrande1\">LOS EFECTOS DEL AHORCAMIENTO DE SADAM  HUSEIN<\/p>\n<p>&#13;<\/p>\n<h2 class=\"text1noticias\"><strong>EL INFIERNO SIN EL D\u00c9SPOTA<\/strong><\/h2>\n<p>&#13;<\/p>\n<p>\u2022 <strong>Bush no podr\u00e1 utilizar la desaparici\u00f3n  de Sadam para esconder su fracaso electoral de noviembre<\/strong><br \/>&#13;<br \/>\n  <br \/>&#13;<br \/>\n<img loading=\"lazy\" decoding=\"async\" width=\"217\" height=\"267\" src=\"http:\/\/10.0.0.82:8080\/formato_clip_image002_0015.jpg\" \/><\/p>\n<p>&#13;<\/p>\n<p class=\"textogrande\">MATEO  Madridejos*<\/p>\n<p>&#13;<\/p>\n<p align=\"justify\" class=\"text1noticias\">La  ejecuci\u00f3n de Sadam Husein en la horca, convicto de cr\u00edmenes contra la  humanidad, clausura el cap\u00edtulo m\u00e1s turbulento y tenebroso de la historia de  Irak desde el golpe de Estado militar y el regicidio de 1958, pero es muy poco  probable que contribuya a mejorar la situaci\u00f3n de un pa\u00eds ca\u00f3tico que se  desangra en una guerra civil de car\u00e1cter \u00e9tnico bajo la ocupaci\u00f3n de una  potencia extranjera. Podr\u00eda ocurrir incluso que la insurgencia de los sun\u00eds  conozca un nuevo impulso, mientras el pa\u00eds se hunde en el abismo fratricida, a  juzgar por esa extra\u00f1a mezcla de los gritos de j\u00fabilo con los de tristeza y  venganza que resuenan en todos los rincones.<br \/>&#13;<br \/>\n  <br \/>&#13;<br \/>\n  Resulta  prematuro especular con el juicio final que la historia reservar\u00e1 para el  tiranicidio legalizado, pero no cabe duda de que la ejecuci\u00f3n de la sentencia  ser\u00e1 rechazada no solo por los abolicionistas de la pena capital, que en Europa  constituyen una inmensa mayor\u00eda, o los que deploran el retroceso de la justicia  internacional, sino igualmente por los que denuncian las numerosas  irregularidades del proceso o los que reputan inmoral la utilizaci\u00f3n de una  persona, incluso aunque sea un malvado, como un pe\u00f3n o instrumento de una  determinada estrategia utilitaria y globalizadora, por muy execrables que sean  los cr\u00edmenes o muy loables que parezcan los objetivos. Pero, como asevera Le  Monde, \u00abmuy pocos derramar\u00e1n una l\u00e1grima por Sadam\u00bb.<br \/>&#13;<br \/>\n  <br \/>&#13;<br \/>\n  La  pena capital contra el carnicero de Tikrit, por m\u00e1s que se tenga la convicci\u00f3n  de que no resuelve ning\u00fan problema, debe enmarcarse en un orbe \u00e1rabe-musulm\u00e1n  donde resulta moneda corriente, no solo contra la disidencia pol\u00edtica, sino  contra todo tipo de delincuentes. En ese estadio de la evoluci\u00f3n hist\u00f3rica,  Sadam es, a lo sumo, el s\u00edmbolo de los l\u00edderes que, a pesar de las inmensas  riquezas, recorrieron un camino tortuoso e infame de represi\u00f3n para acabar  frustrando la modernizaci\u00f3n de la sociedad y la humanizaci\u00f3n de la pol\u00edtica.<\/p>\n<p>&#13;<\/p>\n<p align=\"justify\" class=\"text1noticias\">IRAK  es un pa\u00eds devastado, lleno de cementerios y poblado de viudas, hu\u00e9rfanos y  lisiados, en guerra inacabable desde 1980, cuando Sadam invadi\u00f3 Ir\u00e1n. La  responsabilidad del tirano es indiscutible, pero su terrible legado no mitigar\u00e1  las previsibles y funestas consecuencias inmediatas de su ahorcamiento. Y las  perspectivas parecen sombr\u00edas. Los chi\u00eds mayoritarios piensan que todas las  calamidades son el resultado de la pol\u00edtica irresponsable y genocida de Sadam  desde 1979, pero sus partidarios, aunque sean minor\u00eda, vituperan el  procedimiento de un tribunal que consideran sectario, emanaci\u00f3n de un Gobierno  ileg\u00edtimo apoyado por una potencia extranjera.<br \/>&#13;<br \/>\n  <br \/>&#13;<br \/>\n  Capturado  hace poco m\u00e1s de tres a\u00f1os, los detalles poco gloriosos de su detenci\u00f3n no  enfriaron los \u00e1nimos de muchos de sus partidarios, hasta el punto de que su  humillaci\u00f3n televisada solo sirvi\u00f3 para recrudecer la escalada de la violencia.  Prisionero de los norteamericanos, autoproclamado \u00abm\u00e1rtir\u00bb de la  perfidia de sus enemigos, su desaparici\u00f3n no cambia ninguno de los datos  fundamentales de la tragedia iraqu\u00ed y no permite, por tanto, ninguna conjetura  esperanzadora. Constituye un acontecimiento dichoso para los chi\u00eds y los kurdos  &#8211;aunque estos quiz\u00e1 hubieran preferido verlo condenado tambi\u00e9n por  genocidio&#8211;, y una desgracia a\u00f1adida para la minor\u00eda sun\u00ed.<br \/>&#13;<br \/>\n  <br \/>&#13;<br \/>\n  Vista  desde Estados Unidos, a la luz del deterioro constante de la situaci\u00f3n sobre el  terreno, la ejecuci\u00f3n del d\u00e9spota ya no suscita los sentimientos de alivio y  esperanza que promovi\u00f3 su captura hace un a\u00f1o. El desenlace ya estaba integrado  en los an\u00e1lisis tanto de la   Administraci\u00f3n republicana como del informe Baker-Hamilton o  de los sectores dem\u00f3cratas que preconizan la retirada. Las encuestas revelan  que los norteamericanos est\u00e1n persuadidos de que los beneficios del  derrocamiento del tirano y ahora de su muerte no compensan en ning\u00fan caso el  desastre sobrevenido, los miles de muertos y la incongruencia estrat\u00e9gica en  una regi\u00f3n en crisis permanente. Para Bush, la ejecuci\u00f3n tiene tambi\u00e9n el sabor  de la venganza contra el hombre que pretendi\u00f3 matar a su padre en 1993,  mediante un atentado preparado despu\u00e9s de la primera guerra del Golfo. Fiel a  su enfermiza megaloman\u00eda, Sadam hizo colocar un mosaico con la cabeza de Bush  padre en la recepci\u00f3n del hotel Rashid de Bagdad, en el lugar preciso para que  fuera pisoteada por todos los hu\u00e9spedes. El mosaico fue destruido por los  primeros marines que entraron en la capital iraqu\u00ed en abril de 2003 y  derribaron la estatua del dictador.<\/p>\n<p>&#13;<\/p>\n<p align=\"justify\" class=\"text1noticias\"><strong>EL  DESQUITE<\/strong><br \/>&#13;<br \/>\n  <br \/>&#13;<br \/>\n  no  ayudar\u00e1 a Bush a resolver el dilema en que se halla desde que los electores  desautorizaron su empresa en las legislativas del 7 de noviembre. Casi con toda  seguridad, la ejecuci\u00f3n de Sadam ser\u00e1 una nueva ocasi\u00f3n perdida para modificar  las l\u00edneas maestras de una ocupaci\u00f3n militar que convirti\u00f3 la victoria de 2003  en una pesadilla que debilita la posici\u00f3n mundial de la superpotencia. <br \/>&#13;<br \/>\n  <br \/>&#13;<br \/>\n  Tampoco  es seguro que vaya a insuflar una nueva energ\u00eda al tambaleante Gobierno de  Bagdad, desgarrado entre las milicias antag\u00f3nicas, los escuadrones de la  muerte, los terroristas suicidas y las exigencias norteamericanas. La situaci\u00f3n  es infernal y sus actores desbordan el campo de los partidarios del  ajusticiado.<br \/>&#13;<br \/>\n  <br \/>&#13;<br \/>\n  <span class=\"textogrande\">El Peri\u00f3dico de Catalunya<\/span><br \/>&#13;<br \/>\n  <br \/>&#13;<br \/>\n  31\/12\/2006\u00a0 <br \/>&#13;<br \/>\n  <br \/>&#13;<br \/>\n  <span class=\"textogrande\">*Periodista e historiador.<\/span><\/p>\n<p>&#13;<\/p>\n<h6> 2007-01-01 22:06:25 <\/h6>\n<p><!--\n<link rel=\"stylesheet\" href=\"css\/bootstrap.min.css\">\n\n\n<ul class=\"pagination\">\n\t    \n\t\n\n<li >\n\t<a href='?page_no=13328'>Previous<\/a>\n\t<\/li>\n\n\n       \n    \n\n<li><a href='?page_no=1'>1<\/a><\/li>\n\n\n\n<li><a href='?page_no=2'>2<\/a><\/li>\n\n\n\n<li><a>...<\/a><\/li>\n\n\n\n<li><a href='?page_no=13327'>13327<\/a><\/li>\n\n\n\n<li><a href='?page_no=13328'>13328<\/a><\/li>\n\n\n\n<li class='active'><a>13329<\/a><\/li>\n\n\n\n<li><a href='?page_no=13330'>13330<\/a><\/li>\n\n\n\n<li><a href='?page_no=13331'>13331<\/a><\/li>\n\n\n\n<li><a>...<\/a><\/li>\n\n\n\n<li><a href='?page_no=13611'>13611<\/a><\/li>\n\n\n\n<li><a href='?page_no=13612'>13612<\/a><\/li>\n\n    \n\t\n\n<li >\n\t<a href='?page_no=13330'>Next<\/a>\n\t<\/li>\n\n\n    \n\n<li><a href='?page_no=13612'>Last &rsaquo;&rsaquo;<\/a><\/li>\n\n<\/ul>\n\n\n--><br \/>\n<\/body><\/p>\n","protected":false},"excerpt":{"rendered":"<p>LOS EFECTOS DEL AHORCAMIENTO DE SADAM HUSEIN &#13; EL INFIERNO SIN EL D\u00c9SPOTA &#13; \u2022 Bush no podr\u00e1 utilizar la desaparici\u00f3n de Sadam para esconder su fracaso electoral de noviembre&#13; &#13; &#13; MATEO Madridejos* &#13; La ejecuci\u00f3n de Sadam Husein en la horca, convicto de cr\u00edmenes contra la humanidad, clausura el cap\u00edtulo m\u00e1s turbulento y [&hellip;]<\/p>\n","protected":false},"author":3,"featured_media":0,"comment_status":"open","ping_status":"open","sticky":false,"template":"","format":"standard","meta":{"footnotes":""},"categories":[16],"tags":[],"class_list":["post-37580","post","type-post","status-publish","format-standard","hentry","category-opiniones"],"_links":{"self":[{"href":"https:\/\/diariodominicano.com\/index.php?rest_route=\/wp\/v2\/posts\/37580","targetHints":{"allow":["GET"]}}],"collection":[{"href":"https:\/\/diariodominicano.com\/index.php?rest_route=\/wp\/v2\/posts"}],"about":[{"href":"https:\/\/diariodominicano.com\/index.php?rest_route=\/wp\/v2\/types\/post"}],"author":[{"embeddable":true,"href":"https:\/\/diariodominicano.com\/index.php?rest_route=\/wp\/v2\/users\/3"}],"replies":[{"embeddable":true,"href":"https:\/\/diariodominicano.com\/index.php?rest_route=%2Fwp%2Fv2%2Fcomments&post=37580"}],"version-history":[{"count":0,"href":"https:\/\/diariodominicano.com\/index.php?rest_route=\/wp\/v2\/posts\/37580\/revisions"}],"wp:attachment":[{"href":"https:\/\/diariodominicano.com\/index.php?rest_route=%2Fwp%2Fv2%2Fmedia&parent=37580"}],"wp:term":[{"taxonomy":"category","embeddable":true,"href":"https:\/\/diariodominicano.com\/index.php?rest_route=%2Fwp%2Fv2%2Fcategories&post=37580"},{"taxonomy":"post_tag","embeddable":true,"href":"https:\/\/diariodominicano.com\/index.php?rest_route=%2Fwp%2Fv2%2Ftags&post=37580"}],"curies":[{"name":"wp","href":"https:\/\/api.w.org\/{rel}","templated":true}]}}