{"id":37579,"date":"2007-01-01T22:12:29","date_gmt":"2007-01-01T22:12:29","guid":{"rendered":"http:\/\/diariodominicano.ddns.net\/?p=37579"},"modified":"2007-01-01T22:12:29","modified_gmt":"2007-01-01T22:12:29","slug":"personaje-del-ano-2006","status":"publish","type":"post","link":"https:\/\/diariodominicano.com\/?p=37579","title":{"rendered":"Personaje del a\u00f1o 2006"},"content":{"rendered":"<p><body><\/p>\n<p><span class=\"titulogrande1\">Personaje del a\u00f1o 2006\u00a0<\/span><br \/>&#13;<br \/>\n  \u00a0\u00a0\u00a0\u00a0\u00a0  \u00a0\u00a0\u00a0\u00a0\u00a0\u00a0\u00a0\u00a0\u00a0\u00a0\u00a0\u00a0\u00a0\u00a0\u00a0\u00a0\u00a0\u00a0\u00a0\u00a0\u00a0\u00a0\u00a0\u00a0<br \/>&#13;<br \/>\n  <span class=\"textogrande\">Por Jos\u00e9 Reyes Mart\u00ednez<\/span><br \/>&#13;<br \/>\n  <br \/>&#13;<br \/>\n  <strong>Especial para DD<\/strong><\/p>\n<p>&#13;<\/p>\n<p align=\"justify\" class=\"text1noticias\">Las figuras p\u00fablicas\u00a0  se aprecian y se reconocen cuando se esfuerzan\u00a0 en hacer aportes\u00a0  significativos para el bien individual y colectivo, al representar el papel que en sus\u00a0 momentos les ha tocado desempe\u00f1ar.<\/p>\n<p>&#13;<\/p>\n<p align=\"justify\" class=\"text1noticias\">En sus m\u00faltiples iniciativas y toma de decisiones, en ellos  han prevalecido el equilibrio,\u00a0 la  cordura, el buen sentido y la orientaci\u00f3n hacia las mejores causas nacionales.<\/p>\n<p>&#13;<\/p>\n<p align=\"justify\" class=\"text1noticias\">Pues,\u00a0 con sus ideas,  propuestas y acciones coadyuvan a esclarecer y elevar\u00a0 el debate nacional sobre temas vitales de la vida pol\u00edtica,  econ\u00f3mica y social de\u00a0 los  dominicanos.<\/p>\n<p>&#13;<\/p>\n<p align=\"justify\" class=\"text1noticias\">Las personas atinadamente reconocidas, lucen que no evaden  responsabilidades \u00a0al asumir e impulsar  las prioridades y los nuevos espacios de oportunidades \u00a0que leg\u00edtimamente demanda la sociedad.<\/p>\n<p>&#13;<\/p>\n<p align=\"justify\" class=\"text1noticias\">En tal contexto, el presidente Leonel Fern\u00e1ndez ha sido  juiciosamente escogido por la televisora Teleantillas y el Grupo Corripio,  como el \u201cPersonaje del a\u00f1o 2006\u201c, a trav\u00e9s de una encuesta y pese a  los m\u00faltiples problemas y conflictos con que ha tenido que lidiar el  estadista dominicano.<\/p>\n<p>&#13;<\/p>\n<p align=\"justify\" class=\"text1noticias\">De ese reconocimiento se infiere, sin dudas, que un amplio  segmento de la sociedad reconoce y tiene cifrado en que el Presidente representa\u00a0  los sue\u00f1os\u00a0 y las  esperanzas de una pa\u00eds que precisa trillar un mejor porvenir para los dominicanos.<\/p>\n<p>&#13;<\/p>\n<p align=\"justify\" class=\"text1noticias\">Adem\u00e1s, que tiene el liderazgo y la visi\u00f3n, para desde el  Estado y el poder, garantizar la equidad, la justicia y la seguridad, tan anhelada  por los dominicanos que habitan este peque\u00f1o rinc\u00f3n del Caribe.<\/p>\n<p>&#13;<\/p>\n<p align=\"justify\" class=\"text1noticias\">Este reconocimiento significa tambi\u00e9n, a nuestro juicio, que  el presidente Fern\u00e1ndez tiene la capacidad para organizar una sociedad  menos desigual, implementar pol\u00edticas econ\u00f3micas y sociales eficaces; y  administrar los recursos de la sociedad con transparencia y racionalidad.<\/p>\n<p>&#13;<\/p>\n<p align=\"justify\" class=\"text1noticias\">Pues luce que un amplio segmento de la\u00a0 sociedad dominicana ha entendido, que el  doctor Fern\u00e1ndez conoce y pone su atenci\u00f3n en la orientaci\u00f3n de los signos de  nuestro tiempo, representado en la era de la integraci\u00f3n econ\u00f3mica y la  revoluci\u00f3n de las\u00a0 tecnolog\u00edas de la  comunicaci\u00f3n.<\/p>\n<p>&#13;<\/p>\n<p align=\"justify\" class=\"text1noticias\">No se precisan de grandes estudios socioecon\u00f3micos para  reflexionar en que, \u00a0desde el ejercicio  de la pol\u00edtica y el poder,\u00a0 los dominicanos  aspiran a vivir en una sociedad con mejores oportunidades de empleo,  salud, educaci\u00f3n \u00a0y viviendas, derechos  bien consagrados en nuestra Constituci\u00f3n.<\/p>\n<p>&#13;<\/p>\n<p align=\"justify\" class=\"text1noticias\">Porque en\u00a0  indefinitiva, para salir adelante como naci\u00f3n\u00a0 y as\u00ed lo resalta el ex gobernante de Brasil, Fernando Enrique Cardoso:  \u201cGobernar un pa\u00eds, elaborar proyectos, crear programas, implementar pol\u00edticas,  es un proceso colectivo\u201d, gerenciado, pienso, por un liderazgo  convincente, racional y eficaz.<br \/>&#13;<br \/>\n  <br \/>&#13;<br \/>\n  El autor es periodista<br \/>&#13;<br \/>\n  <br \/>&#13;<br \/>\n    <a href=\"http:\/\/webmail.diariodominicano.com\/src\/compose.php?send_to=jr_reyes_16%40hotmail.com\"><strong>jr_reyes_16@hotmail.com<\/strong><\/a><\/p>\n<p>&#13;<\/p>\n<h6> 2007-01-01 22:12:29 <\/h6>\n<p><!--\n<link rel=\"stylesheet\" href=\"css\/bootstrap.min.css\">\n\n\n<ul class=\"pagination\">\n\t    \n\t\n\n<li >\n\t<a href='?page_no=13327'>Previous<\/a>\n\t<\/li>\n\n\n       \n    \n\n<li><a href='?page_no=1'>1<\/a><\/li>\n\n\n\n<li><a href='?page_no=2'>2<\/a><\/li>\n\n\n\n<li><a>...<\/a><\/li>\n\n\n\n<li><a href='?page_no=13326'>13326<\/a><\/li>\n\n\n\n<li><a href='?page_no=13327'>13327<\/a><\/li>\n\n\n\n<li class='active'><a>13328<\/a><\/li>\n\n\n\n<li><a href='?page_no=13329'>13329<\/a><\/li>\n\n\n\n<li><a href='?page_no=13330'>13330<\/a><\/li>\n\n\n\n<li><a>...<\/a><\/li>\n\n\n\n<li><a href='?page_no=13611'>13611<\/a><\/li>\n\n\n\n<li><a href='?page_no=13612'>13612<\/a><\/li>\n\n    \n\t\n\n<li >\n\t<a href='?page_no=13329'>Next<\/a>\n\t<\/li>\n\n\n    \n\n<li><a href='?page_no=13612'>Last &rsaquo;&rsaquo;<\/a><\/li>\n\n<\/ul>\n\n\n--><br \/>\n<\/body><\/p>\n","protected":false},"excerpt":{"rendered":"<p>Personaje del a\u00f1o 2006\u00a0&#13; \u00a0\u00a0\u00a0\u00a0\u00a0 \u00a0\u00a0\u00a0\u00a0\u00a0\u00a0\u00a0\u00a0\u00a0\u00a0\u00a0\u00a0\u00a0\u00a0\u00a0\u00a0\u00a0\u00a0\u00a0\u00a0\u00a0\u00a0\u00a0\u00a0&#13; Por Jos\u00e9 Reyes Mart\u00ednez&#13; &#13; Especial para DD &#13; Las figuras p\u00fablicas\u00a0 se aprecian y se reconocen cuando se esfuerzan\u00a0 en hacer aportes\u00a0 significativos para el bien individual y colectivo, al representar el papel que en sus\u00a0 momentos les ha tocado desempe\u00f1ar. &#13; En sus m\u00faltiples iniciativas y toma [&hellip;]<\/p>\n","protected":false},"author":3,"featured_media":0,"comment_status":"open","ping_status":"open","sticky":false,"template":"","format":"standard","meta":{"footnotes":""},"categories":[16],"tags":[],"class_list":["post-37579","post","type-post","status-publish","format-standard","hentry","category-opiniones"],"_links":{"self":[{"href":"https:\/\/diariodominicano.com\/index.php?rest_route=\/wp\/v2\/posts\/37579","targetHints":{"allow":["GET"]}}],"collection":[{"href":"https:\/\/diariodominicano.com\/index.php?rest_route=\/wp\/v2\/posts"}],"about":[{"href":"https:\/\/diariodominicano.com\/index.php?rest_route=\/wp\/v2\/types\/post"}],"author":[{"embeddable":true,"href":"https:\/\/diariodominicano.com\/index.php?rest_route=\/wp\/v2\/users\/3"}],"replies":[{"embeddable":true,"href":"https:\/\/diariodominicano.com\/index.php?rest_route=%2Fwp%2Fv2%2Fcomments&post=37579"}],"version-history":[{"count":0,"href":"https:\/\/diariodominicano.com\/index.php?rest_route=\/wp\/v2\/posts\/37579\/revisions"}],"wp:attachment":[{"href":"https:\/\/diariodominicano.com\/index.php?rest_route=%2Fwp%2Fv2%2Fmedia&parent=37579"}],"wp:term":[{"taxonomy":"category","embeddable":true,"href":"https:\/\/diariodominicano.com\/index.php?rest_route=%2Fwp%2Fv2%2Fcategories&post=37579"},{"taxonomy":"post_tag","embeddable":true,"href":"https:\/\/diariodominicano.com\/index.php?rest_route=%2Fwp%2Fv2%2Ftags&post=37579"}],"curies":[{"name":"wp","href":"https:\/\/api.w.org\/{rel}","templated":true}]}}