{"id":37578,"date":"2007-01-04T19:13:59","date_gmt":"2007-01-04T19:13:59","guid":{"rendered":"http:\/\/diariodominicano.ddns.net\/?p=37578"},"modified":"2007-01-04T19:13:59","modified_gmt":"2007-01-04T19:13:59","slug":"la-ejecucion-de-saddam-hussein","status":"publish","type":"post","link":"https:\/\/diariodominicano.com\/?p=37578","title":{"rendered":"La ejecuci\u00f3n de Saddam Hussein"},"content":{"rendered":"<p><body><\/p>\n<p align=\"center\" class=\"titulogrande1\"><strong>La ejecuci\u00f3n de Saddam  Hussein <\/strong><\/p>\n<p>&#13;<\/p>\n<p align=\"center\"><strong>Por Hector J. Peniche<\/strong><\/p>\n<p>&#13;<\/p>\n<p align=\"justify\"><strong>NEW JERSEY.-<\/strong><span class=\"text1noticias\">La muerte de Saddam Hussein en la horca, antes  de que concluyera el nuevo a\u00f1o revent\u00f3 reacciones diversas en todo el mundo,  muy probablemente por la fecha escogida para este acto b\u00e1rbaro, como tambi\u00e9n \u00a0fueron sus ejecuciones, pues se recuerda que  esta es una fecha religiosa importante para el mundo musulm\u00e1n, la fiesta de Al  Adha. Esta condena reserva una pagina negra para todos los que se oponen a la  pena de muerte no importa quien sea el imputado. <\/span><\/p>\n<p>&#13;<\/p>\n<p align=\"justify\" class=\"text1noticias\">El hecho de que sea, Hussien ejecutado en esta fecha tan  importante para el mundo \u00e1rabe puede crear una reacci\u00f3n mas negativa que \u00a0positiva, si este era el objetivo central, de  ver un dictador ejecutado, no por un tribunal nacido en la propia entra\u00f1a del  mundo Islam, sino por la influencia de una guerra patrocinada por occidentepec&amp;pec\u00edficamente  por los Estados Unidos. <\/p>\n<p>&#13;<\/p>\n<p align=\"justify\" class=\"text1noticias\">Muchos de los detractores de la pena de muerte no  justificaban que Saddam Hussein fuera ejecutado cumpliendo las leyes del nuevo  Irak, porque de lo contrario las im\u00e1genes de su ejecuci\u00f3n pueden despertar una reacci\u00f3n  negativa de un hombre \u00e1rabe que fue ejecutado por influencia del Gobierno de \u00a0los Estados Unidos. Quiero \u00a0decir por los occidentales.<\/p>\n<p>&#13;<\/p>\n<p align=\"justify\" class=\"text1noticias\">Muchos consideraban que el juicio de Hussein pod\u00eda  prolongarse por m\u00e1s tiempo para evitar que este hecho pudiera ser considerado  como un acto pol\u00edtico, m\u00e1s que un proceso legal acaparado en el derecho  internacional donde solo se permiti\u00f3 la presencia de los jueces iraqu\u00edes. En  ese sentido muchos juristas consideraban que el procesado deb\u00eda ser juzgado por  un tribunal internacional dada la dimensi\u00f3n de sus acusaciones, como fue el  caso de Melosovic acusado por crimenes de lesa humanidad.<\/p>\n<p>&#13;<\/p>\n<p align=\"justify\" class=\"text1noticias\">Las reacciones en el mundo \u00e1rabe, fueron dispares ya que  unos consideraban que Saddan Hussein deb\u00eda ser justiciado pero otros, como los  de la comunidad sunita\u00a0 a la que este  pertenec\u00eda, sintieron que se cumpli\u00f3 la venganza de los grupos \u00e9tnicos chiitas  y curdos anbos enemigos hist\u00f3ricos \u00a0<\/p>\n<p>&#13;<\/p>\n<p align=\"justify\" class=\"text1noticias\">Pero lo mas relevante de todo no era a quien favorec\u00eda la  ejecuci\u00f3n del ex dictador sino que las im\u00e1genes difundidas en el mundo sobre el  acto en si demuestran que los a\u00f1os de las barbaries no se han superado, por lo  contrario se ha puesto en evidencia de que regresamos a las viejas practicas de  la pena de muerte tan\u00a0 desacreditada en  todo el mundo. En el propio Estados Unidos, ya se suman trece estados que han  eliminado esta pr\u00e1ctica.<\/p>\n<p>&#13;<\/p>\n<p align=\"justify\" class=\"text1noticias\">Lo peor de todo es que con la ejecuci\u00f3n de Saddam Hussein  la violencia en vez de disminuir se acrecentara y no ser\u00e1 mucho menos la  soluci\u00f3n del conflicto en Irak, precisamente el d\u00eda posterior a la ejecuci\u00f3n  del ex hombre de esa Naci\u00f3n, murieron mas de setenta y cuatro personas en  varios atentados como reacci\u00f3n a la muerte de este.<\/p>\n<p>&#13;<\/p>\n<p align=\"justify\" class=\"text1noticias\">La Uni\u00f3n Europea record\u00f3 en un comunicado que no hay  dudas de que Saddam Hussein era culpable de graves violaciones de los derechos  humanos y de cr\u00edmenes contra la Humanidad, pero eso no justificaba la  aceptaci\u00f3n de la pena capital. <\/p>\n<p>&#13;<\/p>\n<p align=\"justify\" class=\"text1noticias\">Y para colmo del destino, grupos de personas que est\u00e1n en  contra de la pena de muerte protestaron en el centro de New York condenando la  ejecuci\u00f3n del ex dictador iraqu\u00ed, de frente a una oficina de reclutamiento  militar.<\/p>\n<p>&#13;<\/p>\n<p align=\"justify\" class=\"text1noticias\">Hector J. Peniche es un periodista y abogado residente en  el estado de New Jersey.<\/p>\n<p>&#13;<\/p>\n<h6> 2007-01-04 19:13:59 <\/h6>\n<p><!--\n<link rel=\"stylesheet\" href=\"css\/bootstrap.min.css\">\n\n\n<ul class=\"pagination\">\n\t    \n\t\n\n<li >\n\t<a href='?page_no=13326'>Previous<\/a>\n\t<\/li>\n\n\n       \n    \n\n<li><a href='?page_no=1'>1<\/a><\/li>\n\n\n\n<li><a href='?page_no=2'>2<\/a><\/li>\n\n\n\n<li><a>...<\/a><\/li>\n\n\n\n<li><a href='?page_no=13325'>13325<\/a><\/li>\n\n\n\n<li><a href='?page_no=13326'>13326<\/a><\/li>\n\n\n\n<li class='active'><a>13327<\/a><\/li>\n\n\n\n<li><a href='?page_no=13328'>13328<\/a><\/li>\n\n\n\n<li><a href='?page_no=13329'>13329<\/a><\/li>\n\n\n\n<li><a>...<\/a><\/li>\n\n\n\n<li><a href='?page_no=13611'>13611<\/a><\/li>\n\n\n\n<li><a href='?page_no=13612'>13612<\/a><\/li>\n\n    \n\t\n\n<li >\n\t<a href='?page_no=13328'>Next<\/a>\n\t<\/li>\n\n\n    \n\n<li><a href='?page_no=13612'>Last &rsaquo;&rsaquo;<\/a><\/li>\n\n<\/ul>\n\n\n--><br \/>\n<\/body><\/p>\n","protected":false},"excerpt":{"rendered":"<p>La ejecuci\u00f3n de Saddam Hussein &#13; Por Hector J. Peniche &#13; NEW JERSEY.-La muerte de Saddam Hussein en la horca, antes de que concluyera el nuevo a\u00f1o revent\u00f3 reacciones diversas en todo el mundo, muy probablemente por la fecha escogida para este acto b\u00e1rbaro, como tambi\u00e9n \u00a0fueron sus ejecuciones, pues se recuerda que esta es [&hellip;]<\/p>\n","protected":false},"author":3,"featured_media":0,"comment_status":"open","ping_status":"open","sticky":false,"template":"","format":"standard","meta":{"footnotes":""},"categories":[16],"tags":[],"class_list":["post-37578","post","type-post","status-publish","format-standard","hentry","category-opiniones"],"_links":{"self":[{"href":"https:\/\/diariodominicano.com\/index.php?rest_route=\/wp\/v2\/posts\/37578","targetHints":{"allow":["GET"]}}],"collection":[{"href":"https:\/\/diariodominicano.com\/index.php?rest_route=\/wp\/v2\/posts"}],"about":[{"href":"https:\/\/diariodominicano.com\/index.php?rest_route=\/wp\/v2\/types\/post"}],"author":[{"embeddable":true,"href":"https:\/\/diariodominicano.com\/index.php?rest_route=\/wp\/v2\/users\/3"}],"replies":[{"embeddable":true,"href":"https:\/\/diariodominicano.com\/index.php?rest_route=%2Fwp%2Fv2%2Fcomments&post=37578"}],"version-history":[{"count":0,"href":"https:\/\/diariodominicano.com\/index.php?rest_route=\/wp\/v2\/posts\/37578\/revisions"}],"wp:attachment":[{"href":"https:\/\/diariodominicano.com\/index.php?rest_route=%2Fwp%2Fv2%2Fmedia&parent=37578"}],"wp:term":[{"taxonomy":"category","embeddable":true,"href":"https:\/\/diariodominicano.com\/index.php?rest_route=%2Fwp%2Fv2%2Fcategories&post=37578"},{"taxonomy":"post_tag","embeddable":true,"href":"https:\/\/diariodominicano.com\/index.php?rest_route=%2Fwp%2Fv2%2Ftags&post=37578"}],"curies":[{"name":"wp","href":"https:\/\/api.w.org\/{rel}","templated":true}]}}