{"id":37574,"date":"2007-01-05T16:14:52","date_gmt":"2007-01-05T16:14:52","guid":{"rendered":"http:\/\/diariodominicano.ddns.net\/?p=37574"},"modified":"2007-01-05T16:14:52","modified_gmt":"2007-01-05T16:14:52","slug":"las-principales-en-teledebate-142","status":"publish","type":"post","link":"https:\/\/diariodominicano.com\/?p=37574","title":{"rendered":"LAS PRINCIPALES EN TELEDEBATE"},"content":{"rendered":"<p><body><\/p>\n<p><span class=\"titulogrande1\">LAS PRINCIPALES EN TELEDEBATE<\/span><br \/>&#13;<br \/>\n  <br \/>&#13;<br \/>\n    <span class=\"textogrande\">Mi\u00e9rcoles 3,01,07<\/span><\/p>\n<p>&#13;<\/p>\n<p align=\"justify\" class=\"text1noticias\"><strong>LOS MOTORISTAS PUSIERON LOS MUERTOS. <\/strong>El registro de  muertes del feriado navide\u00f1o y de nuevo a\u00f1o fue de 38 v\u00ecctimas. El resultado  acus\u00f2 una baja en relaci\u00f3n al cierre del 2005 e inicio del 2006, cuando su n\u00f9mero  alcanz\u00f2 a 61.\u00a0 El mayor aporte  correspondi\u00f3 a los motoristas de los cuales 33 perdieron la vida en accidentes  de tr\u00e0nsito.\u00a0 Estos dejaron un saldo de  761 lesionados de un total de 980 que debieron recibir atenciones hospitalarias  por distintas causas.<\/p>\n<p>&#13;<\/p>\n<p align=\"justify\" class=\"text1noticias\"><strong>NI\u00d1OS ALCOHOLIZADOS. <\/strong>Cuatro personas murieron a  causa de una ingesta excesiva de alcohol en tanto los fuegos artificiales  provocaron la de un menor que sufri\u00f2 graves quemaduras y dej\u00f2 38 heridos.\u00a0 Un hecho preocupante es que en el Robert Reid  Cabral fueron atendidos por intoxicaci\u00f3n alcoh\u00f3lica 3 menores: uno de 14 a\u00f1os  quien se halla en coma profundo, otro de apenas 4 por haber bebido ron y un  tercero de 8 que fue atendido y despachado<\/p>\n<p>&#13;<\/p>\n<p align=\"justify\" class=\"text1noticias\"><strong>IRRESPONSABILIDAD MANIFIESTA. <\/strong>De orden que las  autoridades investiguen la muerte del menor que pereci\u00f3 quemado cuando estall\u00f2  la caseta de fuegos artificiales donde trabajaba de manera ilegal.\u00a0 Asimismo la responsabilidad de los padres de  los menores intoxicados por haber ingerido bebidas alcoh\u00f3licas, as\u00ec como de  quienes se los suministraron.\u00a0 Lo menos  que puede decirse de unos y otros es que son unos completos irresponsables.<\/p>\n<p>&#13;<\/p>\n<p align=\"justify\" class=\"text1noticias\"><strong>\u00a1SE AGOTARON LAS CAMAS!<\/strong> Y hablando de hospitales,  m\u00e0s de un peri\u00f3dico matutino despleg\u00f3 en portada una dram\u00e1tica fotograf\u00eda  mostrando a varios pacientes acostados en el piso del Dar\u00eco Contreras por falta  de camas.\u00a0 Cierto que en esta \u00e8poca del  a\u00f1o el n\u00f9mero de lesionados se incrementa. Pero sabiendo que es as\u00ec \u00bfno  debieran las autoridades sanitarias estar preparadas para enfrentar esa  situaci\u00f3n?<\/p>\n<p>&#13;<\/p>\n<p align=\"justify\" class=\"text1noticias\"><strong>UNA PROBLEM\u00c1TICA GENERALIZADA.\u00a0<\/strong> No es solo en nuestro pa\u00ecs donde las  prisiones son escenario de motines y de guerras entre pandillas en disputa por  el control de las mismas.\u00a0 En la c\u00e0rcel  venezolana de Uribana, a trescientos kil\u00f3metros de Caracas, un enfrentamiento  entre bandas rivales dej\u00f2 como saldo 16 muertos y 13 heridos. Aunque dicen que  mal de otros es consuelo de tontos, parece que la problem\u00e1tica carcelaria es  muy com\u00f9n a muchos otros pa\u00ecses.<\/p>\n<p>&#13;<\/p>\n<p align=\"justify\" class=\"text1noticias\"><strong>NO LES INTERESA DIALOGAR.\u00a0<\/strong>\u00a0 En Espa\u00f1a ha ocurrido con la ETA lo mismo que recientemente  en Colombia con las guerrillas: que en el fondo no tienen inter\u00e8s en dialogar  ni negociar.\u00a0 ETA rompi\u00f3 el proceso de  tregua cuando hace tres d\u00ecas protagoniz\u00f2 un atentado en el aeropuerto de Barajas.\u00a0 El Ministro de Interior Espa\u00f1ol ha sido  categ\u00f3rico al afirmar \u201cSe ha roto. Se ha acabado. Se ha liquidado. Lo ha  acabado ETA con una bomba que puso en Madrid\u201d.\u00a0  En 38 a\u00f1os, los actos terroristas de ETA han provocado m\u00e0s de mil  v\u00ecctimas<\/p>\n<p>&#13;<\/p>\n<p align=\"justify\" class=\"text1noticias\"><strong>NO COBRAN POR NO ESTAR EN LA MAFIA.<\/strong> \u00bfC\u00f2mo? \u00bfQu\u00e9 hay  pensionados de apenas 2 mil 800 pesos que los tienen dando vueltas como un  trompo de Finanzas donde les dicen que ya sus cuartos est\u00e0n depositados al  Reservas donde en cambio les informan que no han llegado?\u00a0 \u00bfEs esto justo?\u00a0 Estamos seguros que esto no ocurr\u00eca con los  mafiosos que montaron el suculento negocio de las pensiones del que todav\u00eca se  est\u00e0 esperando el sometimiento por parte del DEPRECO.<\/p>\n<p>&#13;<\/p>\n<p align=\"justify\" class=\"text1noticias\"><strong>QUE SE CUMPLA&#8230;PERO AL PIE DE LA LETRA.<\/strong> Muy oportuna la  advertencia del Jefe de la   Polic\u00eca Nacional de que ser\u00e0n desarmados todos aquellos  exhibicionistas que andan con sus pistolones y revolvones al aire, como si  estuviesen en la \u00e8poca del Salvaje Oeste Americano, al igual que quienes  pretendan armados a centros de diversi\u00f3n, sin importar su condici\u00f3n.\u00a0 Todo est\u00e0 en que el anuncio se cumpla al pie  de la letra sin ning\u00fan tipo de privilegios, exclusiones ni favoritismos.<\/p>\n<p>&#13;<\/p>\n<p align=\"justify\" class=\"text1noticias\"><strong>SUBERO ISA TIENE RAZON: <\/strong>El Presidente de la Suprema Corte de  Justicia tiene sobrada raz\u00f2n cuando afirma que los cortes dados al presupuesto del  Poder Judicial a quienes \u00f9nico puede favorecer y contentar es a los  delincuentes.\u00a0 A una judicatura en  precariedad econ\u00f3mica ni le es posible proyectarse con la majestad requerida ni  efectuar el trabajo eficiente que demandan la seguridad ciudadana y el imperio  de la ley.<\/p>\n<p>&#13;<\/p>\n<p align=\"justify\" class=\"text1noticias\"><strong>\u00bfQUEDARA ALGO PARA TAPAR LOS HOYOS?<\/strong> En el nuevo  presupuesto asignado a Obras P\u00f9blicas figuran algunas de mucho relieve y alto  costo como la ampliaci\u00f3n de la avenida Padre Castellanos y el Puente Francisco  del Rosario. Tambi\u00e8n el monumental parque de Santiago que requerir\u00e0 una  inversi\u00f3n de 500 millones de pesos y la construcci\u00f3n de tres elevados a la  entrada de Manoguayabo, en la autopista San Isidro con la Charles de Gaulle y en la San Vicente de Pa\u00f9l  con la Mella.\u00a0 Nos preguntamos si al final  quedar\u00e0 algo para al menos tapar\u00a0 unos  cuantos hoyos en calles, avenidas, carreteras y autopistas.<\/p>\n<p>&#13;<\/p>\n<p align=\"justify\" class=\"text1noticias\"><strong>INSPECCIONES SORPRESIVAS.<\/strong>\u00a0 Muy oportuno el plan antifraude anunciado por  el Presidente de la   Junta Central Electoral a base de dos inspecciones anuales en  cada una de las oficial\u00ecas civiles para evitar la comisi\u00f3n de  irregularidades.\u00a0 Como es de esperar  deber\u00e1n efectuarse de manera sorpresiva y no programada para evitar que quienes  hacen trampeos puedan maquillar los libros.<br \/>&#13;<br \/>\n  <br \/>&#13;<br \/>\nRecu\u00e9rdese que guerra avisada no mata soldado. <\/p>\n<p>&#13;<\/p>\n<h6> 2007-01-05 16:14:52 <\/h6>\n<p><!--\n<link rel=\"stylesheet\" href=\"css\/bootstrap.min.css\">\n\n\n<ul class=\"pagination\">\n\t    \n\t\n\n<li >\n\t<a href='?page_no=13322'>Previous<\/a>\n\t<\/li>\n\n\n       \n    \n\n<li><a href='?page_no=1'>1<\/a><\/li>\n\n\n\n<li><a href='?page_no=2'>2<\/a><\/li>\n\n\n\n<li><a>...<\/a><\/li>\n\n\n\n<li><a href='?page_no=13321'>13321<\/a><\/li>\n\n\n\n<li><a href='?page_no=13322'>13322<\/a><\/li>\n\n\n\n<li class='active'><a>13323<\/a><\/li>\n\n\n\n<li><a href='?page_no=13324'>13324<\/a><\/li>\n\n\n\n<li><a href='?page_no=13325'>13325<\/a><\/li>\n\n\n\n<li><a>...<\/a><\/li>\n\n\n\n<li><a href='?page_no=13611'>13611<\/a><\/li>\n\n\n\n<li><a href='?page_no=13612'>13612<\/a><\/li>\n\n    \n\t\n\n<li >\n\t<a href='?page_no=13324'>Next<\/a>\n\t<\/li>\n\n\n    \n\n<li><a href='?page_no=13612'>Last &rsaquo;&rsaquo;<\/a><\/li>\n\n<\/ul>\n\n\n--><br \/>\n<\/body><\/p>\n","protected":false},"excerpt":{"rendered":"<p>LAS PRINCIPALES EN TELEDEBATE&#13; &#13; Mi\u00e9rcoles 3,01,07 &#13; LOS MOTORISTAS PUSIERON LOS MUERTOS. El registro de muertes del feriado navide\u00f1o y de nuevo a\u00f1o fue de 38 v\u00ecctimas. El resultado acus\u00f2 una baja en relaci\u00f3n al cierre del 2005 e inicio del 2006, cuando su n\u00f9mero alcanz\u00f2 a 61.\u00a0 El mayor aporte correspondi\u00f3 a los [&hellip;]<\/p>\n","protected":false},"author":3,"featured_media":0,"comment_status":"open","ping_status":"open","sticky":false,"template":"","format":"standard","meta":{"footnotes":""},"categories":[16],"tags":[],"class_list":["post-37574","post","type-post","status-publish","format-standard","hentry","category-opiniones"],"_links":{"self":[{"href":"https:\/\/diariodominicano.com\/index.php?rest_route=\/wp\/v2\/posts\/37574","targetHints":{"allow":["GET"]}}],"collection":[{"href":"https:\/\/diariodominicano.com\/index.php?rest_route=\/wp\/v2\/posts"}],"about":[{"href":"https:\/\/diariodominicano.com\/index.php?rest_route=\/wp\/v2\/types\/post"}],"author":[{"embeddable":true,"href":"https:\/\/diariodominicano.com\/index.php?rest_route=\/wp\/v2\/users\/3"}],"replies":[{"embeddable":true,"href":"https:\/\/diariodominicano.com\/index.php?rest_route=%2Fwp%2Fv2%2Fcomments&post=37574"}],"version-history":[{"count":0,"href":"https:\/\/diariodominicano.com\/index.php?rest_route=\/wp\/v2\/posts\/37574\/revisions"}],"wp:attachment":[{"href":"https:\/\/diariodominicano.com\/index.php?rest_route=%2Fwp%2Fv2%2Fmedia&parent=37574"}],"wp:term":[{"taxonomy":"category","embeddable":true,"href":"https:\/\/diariodominicano.com\/index.php?rest_route=%2Fwp%2Fv2%2Fcategories&post=37574"},{"taxonomy":"post_tag","embeddable":true,"href":"https:\/\/diariodominicano.com\/index.php?rest_route=%2Fwp%2Fv2%2Ftags&post=37574"}],"curies":[{"name":"wp","href":"https:\/\/api.w.org\/{rel}","templated":true}]}}