{"id":375716,"date":"2022-08-12T23:47:29","date_gmt":"2022-08-13T03:47:29","guid":{"rendered":"http:\/\/diariodominicano.com\/?p=375716"},"modified":"2022-08-13T00:09:31","modified_gmt":"2022-08-13T04:09:31","slug":"portes-gil-presidente-de-mexico-de-origen-dominicano","status":"publish","type":"post","link":"https:\/\/diariodominicano.com\/?p=375716","title":{"rendered":"PORTES GIL, PRESIDENTE DE M\u00c9XICO DE ORIGEN DOMINICANO"},"content":{"rendered":"\n<p><strong>POR TE\u00d3FILO LAPPOT ROBLES<\/strong><\/p>\n\n\n\n<p>Nuestro pa\u00eds, desde antes de su nacimiento formal como Estado Independiente, ha sido tierra de emigrantes e inmigrantes.<\/p>\n\n\n\n<figure class=\"wp-block-image size-full\"><img loading=\"lazy\" decoding=\"async\" width=\"188\" height=\"267\" src=\"https:\/\/diariodominicano.com\/wp-content\/uploads\/2022\/08\/Emilio-Candido-Portes-Gil.jpg\" alt=\"\" class=\"wp-image-375724\"\/><figcaption> <strong>Emilio C\u00e1ndido Portes Gil <\/strong><\/figcaption><\/figure>\n\n\n\n<p>De esa din\u00e1mica demogr\u00e1fica hay una vasta documentaci\u00f3n, desde la llegada aqu\u00ed de los conquistadores espa\u00f1oles, en diciembre de 1492, hasta el presente.<\/p>\n\n\n\n<figure class=\"wp-block-image size-full\"><img loading=\"lazy\" decoding=\"async\" width=\"253\" height=\"199\" src=\"https:\/\/diariodominicano.com\/wp-content\/uploads\/2022\/08\/Valentina-Peguero-00.jpg\" alt=\"\" class=\"wp-image-375732\"\/><figcaption>La doctora Valentina Peguero , en un homenaje que le rindi\u00f3 el Ministerio de Cultura.<\/figcaption><\/figure>\n\n\n\n<p>Es un tema fascinante que ha explicado a fondo, especialmente sobre la migraci\u00f3n trasatl\u00e1ntica, la doctora Valentina Peguero, nativa de Dajab\u00f3n y profesora em\u00e9rita de universidades estadounidenses (Wisconsin, Columbia, etc.)<\/p>\n\n\n\n<p>Muchos de los que emigraron de aqu\u00ed, incluso antes del grito independentista, as\u00ed como sus descendientes, sobresalieron en el pasado. Nuevas generaciones con ra\u00edces dominicanas descuellan ahora en diversos lugares del mundo.<\/p>\n\n\n\n<p>Es el caso de las familias Portes y Gil, que partieron hacia Cuba y M\u00e9xico. En ambos pa\u00edses dejaron huellas de gran importancia para la historia de esta zona del mundo.<\/p>\n\n\n\n<p>Emilio C\u00e1ndido Portes Gil, descendiente directo por ambas ramas familiares de dominicanos emigrantes, fue presidente de los Estados Unidos Mexicanos por designaci\u00f3n del Congreso de ese pa\u00eds, poniendo en pr\u00e1ctica la llamada \u201cetapa de las instituciones\u201d. Su mandato abarc\u00f3 del primero de diciembre de 1928 hasta el 5 de febrero de 1930.<\/p>\n\n\n\n<p>Su escogimiento para el m\u00e1s elevado cargo de esa naci\u00f3n del norte de Am\u00e9rica fue el fruto de muchas negociaciones iniciadas luego de que el 17 de julio de 1928 (cuando la conocida Guerra Cristera estaba en su punto m\u00e1s conflictivo) un cristero guadaj\u00f3n de nombre Jos\u00e9 de Le\u00f3n Toral asesin\u00f3 al presidente electo \u00c1lvaro Obreg\u00f3n, apodado el manco de Celaya.<\/p>\n\n\n\n<p>Ese asesino aleg\u00f3 que no soportaba que fuera de nuevo presidente de M\u00e9xico el hombre que luego de dejar el poder en el 1924 continu\u00f3 desde el Estado de Sonora ejerciendo influencia pol\u00edtica y militar, incluso ordenando la profanaci\u00f3n de templos cat\u00f3licos.<\/p>\n\n\n\n<figure class=\"wp-block-image size-full\"><img loading=\"lazy\" decoding=\"async\" width=\"231\" height=\"218\" src=\"https:\/\/diariodominicano.com\/wp-content\/uploads\/2022\/08\/Emilio-Candido-Portes-Gil-1.jpg\" alt=\"\" class=\"wp-image-375728\"\/><\/figure>\n\n\n\n<p><strong>Portes Gil, presidente\u00a0 de los aztecas en una etapa muy dif\u00edcil, naci\u00f3 del vientre de la dominicana Adelaida Gil, el 3 de octubre de 1890, en Ciudad Victoria, capital del Estado de Tamaulipas, en el noreste de M\u00e9xico.<\/strong><\/p>\n\n\n\n<p>Su padre fue Domingo Portes, a su vez hijo del prestigioso emigrante dominicano Sim\u00f3n Portes, nativo de Santiago de los Caballeros, cuyo nombre est\u00e1 esculpido con letras de oro tanto en M\u00e9xico como en Cuba. Se expatri\u00f3&nbsp; en el 1822, luego de la ocupaci\u00f3n haitiana.<\/p>\n\n\n\n<p>Do\u00f1a Adelaida Gil, y por lo tanto su hijo el referido presidente mexicano, formaban parte de una aguerrida familia de La Vega, de la cual probablemente tambi\u00e9n eran miembros Basilio y Dionisio Gil, padre e hijo.<\/p>\n\n\n\n<p>Basilio Gil fue un valiente patriota restaurador que muri\u00f3 el 26 de agosto de 1863 en el intento de tomar el puesto militar que ten\u00edan en el centro de esa ciudad del Cibao las fuerzas anexionistas.<\/p>\n\n\n\n<p>Dionisio Gil, a quien apodaban Non\u00ed, fue un enemigo frontal del tirano Ulises Heureaux. En&nbsp; marzo del 1894 particip\u00f3 en la llamada Revoluci\u00f3n de los Bimbines, la cual fracas\u00f3. Se exili\u00f3 en Cuba.<\/p>\n\n\n\n<p>En la mayor isla antillana particip\u00f3 en la Guerra de Liberaci\u00f3n de 1895. Gil form\u00f3 parte del Estado Mayor que encabezaba el tambi\u00e9n dominicano general\u00edsimo M\u00e1ximo G\u00f3mez. Por su intrepidez y veteran\u00eda con las armas alcanz\u00f3 r\u00e1pidamente el rango de Brigadier del Ej\u00e9rcito Libertador.<\/p>\n\n\n\n<p>La hoja de servicios de Dionisio Gil &nbsp;en las luchas por la libertad de Cuba fue tan significativa que despu\u00e9s de morir se erigi\u00f3 en su honor una estatua en Cienfuegos, una hermosa ciudad situada en la bah\u00eda de Jagua, al sur de esa isla caribe\u00f1a.<\/p>\n\n\n\n<p>El abuelo dominicano del presidente mexicano Portes Gil, don Luis Sim\u00f3n Portes, figura en los registros hist\u00f3ricos de Cuba como uno de los precursores de su independencia. De all\u00ed tuvo que salir hacia M\u00e9xico por las convulsiones pol\u00edticas de su \u00e9poca.<\/p>\n\n\n\n<p>El Portes abuelo tuvo un papel tan relevante en M\u00e9xico que mediante decreto fue declarado personaje destacado del Estado de Tamaulipas, de cuyo Congreso fue presidente en el 1848. (Cl\u00edo 128.1972.p81).<\/p>\n\n\n\n<p>Es importante decir que Sim\u00f3n Portes fue designado para hacer el elogio f\u00fanebre sobre Jos\u00e9 N\u00fa\u00f1ez de C\u00e1ceres, fallecido en el 1845 en Ciudad Victoria, Tamaulipas.<\/p>\n\n\n\n<p>Vale se\u00f1alar que el nombre de N\u00fa\u00f1ez de C\u00e1ceres, padre de la independencia ef\u00edmera dominicana (1-12-1821 al 9-2-1822), est\u00e1 fijado con letras doradas en la sede del Congreso del referido Estado mexicano, por sus grandes aportes pol\u00edticos, literarios y patri\u00f3ticos al pa\u00eds donde vivi\u00f3 sus \u00faltimos a\u00f1os.<\/p>\n\n\n\n<p>Para mejor comprender el valioso lugar que tiene en la historia de M\u00e9xico el presidente Portes Gil es preciso indicar que le toc\u00f3 gobernar en medio de una crispaci\u00f3n que abarcaba todos los rincones de ese pa\u00eds.<\/p>\n\n\n\n<p>En la ocasi\u00f3n el caos en la poblaci\u00f3n mexicana comenz\u00f3 el 14 de junio de 1926 cuando el entonces presidente Plutarco El\u00edas Calles promulg\u00f3 una ley (bas\u00e1ndose en el texto constitucional del 1917) mediante la cual restringi\u00f3 las actividades del catolicismo y confisc\u00f3 muchas de sus propiedades.<\/p>\n\n\n\n<p>Esa decisi\u00f3n desat\u00f3 la ya referida Guerra Cristera, entre el ej\u00e9rcito y los cat\u00f3licos mexicanos. Fueron 3 a\u00f1os de lucha. Murieron cerca de 80 mil personas.<\/p>\n\n\n\n<p>El presidente Portes Gil, en su informe de 1929 al Congreso de la Uni\u00f3n, se hizo eco de unas declaraciones dadas a la prensa de los EE.UU. por el Arzobispo mexicano Leopoldo Ruiz Flores, en las cuales abogaba por un entendimiento entre la Iglesia cat\u00f3lica y el gobierno.<\/p>\n\n\n\n<p>En efecto, Portes Gil negoci\u00f3 con la poderosa c\u00fapula de la iglesia cat\u00f3lica mexicana, firmando un documento de entendimiento el&nbsp; 22 de junio1929, mediante el cual se puso fin a ese sangriento conflicto.<\/p>\n\n\n\n<p>Esa valiente decisi\u00f3n del presidente Portes Gil se conoce en la historia de M\u00e9xico como la etapa de \u201crelaciones nicod\u00e9micas\u201d, en referencia directa a Nicodemo, el&nbsp; personaje b\u00edblico jud\u00edo de la secta farisea y miembro del Sanedr\u00edn.<\/p>\n\n\n\n<p>Claro est\u00e1 que con motivo de ese acontecimiento trascendental Portes Gil y algunos obispos mexicanos recibieron navajazos florentinos, parecidos a los que&nbsp; en el siglo 15 se daban en Florencia, Italia, los seguidores de los M\u00e9dicis y de los Pazzi.<\/p>\n\n\n\n<p>No era para menos, pues se trat\u00f3 de una ecuaci\u00f3n cargada de elementos simb\u00f3licos en t\u00e9rminos pol\u00edticos y religiosos. Pero eso es harina de otro costal.<\/p>\n\n\n\n<p>La mayor\u00eda de los historiadores mexicanos opinan favorablemente sobre la gesti\u00f3n de gobierno del presidente de origen dominicano Emilio C\u00e1ndido Portes Gil.<\/p>\n\n\n\n<p><strong>\u00c9l cre\u00f3 instituciones que contribuyeron a impulsar la econom\u00eda y redefinir la sociedad mexicana en los planos sociales, pol\u00edticos y jur\u00eddicos.<\/strong><\/p>\n\n\n\n<p>Adem\u00e1s de presidente de M\u00e9xico fue gobernador del Estado de Tamaulipas, juez del Tribunal Superior de Justicia, diputado federal, Secretario de Gobernaci\u00f3n, Secretario de Relaciones Exteriores, Procurador General de la Rep\u00fablica y embajador de su pa\u00eds en Francia y la India.<\/p>\n\n\n\n<p>Fue abogado, pol\u00edtico, conferenciante, escritor, congresista y diplom\u00e1tico. En su labor como periodista fund\u00f3 y dirigi\u00f3 varios peri\u00f3dicos, entre ellos El Cantero, El Diario y El Cauterio.<\/p>\n\n\n\n<p>El presidente Emilio C\u00e1ndido Portes Gil muri\u00f3 el 10 de diciembre de 1978, a los 88 a\u00f1os de edad, coronado en el oto\u00f1o de su par\u00e1bola vital por el respeto colectivo.<\/p>\n\n\n\n<p>Te\u00f3filo Lappot<\/p>\n\n\n\n<p><a rel=\"noreferrer noopener\" target=\"_blank\" href=\"mailto:teofilolappot@hotmail.com\">teofilolappot@hotmail.com<\/a><\/p>\n","protected":false},"excerpt":{"rendered":"<p>POR TE\u00d3FILO LAPPOT ROBLES Nuestro pa\u00eds, desde antes de su nacimiento formal como Estado Independiente, ha sido tierra de emigrantes e inmigrantes. De esa din\u00e1mica demogr\u00e1fica hay una vasta documentaci\u00f3n, desde la llegada aqu\u00ed de los conquistadores espa\u00f1oles, en diciembre de 1492, hasta el presente. Es un tema fascinante que ha explicado a fondo, especialmente [&hellip;]<\/p>\n","protected":false},"author":28,"featured_media":375722,"comment_status":"closed","ping_status":"","sticky":true,"template":"","format":"standard","meta":{"footnotes":""},"categories":[21,26,27],"tags":[],"class_list":["post-375716","post","type-post","status-publish","format-standard","has-post-thumbnail","hentry","category-cultura","category-efemerides","category-portada"],"_links":{"self":[{"href":"https:\/\/diariodominicano.com\/index.php?rest_route=\/wp\/v2\/posts\/375716","targetHints":{"allow":["GET"]}}],"collection":[{"href":"https:\/\/diariodominicano.com\/index.php?rest_route=\/wp\/v2\/posts"}],"about":[{"href":"https:\/\/diariodominicano.com\/index.php?rest_route=\/wp\/v2\/types\/post"}],"author":[{"embeddable":true,"href":"https:\/\/diariodominicano.com\/index.php?rest_route=\/wp\/v2\/users\/28"}],"replies":[{"embeddable":true,"href":"https:\/\/diariodominicano.com\/index.php?rest_route=%2Fwp%2Fv2%2Fcomments&post=375716"}],"version-history":[{"count":8,"href":"https:\/\/diariodominicano.com\/index.php?rest_route=\/wp\/v2\/posts\/375716\/revisions"}],"predecessor-version":[{"id":375736,"href":"https:\/\/diariodominicano.com\/index.php?rest_route=\/wp\/v2\/posts\/375716\/revisions\/375736"}],"wp:featuredmedia":[{"embeddable":true,"href":"https:\/\/diariodominicano.com\/index.php?rest_route=\/wp\/v2\/media\/375722"}],"wp:attachment":[{"href":"https:\/\/diariodominicano.com\/index.php?rest_route=%2Fwp%2Fv2%2Fmedia&parent=375716"}],"wp:term":[{"taxonomy":"category","embeddable":true,"href":"https:\/\/diariodominicano.com\/index.php?rest_route=%2Fwp%2Fv2%2Fcategories&post=375716"},{"taxonomy":"post_tag","embeddable":true,"href":"https:\/\/diariodominicano.com\/index.php?rest_route=%2Fwp%2Fv2%2Ftags&post=375716"}],"curies":[{"name":"wp","href":"https:\/\/api.w.org\/{rel}","templated":true}]}}