{"id":37569,"date":"2007-01-08T16:15:43","date_gmt":"2007-01-08T16:15:43","guid":{"rendered":"http:\/\/diariodominicano.ddns.net\/?p=37569"},"modified":"2007-01-08T16:15:43","modified_gmt":"2007-01-08T16:15:43","slug":"competitividad-y-dr-cafta","status":"publish","type":"post","link":"https:\/\/diariodominicano.com\/?p=37569","title":{"rendered":"Competitividad y  DR-Cafta"},"content":{"rendered":"<p><body><\/p>\n<p class=\"titulogrande1\">Competitividad y\u00a0  DR-Cafta<\/p>\n<p>&#13;<\/p>\n<p><span class=\"textogrande\">Por Jos\u00e9 Reyes Mart\u00ednez<\/span><br \/>&#13;<br \/>\n  <br \/>&#13;<br \/>\n    <span class=\"ttmediao\">Especial para DD<\/span><\/p>\n<p>&#13;<\/p>\n<p align=\"justify\" class=\"text1noticias\">Es evidente que un capitalismo moderno y competitivo se basa  en la eficacia \u00a0de su sector empresarial  y en la fortaleza institucional y pol\u00edtica del Estado.<\/p>\n<p>&#13;<\/p>\n<p align=\"justify\" class=\"text1noticias\">Los empresarios, con su vocaci\u00f3n emprendedora, proveen los  recursos que se \u00a0invierten en nuevas  empresas, con modernas tecnolog\u00edas, y mejoras continuas \u00a0de productos y procesos, para impulsar\u00a0 la productividad y la competitividad de las  empresas.<\/p>\n<p>&#13;<\/p>\n<p align=\"justify\" class=\"text1noticias\">Esto sin obviar que la especializaci\u00f3n de los recursos  humanos son los activos m\u00e1s eficaces, en una econom\u00eda global basada en el  conocimiento, la creatividad y la innovaci\u00f3n tecnol\u00f3gica.<\/p>\n<p>&#13;<\/p>\n<p align=\"justify\" class=\"text1noticias\">Ahora que el pa\u00eds ha cumplido con los requisitos que exige  Estados Unidos para entrar al Tratado de Libre Comercio,\u00a0 es obvio recordar que, la tecnolog\u00eda, la productividad y la competitividad, son  aspectos claves para insertarse con \u00e9xitos en las exigentes econom\u00edas del resto  del mundo.<\/p>\n<p>&#13;<\/p>\n<p align=\"justify\" class=\"text1noticias\">En tal sentido, se asume que los empresarios modernos, que  son el motor de \u00a0la econom\u00eda, tienen un  concepto claro de c\u00f3mo ha de usarse la acumulaci\u00f3n de capital.<\/p>\n<p>&#13;<\/p>\n<p align=\"justify\" class=\"text1noticias\">El recurso capital,\u00a0  no puede ser visto s\u00f3lo como un\u00a0  medio de consumo ostentoso &#8211;villas, yates, viajes y carros de lujo &#8211;, sino  como un instrumento clave para el progreso y el desarrollo al trav\u00e9s  del ahorro-inversi\u00f3n.<\/p>\n<p>&#13;<\/p>\n<p align=\"justify\" class=\"text1noticias\">Es decir, el pa\u00eds requiere ser conocido en el exterior como  una naci\u00f3n emprendedora y competitiva a trav\u00e9s de inversiones en  actividades <br \/>&#13;<br \/>\n  productivas, que generen empleos de calidad\u00a0 abundantes\u00a0  divisas, y no como creciente\u00a0consumidor de carros y yipetas de lujo, que es como se conoce\u00a0 en el  mundo desarrollado.<\/p>\n<p>&#13;<\/p>\n<p align=\"justify\" class=\"text1noticias\">Por esas razones es fundamental que el Estado, adem\u00e1s de  eficientizar el sistema el\u00e9ctrico, crear el marco jur\u00eddico para la promoci\u00f3n  de la actividad empresarial, coadyuve tambi\u00e9n a la formaci\u00f3n de los cuadros  t\u00e9cnicos y profesionales para el fortalecimiento de la competitividad  empresarial del pa\u00eds.<\/p>\n<p>&#13;<\/p>\n<p align=\"justify\" class=\"text1noticias\">Por eso es fundamental\u00a0  que los recursos\u00a0 de\u00a0 los \u201cBonos para el Desarrollo Empresarial\u201d, aportado por la Uni\u00f3n Europea\u00a0 y gerenciado\u00a0  por la\u00a0 Oficina Nacional de los Fondos Europeos de Desarrollo ONFED,  conjuntamente con el \u00a0Plan Nacional de  Competitividad, contribuyan con\u00a0 esos  vitales objetivos.<\/p>\n<p>&#13;<\/p>\n<p align=\"justify\" class=\"text1noticias\">Se necesita tambi\u00e9n que el equipo t\u00e9cnico que administra los  acuerdos comerciales conozca a fondo las tendencias y las necesidades  de las <br \/>&#13;<br \/>\n  econom\u00edas que nos conectan con\u00a0 la integraci\u00f3n econ\u00f3mica.<\/p>\n<p>&#13;<\/p>\n<p align=\"justify\" class=\"text1noticias\">Y as\u00ed conocer los nichos de mercados a conquistar para  promover una bien planificada oferta exportable especializada a los mercados  americano y europeo.<\/p>\n<p>&#13;<\/p>\n<p align=\"justify\" class=\"text1noticias\">Por todo ello, el liderazgo pol\u00edtico y empresarial, tiene  que trabajar con la voluntad que demanda la naci\u00f3n en las \u00e1reas que son  prioritarias para el pa\u00eds.<\/p>\n<p>&#13;<\/p>\n<p align=\"justify\" class=\"text1noticias\">Por eso nos urge definir el plan a seguir desde ahora hasta  el largo plazo, porque el pa\u00eds est\u00e1\u00a0\u00a0  en presencia de un nuevo modelo econ\u00f3mico que definir\u00eda el porvenir y cambiar\u00e1\u00a0 la fisonom\u00eda\u00a0  de la econom\u00eda de Rep\u00fablica Dominicana.<\/p>\n<p>&#13;<\/p>\n<p><span class=\"textogrande\">El autor es periodista<\/span><br \/>&#13;<br \/>\n  <br \/>&#13;<br \/>\n  <a href=\"http:\/\/webmail.diariodominicano.com\/src\/compose.php?send_to=jr_reyes_16%40hotmail.com\"><strong>jr_reyes_16@hotmail.com<\/strong><\/a><\/p>\n<p>&#13;<\/p>\n<h6> 2007-01-08 16:15:43 <\/h6>\n<p><!--\n<link rel=\"stylesheet\" href=\"css\/bootstrap.min.css\">\n\n\n<ul class=\"pagination\">\n\t    \n\t\n\n<li >\n\t<a href='?page_no=13318'>Previous<\/a>\n\t<\/li>\n\n\n       \n    \n\n<li><a href='?page_no=1'>1<\/a><\/li>\n\n\n\n<li><a href='?page_no=2'>2<\/a><\/li>\n\n\n\n<li><a>...<\/a><\/li>\n\n\n\n<li><a href='?page_no=13317'>13317<\/a><\/li>\n\n\n\n<li><a href='?page_no=13318'>13318<\/a><\/li>\n\n\n\n<li class='active'><a>13319<\/a><\/li>\n\n\n\n<li><a href='?page_no=13320'>13320<\/a><\/li>\n\n\n\n<li><a href='?page_no=13321'>13321<\/a><\/li>\n\n\n\n<li><a>...<\/a><\/li>\n\n\n\n<li><a href='?page_no=13611'>13611<\/a><\/li>\n\n\n\n<li><a href='?page_no=13612'>13612<\/a><\/li>\n\n    \n\t\n\n<li >\n\t<a href='?page_no=13320'>Next<\/a>\n\t<\/li>\n\n\n    \n\n<li><a href='?page_no=13612'>Last &rsaquo;&rsaquo;<\/a><\/li>\n\n<\/ul>\n\n\n--><br \/>\n<\/body><\/p>\n","protected":false},"excerpt":{"rendered":"<p>Competitividad y\u00a0 DR-Cafta &#13; Por Jos\u00e9 Reyes Mart\u00ednez&#13; &#13; Especial para DD &#13; Es evidente que un capitalismo moderno y competitivo se basa en la eficacia \u00a0de su sector empresarial y en la fortaleza institucional y pol\u00edtica del Estado. &#13; Los empresarios, con su vocaci\u00f3n emprendedora, proveen los recursos que se \u00a0invierten en nuevas empresas, [&hellip;]<\/p>\n","protected":false},"author":3,"featured_media":0,"comment_status":"open","ping_status":"open","sticky":false,"template":"","format":"standard","meta":{"footnotes":""},"categories":[16],"tags":[],"class_list":["post-37569","post","type-post","status-publish","format-standard","hentry","category-opiniones"],"_links":{"self":[{"href":"https:\/\/diariodominicano.com\/index.php?rest_route=\/wp\/v2\/posts\/37569","targetHints":{"allow":["GET"]}}],"collection":[{"href":"https:\/\/diariodominicano.com\/index.php?rest_route=\/wp\/v2\/posts"}],"about":[{"href":"https:\/\/diariodominicano.com\/index.php?rest_route=\/wp\/v2\/types\/post"}],"author":[{"embeddable":true,"href":"https:\/\/diariodominicano.com\/index.php?rest_route=\/wp\/v2\/users\/3"}],"replies":[{"embeddable":true,"href":"https:\/\/diariodominicano.com\/index.php?rest_route=%2Fwp%2Fv2%2Fcomments&post=37569"}],"version-history":[{"count":0,"href":"https:\/\/diariodominicano.com\/index.php?rest_route=\/wp\/v2\/posts\/37569\/revisions"}],"wp:attachment":[{"href":"https:\/\/diariodominicano.com\/index.php?rest_route=%2Fwp%2Fv2%2Fmedia&parent=37569"}],"wp:term":[{"taxonomy":"category","embeddable":true,"href":"https:\/\/diariodominicano.com\/index.php?rest_route=%2Fwp%2Fv2%2Fcategories&post=37569"},{"taxonomy":"post_tag","embeddable":true,"href":"https:\/\/diariodominicano.com\/index.php?rest_route=%2Fwp%2Fv2%2Ftags&post=37569"}],"curies":[{"name":"wp","href":"https:\/\/api.w.org\/{rel}","templated":true}]}}