{"id":37568,"date":"2007-01-09T15:53:28","date_gmt":"2007-01-09T15:53:28","guid":{"rendered":"http:\/\/diariodominicano.ddns.net\/?p=37568"},"modified":"2007-01-09T15:53:28","modified_gmt":"2007-01-09T15:53:28","slug":"80-fidel-y-48-la-revolucion","status":"publish","type":"post","link":"https:\/\/diariodominicano.com\/?p=37568","title":{"rendered":"80 Fidel y 48 la revoluci\u00f3n"},"content":{"rendered":"<p><body><\/p>\n<p align=\"center\" class=\"titulogrande1\"><strong><em>80 Fidel y 48 la revoluci\u00f3n<\/em><\/strong><\/p>\n<p>&#13;<\/p>\n<p align=\"center\" class=\"textogrande\"><strong><em>Por Narciso Isa Conde<\/em><\/strong><\/p>\n<p>&#13;<\/p>\n<p align=\"justify\" class=\"text1noticias\">El pasado 1ro de enero la revoluci\u00f3n cubana cumpli\u00f3 48 a\u00f1os  y en agosto pasado Fidel cumpli\u00f3 80 a\u00f1os de edad.<\/p>\n<p>&#13;<\/p>\n<p align=\"justify\" class=\"text1noticias\">Al iniciarse este nuevo a\u00f1o de este nuevo siglo deseo poner  en conocimiento de ustedes este mensaje remitido al l\u00edder de la revoluci\u00f3n  cubana el 1ro de diciembre en ocasi\u00f3n de la conmemoraci\u00f3n oficial de su 80  aniversario, pospuesto en vista de su estado de salud: un reconocimiento eterno  a su inmensa dignidad<\/p>\n<p>&#13;<\/p>\n<p align=\"justify\" class=\"text1noticias\">\u201cApreciado Fidel:\u201d<\/p>\n<p>&#13;<\/p>\n<p align=\"justify\" class=\"text1noticias\">\u201cTodav\u00eda  escucho tus discursos y los del Che, cuando adolescente, en plena tiran\u00eda de  Trujillo, comenzaba a ver la luz.\u201d<\/p>\n<p>&#13;<\/p>\n<p align=\"justify\" class=\"text1noticias\">\u201cLa  luz de la rebeld\u00eda frente a la perversidad desp\u00f3tica y la opresi\u00f3n  imperialista-capitalista. La luz de la justicia. La luz de la revoluci\u00f3n de los  (as) de abajo. La luz del socialismo.\u201d<\/p>\n<p>&#13;<\/p>\n<p align=\"justify\" class=\"text1noticias\">\u201cAquella  \u201crevoluci\u00f3n verde olivo\u201d me lleg\u00f3 al alma. Tanto como la lectura de los libros  \u201c<strong>!Escucha yanqui!<\/strong>\u201d de R. Mills y \u201c<strong>La Madre<\/strong>\u201d  de M\u00e1ximo Gorki.\u201d<\/p>\n<p>&#13;<\/p>\n<p align=\"justify\" class=\"text1noticias\">\u201cDesde  entonces he visto como tu dignidad, inseparable de la del Che (primero desde  esta vida terrenal cargada de tristezas y alegr\u00edas y luego desde aquella  hermosa eternidad), se ha tornado inmensa y ejemplar.\u201d <\/p>\n<p>&#13;<\/p>\n<p align=\"justify\" class=\"text1noticias\">\u201cNuestro  Neruda, Fidel, te comunic\u00f3 en hermosos versos una linda verdad: \u201c<strong>Fidel, Fidel, Fidel\u2026 los pueblos te  agradecen palabras en acci\u00f3n y hechos que cantan<\/strong>\u201d\u2026\u201d<br \/>&#13;<br \/>\n  \u00a0<br \/>&#13;<br \/>\n\u201c\u00a1En tantos  momentos cruciales y en toda una larga y fruct\u00edfera existencia\u00a1\u201d<\/p>\n<p>&#13;<\/p>\n<p align=\"justify\" class=\"text1noticias\">\u201cRecuerdo  cuando en aquel hist\u00f3rico encuentro, en aquellos d\u00edas desgarradores del colapso  del llamado socialismo real \u2013presente nuestro entra\u00f1able camarada Schafik  Handal, junto a varios compa\u00f1eros de la direcci\u00f3n cubana, entre ellos Ra\u00fal,  Carlos Rafael, Pi\u00f1eiro, Lage, Lu\u00eds Su\u00e1rez\u2026y otros tres hermanos  latinoamericanos: Patricio Echegaray, Rigoberto Padilla y Humberto Vargas  Carbonell-\u00a0 lleno de valor nos\u00a0 dijiste que la revoluci\u00f3n cubana \u201c<strong>no se iba a derrumbar<\/strong>\u201d, que en todo  caso \u201c<strong>hab\u00eda que derrumbarla<\/strong>\u201d, y que  frente a un imperialismo ensoberbecido y criminal nos promet\u00eda \u201c<strong>una resistencia sin l\u00edmites de sacrificios<\/strong>\u201d.<br \/>&#13;<br \/>\n  <br \/>&#13;<br \/>\n\u201c\u00a1Cumpliste  Fidel\u00a1.Y el legado de ese ejemplo de firmeza, persistencia y dignidad ha  perdurado, se ha multiplicado en las nuevas generaciones y habr\u00e1 de perdurar  creciendo m\u00e1s all\u00e1 de la vida f\u00edsica de las generaciones hist\u00f3ricas de las  revoluciones del siglo XX.\u201d<\/p>\n<p>&#13;<\/p>\n<p align=\"justify\" class=\"text1noticias\">\u201cPor eso, en  estos d\u00edas de luz continental, de persistente avance del proceso liberador de la Patria Grande, de inicio de  nuevas revoluciones a tono con las exigencias del siglo XXI; en estos d\u00edas de  rearme de la utop\u00eda ayer estropeada, de relanzamiento y recuperaci\u00f3n del sue\u00f1o  colectivo de los (as) revolucionarios(as) inclaudicables con las banderas de la  nueva democracia y el nuevo socialismo, agradecemos infinitamente tu formidable  conducta.\u201d<\/p>\n<p>&#13;<\/p>\n<p align=\"justify\" class=\"text1noticias\">\u201cAgradeceremos  siempre tu inmensa dignidad inseparable de tus \u201c<strong>palabras en acci\u00f3n<\/strong>\u201d y \u201c<strong>hechos  que cantan<\/strong>\u201d.\u201d<\/p>\n<p>&#13;<\/p>\n<p align=\"justify\" class=\"text1noticias\">\u201cGracias Fidel  por el Moncada, el Gramna y Sierra Maestra.\u201d<\/p>\n<p>&#13;<\/p>\n<p align=\"justify\" class=\"text1noticias\">\u201cGracias  Fidel, gracias del alma, por tus valiosos e incontables aportes, por tu  inconmovible antiimperialismo y tu alt\u00edsima sensibilidad humana.\u201d<\/p>\n<p>&#13;<\/p>\n<p align=\"justify\" class=\"text1noticias\">Y a los (as) comunistas y al pueblo cubano al cumplirse 48  a\u00f1os de su heroica revoluci\u00f3n les digo con la franqueza que me caracteriza:<\/p>\n<p>&#13;<\/p>\n<p align=\"justify\" class=\"text1noticias\">Hasta ahora Cuba ha podido resistir y superar las fases m\u00e1s  duras del denominado periodo especial, respuesta del gobierno cubano a la grave  situaci\u00f3n derivada del reforzamiento del bloqueo estadounidense acompa\u00f1ado de  los desastrosos efectos del colapso del \u201csocialismo real\u201d y la p\u00e9rdida por ese  concepto de m\u00e1s del 80% de su comercio exterior.<\/p>\n<p>&#13;<\/p>\n<p align=\"justify\" class=\"text1noticias\">Y lo ha hecho conservando los elementos y conquistas  esenciales de su proceso de orientaci\u00f3n socialista, aunque flexibilizando  significativamente su actitud respecto a la inversi\u00f3n extranjera y abriendo las  compuertas a una cierta dualidad econ\u00f3mica al expandirse el \u00e1rea d\u00f3lar e  introducirse reformas que promueven el cuentapropismo, los mercados  agropecuarios y la captaci\u00f3n de divisas procedentes de la comunidad cubana  radicada en EU.<\/p>\n<p>&#13;<\/p>\n<p align=\"justify\" class=\"text1noticias\">La revoluci\u00f3n cubana ni se ha anclado en el viejo modelo  influido por la URSS, ni le ha abierto plenamente las puertas al nuevo  socialismo imprescindible para su desarrollo estrat\u00e9gico.<\/p>\n<p>&#13;<\/p>\n<p align=\"justify\" class=\"text1noticias\">Esta firme, estable, combatiendo en condiciones dif\u00edciles,  descansando pol\u00edticamente en el enorme liderazgo de Fidel y los comandantes de  Sierra Maestra y la permanente vigilancia y movilizaci\u00f3n de su pueblo.<\/p>\n<p>&#13;<\/p>\n<p align=\"justify\" class=\"text1noticias\">Resistir es v\u00e1lido, pero seguir transformando el transito al  socialismo en Cuba en funci\u00f3n de una renovada permanencia de largo aliento es  todav\u00eda m\u00e1s v\u00e1lido.<\/p>\n<p>&#13;<\/p>\n<p align=\"justify\" class=\"text1noticias\">M\u00e1s aun cuando desde hace algunos a\u00f1os viene debati\u00e9ndose  sobre la necesidad de extraer las lecciones hist\u00f3ricas de los fracasos de un  gran n\u00famero de procesos de orientaci\u00f3n socialista en el siglo XX y la necesidad  de nuevas variantes de socialismo capaces de superar los d\u00e9ficit estructurales  que condujeron a esos desplomes y fracasos.<\/p>\n<p>&#13;<\/p>\n<h6> 2007-01-09 15:53:28 <\/h6>\n<p><!--\n<link rel=\"stylesheet\" href=\"css\/bootstrap.min.css\">\n\n\n<ul class=\"pagination\">\n\t    \n\t\n\n<li >\n\t<a href='?page_no=13317'>Previous<\/a>\n\t<\/li>\n\n\n       \n    \n\n<li><a href='?page_no=1'>1<\/a><\/li>\n\n\n\n<li><a href='?page_no=2'>2<\/a><\/li>\n\n\n\n<li><a>...<\/a><\/li>\n\n\n\n<li><a href='?page_no=13316'>13316<\/a><\/li>\n\n\n\n<li><a href='?page_no=13317'>13317<\/a><\/li>\n\n\n\n<li class='active'><a>13318<\/a><\/li>\n\n\n\n<li><a href='?page_no=13319'>13319<\/a><\/li>\n\n\n\n<li><a href='?page_no=13320'>13320<\/a><\/li>\n\n\n\n<li><a>...<\/a><\/li>\n\n\n\n<li><a href='?page_no=13611'>13611<\/a><\/li>\n\n\n\n<li><a href='?page_no=13612'>13612<\/a><\/li>\n\n    \n\t\n\n<li >\n\t<a href='?page_no=13319'>Next<\/a>\n\t<\/li>\n\n\n    \n\n<li><a href='?page_no=13612'>Last &rsaquo;&rsaquo;<\/a><\/li>\n\n<\/ul>\n\n\n--><br \/>\n<\/body><\/p>\n","protected":false},"excerpt":{"rendered":"<p>80 Fidel y 48 la revoluci\u00f3n &#13; Por Narciso Isa Conde &#13; El pasado 1ro de enero la revoluci\u00f3n cubana cumpli\u00f3 48 a\u00f1os y en agosto pasado Fidel cumpli\u00f3 80 a\u00f1os de edad. &#13; Al iniciarse este nuevo a\u00f1o de este nuevo siglo deseo poner en conocimiento de ustedes este mensaje remitido al l\u00edder de [&hellip;]<\/p>\n","protected":false},"author":3,"featured_media":0,"comment_status":"open","ping_status":"open","sticky":false,"template":"","format":"standard","meta":{"footnotes":""},"categories":[16],"tags":[],"class_list":["post-37568","post","type-post","status-publish","format-standard","hentry","category-opiniones"],"_links":{"self":[{"href":"https:\/\/diariodominicano.com\/index.php?rest_route=\/wp\/v2\/posts\/37568","targetHints":{"allow":["GET"]}}],"collection":[{"href":"https:\/\/diariodominicano.com\/index.php?rest_route=\/wp\/v2\/posts"}],"about":[{"href":"https:\/\/diariodominicano.com\/index.php?rest_route=\/wp\/v2\/types\/post"}],"author":[{"embeddable":true,"href":"https:\/\/diariodominicano.com\/index.php?rest_route=\/wp\/v2\/users\/3"}],"replies":[{"embeddable":true,"href":"https:\/\/diariodominicano.com\/index.php?rest_route=%2Fwp%2Fv2%2Fcomments&post=37568"}],"version-history":[{"count":0,"href":"https:\/\/diariodominicano.com\/index.php?rest_route=\/wp\/v2\/posts\/37568\/revisions"}],"wp:attachment":[{"href":"https:\/\/diariodominicano.com\/index.php?rest_route=%2Fwp%2Fv2%2Fmedia&parent=37568"}],"wp:term":[{"taxonomy":"category","embeddable":true,"href":"https:\/\/diariodominicano.com\/index.php?rest_route=%2Fwp%2Fv2%2Fcategories&post=37568"},{"taxonomy":"post_tag","embeddable":true,"href":"https:\/\/diariodominicano.com\/index.php?rest_route=%2Fwp%2Fv2%2Ftags&post=37568"}],"curies":[{"name":"wp","href":"https:\/\/api.w.org\/{rel}","templated":true}]}}