{"id":37566,"date":"2007-01-10T15:58:41","date_gmt":"2007-01-10T15:58:41","guid":{"rendered":"http:\/\/diariodominicano.ddns.net\/?p=37566"},"modified":"2007-01-10T15:58:41","modified_gmt":"2007-01-10T15:58:41","slug":"las-principales-en-teledebate-140","status":"publish","type":"post","link":"https:\/\/diariodominicano.com\/?p=37566","title":{"rendered":"LAS PRINCIPALES EN TELEDEBATE"},"content":{"rendered":"<p><body><\/p>\n<p><span class=\"titulogrande1\">LAS PRINCIPALES EN TELEDEBATE<\/span><br \/>&#13;<br \/>\n  <br \/>&#13;<br \/>\n    <span class=\"textogrande\">Lunes 08,01,07<\/span><\/p>\n<p>&#13;<\/p>\n<p align=\"justify\" class=\"text1noticias\">TAMBIEN ES PARTE DEL MANTENIMIENTO. Penoso lo que est\u00e0  ocurriendo con las instalaciones deportivas del Parque del Este que costaron  miles de millones de pesos. Su encargado de mantenimiento niega que est\u00e8 abandonado  pero en cambio admite que se han estado robando materiales y equipos de las  instalaciones. \u00bfY preservar esos bienes a cubierto de robos no es tambi\u00e8n parte  del mantenimiento?<\/p>\n<p>&#13;<\/p>\n<p align=\"justify\" class=\"text1noticias\">LOS NOMBRES, DON MIGUEL, LOS NOMBRES. Hay que seguir  haciendo insistencia en que se den a conocer los nombres de quienes integran la  mafia de los frustrados contrabandos aduanales.\u00a0  La celosa alerta que mantienen Miguel Cocco y su gente para evitar las  evasiones arancelarias son objeto de general y merecido reconocimiento.\u00a0 Pero es preciso que se identifique a los  responsables que posiblemente pasan como gente seria.<\/p>\n<p>&#13;<\/p>\n<p align=\"justify\" class=\"text1noticias\">CENTRO LEON: EL MEJOR DE TODA EL AREA. El Centro Le\u00f2n en  Santiago tiene en cartera un ambicioso programa de eventos para el presente  2007.\u00a0 El Centro, en que tanto empe\u00f1o  puso el finado empresario Eduardo Le\u00f2n Asensio, no es solo un motivo de orgullo  para Santiago y el pa\u00ecs.\u00a0 Est\u00e0  considerado tambi\u00e8n el de mayor importancia y prestigio en toda el \u00e0rea de  Centroam\u00e9rica y el Caribe.\u00a0 <\/p>\n<p>&#13;<\/p>\n<p align=\"justify\" class=\"text1noticias\">NEY ARIAS LORA. Con el deceso del doctor Ney Arias Lora no  est\u00e0 solo de luto el Partido Reformista, en el cual cubri\u00f2 una larga y fiel  militancia, de cuya Comisi\u00f3n Pol\u00edtica era miembro y en cuyos gobiernos fue por  dos veces Secretario de Salud P\u00f9blica.\u00a0  Lo est\u00e0 la   Medicina Dominicana que pierde a uno de sus m\u00e0s notables  neur\u00f3logos, verdadero pionero de esta especialidad, en cuyo eminente servicio  salv\u00f2 muchas vidas. Descanse en paz.<\/p>\n<p>&#13;<\/p>\n<p align=\"justify\" class=\"text1noticias\">FUNDACI\u00d3N VANESSA: EJEMPLO A IMITAR. Hermoso ejemplo de  solidaridad humana y generosa respuesta la de los padres de Vanessa Ram\u00edrez,  cuya joven y promisora vida se vi\u00f2 tronchada por robarle un celular. La Fundaci\u00f3n que crearon en  su nombre y memoria, ha pasado a apadrinar a treinta y tres ni\u00f1os hu\u00e9rfanos que  gracias a ella recibieron los tradicionales juguetes de Reyes, cuidados m\u00e8dicos  y odontol\u00f3gicos, medicamentos y otras atenciones. Ojal\u00e0 encuentren otros  imitadores.<\/p>\n<p>&#13;<\/p>\n<p align=\"justify\" class=\"text1noticias\">JOAN Y DAVID: TAMBIEN A IMITAR.\u00a0 Tambi\u00e8n deb\u00ecan encontrar imitadores los  gestos del campe\u00f2n Joan Guzm\u00e1n y de la carism\u00e1tica superestrella David  Ortiz.\u00a0 El primero, fiel a sus ra\u00edces,  fue en auxilio navide\u00f1o de la gente necesitada de su barriada de  Guachupita.\u00a0 Y el segundo, despu\u00e9s de  donar 200 mil d\u00f3lares a CEDIMAT para financiar operaciones de coraz\u00f3n a ni\u00f1os  con problemas card\u00ecacos, hizo un gran reparto de juguetes a infantes  enfermos.\u00a0\u00a0 <\/p>\n<p>&#13;<\/p>\n<p align=\"justify\" class=\"text1noticias\">ALZA DEL D\u00d3LAR&#8230;\u00bfESPECULACI\u00d3N? Pese al notable flujo de  dominicanos ausentes que vinieron al pa\u00ecs con motivo de las fiestas navide\u00f1as  cargados de regalos y de d\u00f3lares, la divisa norteamericana en vez de bajar ha  subido. Ayer lleg\u00f2 a cotizarse a 34.40.\u00a0  Las autoridades monetarias estiman que ser\u00e0 conjurada en base a las  grandes reservas con que cerr\u00f2 el a\u00f1o el Banco Central y a los 170 millones de  d\u00f3lares de Verizon que acaban de ingresar en el Banco de Reservas.\u00a0 \u00bfEspeculaci\u00f3n?\u00a0 Ser\u00eca oportuno explicar las razones del alza.<\/p>\n<p>&#13;<\/p>\n<p align=\"justify\" class=\"text1noticias\">UN DURO OBST\u00c1CULO Y UN FUNESTO PRECEDENTE. Mientras el  Presidente Bush se obstina en incrementar la presencia militar norteamericana  en Irak para lo cual tendr\u00e0 que vencer la resistencia del Congreso Dem\u00f3crata  opuesto a facilitarle m\u00e0s fondos para la costosa e in\u00fatil guerra, Hugo Ch\u00e0vez  adelanta que negar\u00e0 la renovaci\u00f3n de la licencia por v\u00eca administrativa Radio  Caracas por oponerse a su gobierno. Los tribunales que supuestamente son los que  deben decidir en estos casos quedan pintados en la pared.\u00a0\u00a0 Aqu\u00ec a eso se le llama ser batuta y  constituci\u00f3n. Un funesto precedente.<\/p>\n<p>&#13;<\/p>\n<p align=\"justify\" class=\"text1noticias\">\u00bfQU\u00c9 POSICI\u00d3N ASUMIRAN? Con el controversial Metro de Santo  Domingo a medio camino, ya en Santiago el popular s\u00ecndico Jos\u00e9 Enrique Sued  adelanta el inicio de la construcci\u00f3n de su ferrocarril metropolitano.\u00a0 Veremos ahora cu\u00e0l es la postura que asumir\u00e0  el Partido Reformista que aqu\u00ec es opuesto y fuerte cr\u00ectico del\u00a0 primero, convertido en la obra m\u00e0s  cuestionada del gobierno.\u00a0 \u00bfCriticar\u00e0n  tambi\u00e8n el proyecto de quien es su mejor ficha pol\u00edtica en la capital del  Cibao?<\/p>\n<p>&#13;<\/p>\n<p align=\"justify\" class=\"text1noticias\">2007 \u00bfLIBRE DE PAROS MEDICOS Y MAGISTERIALES? Salud P\u00f9blica  anuncia un aumento a los m\u00e8dicos y a todo el personal de un 20 porciento y la  eliminaci\u00f3n de la cuota de recuperaci\u00f3n en los hospitales p\u00fablicos a excepci\u00f3n  de aquellos que pasar\u00e0n a la Seguridad Social. En tanto, Ligia Amada Melo da  seguridades de que pese a recibir un presupuesto recortado cumplir\u00e0 con  aumentarle a los profesores de la UASD.\u00a0 Esperemos  que despu\u00e9s de ello, no tengamos este a\u00f1o paros m\u00e8dicos ni profesorales.<\/p>\n<p>&#13;<\/p>\n<p align=\"justify\" class=\"text1noticias\">\u00bfC\u00d3MO PAGARAN EL BONO DE RECONOCIMIENTO? El gobierno tiene  este a\u00f1o un compromiso econ\u00f3mico que al parecer no fue contemplado en el  presupuesto.\u00a0 Es el pago de m\u00e0s de 7 mil  243 millones de pesos vencidos correspondientes al llamado bono de  reconocimiento acumulado por sus pagos al Seguro Social por casi 178 mil  trabajadores que han arribado a los 60 a\u00f1os. La gran pregunta es \u00bfde d\u00f2nde va a  sacar el gobierno todos esos cuartos si es que piensa honrar ese pago?\u00a0 \u00bfAcaso con nuevos impuestos o con un  empr\u00e9stito local?<\/p>\n<p>&#13;<\/p>\n<p align=\"justify\" class=\"text1noticias\">UNA DOLOROSA PERDIDA. Hoy recibieron cristiana sepultura los  restos de Iv\u00e0n B\u00e0ez Brugal. V\u00ecctima de un c\u00e1ncer contra el que luch\u00f2 tenazmente  por espacio de dos a\u00f1os, Iv\u00e0n fue un excelente comunicador de televisi\u00f3n y un  eficiente diplom\u00e1tico que sirvi\u00f3 como embajador en Per\u00f9 y Brasil.\u00a0 Con \u00e8l se nos va un valioso colega, un  estimado amigo y un excelente ser humano.\u00a0  Descanse en paz.<\/p>\n<p>&#13;<\/p>\n<h6> 2007-01-10 15:58:41 <\/h6>\n<p><!--\n<link rel=\"stylesheet\" href=\"css\/bootstrap.min.css\">\n\n\n<ul class=\"pagination\">\n\t    \n\t\n\n<li >\n\t<a href='?page_no=13315'>Previous<\/a>\n\t<\/li>\n\n\n       \n    \n\n<li><a href='?page_no=1'>1<\/a><\/li>\n\n\n\n<li><a href='?page_no=2'>2<\/a><\/li>\n\n\n\n<li><a>...<\/a><\/li>\n\n\n\n<li><a href='?page_no=13314'>13314<\/a><\/li>\n\n\n\n<li><a href='?page_no=13315'>13315<\/a><\/li>\n\n\n\n<li class='active'><a>13316<\/a><\/li>\n\n\n\n<li><a href='?page_no=13317'>13317<\/a><\/li>\n\n\n\n<li><a href='?page_no=13318'>13318<\/a><\/li>\n\n\n\n<li><a>...<\/a><\/li>\n\n\n\n<li><a href='?page_no=13611'>13611<\/a><\/li>\n\n\n\n<li><a href='?page_no=13612'>13612<\/a><\/li>\n\n    \n\t\n\n<li >\n\t<a href='?page_no=13317'>Next<\/a>\n\t<\/li>\n\n\n    \n\n<li><a href='?page_no=13612'>Last &rsaquo;&rsaquo;<\/a><\/li>\n\n<\/ul>\n\n\n--><br \/>\n<\/body><\/p>\n","protected":false},"excerpt":{"rendered":"<p>LAS PRINCIPALES EN TELEDEBATE&#13; &#13; Lunes 08,01,07 &#13; TAMBIEN ES PARTE DEL MANTENIMIENTO. Penoso lo que est\u00e0 ocurriendo con las instalaciones deportivas del Parque del Este que costaron miles de millones de pesos. Su encargado de mantenimiento niega que est\u00e8 abandonado pero en cambio admite que se han estado robando materiales y equipos de las [&hellip;]<\/p>\n","protected":false},"author":3,"featured_media":0,"comment_status":"open","ping_status":"open","sticky":false,"template":"","format":"standard","meta":{"footnotes":""},"categories":[16],"tags":[],"class_list":["post-37566","post","type-post","status-publish","format-standard","hentry","category-opiniones"],"_links":{"self":[{"href":"https:\/\/diariodominicano.com\/index.php?rest_route=\/wp\/v2\/posts\/37566","targetHints":{"allow":["GET"]}}],"collection":[{"href":"https:\/\/diariodominicano.com\/index.php?rest_route=\/wp\/v2\/posts"}],"about":[{"href":"https:\/\/diariodominicano.com\/index.php?rest_route=\/wp\/v2\/types\/post"}],"author":[{"embeddable":true,"href":"https:\/\/diariodominicano.com\/index.php?rest_route=\/wp\/v2\/users\/3"}],"replies":[{"embeddable":true,"href":"https:\/\/diariodominicano.com\/index.php?rest_route=%2Fwp%2Fv2%2Fcomments&post=37566"}],"version-history":[{"count":0,"href":"https:\/\/diariodominicano.com\/index.php?rest_route=\/wp\/v2\/posts\/37566\/revisions"}],"wp:attachment":[{"href":"https:\/\/diariodominicano.com\/index.php?rest_route=%2Fwp%2Fv2%2Fmedia&parent=37566"}],"wp:term":[{"taxonomy":"category","embeddable":true,"href":"https:\/\/diariodominicano.com\/index.php?rest_route=%2Fwp%2Fv2%2Fcategories&post=37566"},{"taxonomy":"post_tag","embeddable":true,"href":"https:\/\/diariodominicano.com\/index.php?rest_route=%2Fwp%2Fv2%2Ftags&post=37566"}],"curies":[{"name":"wp","href":"https:\/\/api.w.org\/{rel}","templated":true}]}}