{"id":37563,"date":"2007-01-10T16:20:17","date_gmt":"2007-01-10T16:20:17","guid":{"rendered":"http:\/\/diariodominicano.ddns.net\/?p=37563"},"modified":"2025-12-29T01:06:25","modified_gmt":"2025-12-29T05:06:25","slug":"primeros-encuentros-con-kiva-maidanik","status":"publish","type":"post","link":"https:\/\/diariodominicano.com\/?p=37563","title":{"rendered":"Primeros Encuentros con Kiva Maidanik"},"content":{"rendered":"<p><body><\/p>\n<p class=\"titulogrande1\"><strong><em>Testimonios  de amistad y camarader\u00eda (I):<\/em><\/strong><\/p>\n<p>&#13;<\/p>\n<p align=\"justify\"><strong class=\"titulogrande\"><em>Primeros  Encuentros con Kiva Maidanik<\/em><\/strong><br \/>&#13;<br \/>\n  <br \/>&#13;<br \/>\n  <strong class=\"subtitulos\"><em>(1965-1968)<\/em><\/strong><br \/>&#13;<br \/>\n  <br \/>&#13;<br \/>\n    <strong class=\"textogrande\"><em>Por Narciso Isa Conde<\/em><\/strong><br \/>&#13;<br \/>\n    <br \/>&#13;<br \/>\n    <span class=\"text1noticias\"><img loading=\"lazy\" decoding=\"async\" src=\"http:\/\/10.0.0.82:8080\/pictures\/praga.jpg\" width=\"269\" height=\"242\" hspace=\"4\" align=\"left\" \/>Concluy\u00f3 la contienda heroica iniciada en abril de 1965 con  un forzado \u201cacuerdo de paz\u201d y un pa\u00eds invadido por las tropas estadounidenses.<\/span><\/p>\n<p>&#13;<\/p>\n<p align=\"justify\" class=\"text1noticias\">Corr\u00eda el mes de octubre. Todav\u00eda ol\u00edamos a p\u00f3lvora.<\/p>\n<p>&#13;<\/p>\n<p align=\"justify\" class=\"text1noticias\">El Partido Comunista Chileno (PCCH) y la Revista Internacional  Paz y Socialismo, con sede en Praga-Checoslovaquia, invitaron al Partido  Comunista Dominicano (PCD) a participar en su Congreso y en el Seminario sobre  Am\u00e9rica Latina y el Caribe, organizados respectivamente en Santiago de Chile  por ese partido hermano y por ese \u00f3rgano del movimiento comunista  internacional.<\/p>\n<p>&#13;<\/p>\n<p align=\"justify\" class=\"text1noticias\">La representaci\u00f3n recay\u00f3 sobre Jos\u00e9 Israel Cuello y sobre  mi, entonces dos mozalbetes de 25 y 22 a\u00f1os, expresi\u00f3n del proceso de  renovaci\u00f3n generacional y de ideas que dentro del PCD hab\u00eda estimulado aquella  primavera revolucionaria dominicana.<\/p>\n<p>&#13;<\/p>\n<p align=\"justify\" class=\"text1noticias\">Llegamos tarde al Congreso. Y el Seminario no se dio, debido  a las aprehensiones cubanas ante el conservadurismo predominante en el  movimiento comunista pro-sovi\u00e9tico latinoamericano-caribe\u00f1o.<\/p>\n<p>&#13;<\/p>\n<p align=\"justify\" class=\"text1noticias\"><strong>Primer saludo<\/strong><\/p>\n<p>&#13;<\/p>\n<p align=\"justify\" class=\"text1noticias\">Ni fu ni fa. Pero conocimos a Kiva Maikdanik , a Gerard  Pierre- Charles, a Suzy Castor, su compa\u00f1era (de Hait\u00ed), a Luis Corval\u00e1n, Gladys  Mar\u00edn, Rodrigo Rojas (de Chile)\u2026, entre otros (as) valiosos(as) camaradas.<\/p>\n<p>&#13;<\/p>\n<p align=\"justify\" class=\"text1noticias\">Kiva ten\u00eda a su cargo el Seminario. Entonces era, en su  condici\u00f3n de especialista en Am\u00e9rica Latina y el Caribe, responsable de la  comisi\u00f3n continental de esa Revista.<\/p>\n<p>&#13;<\/p>\n<p align=\"justify\" class=\"text1noticias\">Cuando se present\u00f3 nos salud\u00f3 con mucho entusiasmo,  sonriendo al parecer por el contraste entre nuestra juventud y nuestras  funciones.<\/p>\n<p>&#13;<\/p>\n<p align=\"justify\" class=\"text1noticias\">De entrada captamos que no est\u00e1bamos frente cualquier  sovi\u00e9tico y r\u00e1pidamente sentimos que surg\u00eda una gran amistad y una intensa  camarader\u00eda gestada a lo largo de los diez d\u00edas que estuvimos juntos en Chile.<\/p>\n<p>&#13;<\/p>\n<p align=\"justify\" class=\"text1noticias\">Nosotros ten\u00edamos por metas siguientes Mosc\u00fa y La Habana.<\/p>\n<p>&#13;<\/p>\n<p align=\"justify\" class=\"text1noticias\">En la URSS  nos esperaba una contienda sin balas por habernos declarado \u201cno seguidista\u201d de  la pol\u00edtica de PCUS, por haber proclamado nuestra independencia y haber  reivindicado la lucha armada. Y as\u00ed fue de entrada, previo chisme  latinoamericano sobre el supuesto \u201casalto juvenil\u201d a la direcci\u00f3n del PC  dominicano. Pero tambi\u00e9n de salida, a pesar de los debates en las alturas,  incluyendo la conversaci\u00f3n con Sulov, principal ide\u00f3logo, y Ponomariov,  Secretario Internacional del PCUS.\u00a0\u00a0 <br \/>&#13;<br \/>\n\u00a0\u00a0\u00a0\u00a0\u00a0\u00a0\u00a0\u00a0\u00a0\u00a0\u00a0\u00a0\u00a0\u00a0\u00a0\u00a0\u00a0\u00a0\u00a0\u00a0\u00a0\u00a0\u00a0\u00a0\u00a0  \u00a0\u00a0\u00a0\u00a0\u00a0\u00a0\u00a0\u00a0\u00a0\u00a0\u00a0\u00a0\u00a0\u00a0\u00a0\u00a0\u00a0\u00a0\u00a0\u00a0\u00a0\u00a0\u00a0\u00a0\u00a0\u00a0\u00a0\u00a0\u00a0<\/p>\n<p>&#13;<\/p>\n<p align=\"justify\" class=\"text1noticias\">En Cuba ten\u00edamos que restablecer las relaciones deterioradas  por la vieja direcci\u00f3n dogm\u00e1tica y conservadora, cuya hegemon\u00eda hab\u00edamos  desplazado. Y ciertamente logramos emprender una nueva fase de cooperaci\u00f3n  solidaria e identidades mayores.<\/p>\n<p>&#13;<\/p>\n<p align=\"justify\" class=\"text1noticias\"><strong>Juntos en Praga<\/strong><\/p>\n<p>&#13;<\/p>\n<p align=\"justify\" class=\"text1noticias\">Kiva insisti\u00f3 en que fu\u00e9ramos a Praga, a la sede de la Revista Internacional,  a rendir un informe de la situaci\u00f3n dominicana y a escribir un trabajo sobre la Revoluci\u00f3n de Abril y la Guerra Patria.<\/p>\n<p>&#13;<\/p>\n<p align=\"justify\" class=\"text1noticias\">Y por suerte nos convenci\u00f3, y despu\u00e9s de d\u00edas de intenso trabajo,  en el cual \u00e9l se involucr\u00f3, ampli\u00e1ndose el equipo a tres, dimos a luz un ensayo  titulado El Proceso Revolucionario Dominicano y Sus Ense\u00f1anzas, publicado en  dos entregas de la revista, diciembre 1965 y enero 1966, y en un folleto  hermosamente ilustrado con las fotos de Milvio P\u00e9rez, reportero gr\u00e1fico de  nuestra revoluci\u00f3n.<\/p>\n<p>&#13;<\/p>\n<p align=\"justify\" class=\"text1noticias\">En esos d\u00edas termin\u00f3 de fraguarse esa amistad que durar\u00eda  para siempre, \u00a1hasta la victoria final!<\/p>\n<p>&#13;<\/p>\n<p align=\"justify\" class=\"text1noticias\">All\u00ed conocimos como la censura neo-stalinista no solo corta  contenidos, sino que tiende tambi\u00e9n a dejar lo escrito como un \u201c\u00e1rbol sin  flores y sin hojas\u201d (palabras de Kiva), pura madera.<\/p>\n<p>&#13;<\/p>\n<p align=\"justify\" class=\"text1noticias\">Peleamos duro y por eso la censura no logr\u00f3 tanto. Kiva hizo  de colch\u00f3n a nuestro favor, porque ten\u00eda habilidad y astucia para canalizar sus  simpat\u00edas.<\/p>\n<p>&#13;<\/p>\n<p align=\"justify\" class=\"text1noticias\">Conocimos tambi\u00e9n la bella Praga de la mano de un  historiador universal, pendiente de todos los detalles. Caminando por el Puente  Carlos nos parec\u00eda estar en un para\u00edso azulado en medio de una amena clase de historia.<\/p>\n<p>&#13;<\/p>\n<p align=\"justify\" class=\"text1noticias\">Conocimos a Roque Dalton, el intr\u00e9pido guerrillero- poeta,  voz inigualable del pueblo salvadore\u00f1o, part\u00edcipe de sus luchas. Estuvimos juntos  en el antiqu\u00edsimo Restaurante Uflekus, el de la cerveza negra y del pan con  ajo, criticando todo lo conservador dentro y fuera de nuestro movimiento,  burl\u00e1ndonos de las elites privilegiadas y escuchando las finas iron\u00edas po\u00e9ticas  de Roque. Comenzamos a crear el Club de las herej\u00edas y la hermandad de los(as)  iconoclastas.<\/p>\n<p>&#13;<\/p>\n<p align=\"justify\" class=\"text1noticias\">Stalin y sus herederos sent\u00edan un fuerte zumbido en sus  o\u00eddos.<\/p>\n<p>&#13;<\/p>\n<p align=\"justify\" class=\"text1noticias\">Kiva nos tom\u00f3 especial cari\u00f1o, extendido hacia nuestro  partido y nuestras familias, y viceversa. Y desde entonces no hubo paso por  Praga o por Mosc\u00fa que no incluyera largas conversaciones, intensos debates,  prolongadas caminatas y hermosos momentos de amistad familiar, salpicada de  ron, vodka, co\u00f1ac armenio, comidas rusas y caf\u00e9 dominicano.<\/p>\n<p>&#13;<\/p>\n<p align=\"justify\" class=\"text1noticias\">Claro, en Praga, Kiva dur\u00f3 poco.<\/p>\n<p>&#13;<\/p>\n<p align=\"justify\" class=\"text1noticias\">\u00a0\u00a0\u00a0\u00a0\u00a0\u00a0\u00a0\u00a0\u00a0\u00a0\u00a0\u00a0\u00a0\u00a0\u00a0\u00a0\u00a0\u00a0\u00a0\u00a0\u00a0\u00a0\u00a0\u00a0\u00a0\u00a0\u00a0\u00a0\u00a0\u00a0\u00a0\u00a0\u00a0\u00a0\u00a0\u00a0\u00a0\u00a0\u00a0\u00a0\u00a0\u00a0\u00a0\u00a0\u00a0\u00a0\u00a0\u00a0\u00a0\u00a0\u00a0\u00a0\u00a0\u00a0\u00a0\u00a0\u00a0\u00a0\u00a0\u00a0 <br \/>&#13;<br \/>\n  El dogma y el pro-sovietismo oportunista lo acos\u00f3 tanto que  pronto se fue de vuelta a Mosc\u00fa, al Instituto de Econom\u00eda Mundial y Relaciones  Internacionales. Entre otros, los integrantes de la alta direcci\u00f3n del Partido  Comunista de Argentina, m\u00e1xima expresi\u00f3n entonces de esa intolerancia, pidieron  sistem\u00e1ticamente su cabeza, hasta que lo lograron.<\/p>\n<p>&#13;<\/p>\n<p align=\"justify\" class=\"text1noticias\"><strong>Reencuentro: Mosc\u00fa 1968<\/strong><\/p>\n<p>&#13;<\/p>\n<p align=\"justify\" class=\"text1noticias\">Volv\u00ed a verlo varias veces cuando decidimos que yo viajara \u00a0a Cuba a las conversaciones con el coronel  Caama\u00f1o, figura principal de la   Revoluci\u00f3n de 1965; previo paso por Benidor, Espa\u00f1a (para  intercambiar con el Prof. Juan Bosch), por Praga y Mosc\u00fa, a la ida y \u00a0a la vuelta, con desvi\u00f3 de una semana a Pyongyang,  Corea del Norte.<\/p>\n<p>&#13;<\/p>\n<p align=\"justify\" class=\"text1noticias\">Salida clandestina, calva entonces artificial, rostro con  variaciones significativas, pasaporte a nombre de Pedro Hern\u00e1ndez y  trascendentes temas en discusi\u00f3n que alimentar\u00edan las relaciones de confianza y  hermandad forjada al finalizar el a\u00f1o 1965.<\/p>\n<p>&#13;<\/p>\n<p align=\"justify\" class=\"text1noticias\"><strong>Regreso clandestino<\/strong><\/p>\n<p>&#13;<\/p>\n<p align=\"justify\" class=\"text1noticias\">\u00a0Pas\u00e9 tres meses del verano  en Cuba y sal\u00ed hacia Mosc\u00fa, despu\u00e9s de obstruido, por factores externos a los  intereses dominicanos, un trascendente acuerdo con el coronel Francisco Alberto  Caama\u00f1o De\u00f1\u00f3, l\u00edder pol\u00edtico-miliar de la Revoluci\u00f3n de Abril y de la guerra patria contra  el yanqui invasor, la gesta patri\u00f3tica y democr\u00e1tica m\u00e1s importante del Siglo  XX en la Rep\u00fablica Dominicana.<\/p>\n<p>&#13;<\/p>\n<p align=\"justify\" class=\"text1noticias\">Sal\u00ed de La   Habana justo el 20 de agosto 1968, d\u00eda en que las tropas  sovi\u00e9ticas y del Pacto de Varsovia invadieron Checoslovaquia para impedir la  renovaci\u00f3n del socialismo, encarnada en \u201cPrimavera de Praga\u201d.<\/p>\n<p>&#13;<\/p>\n<p align=\"justify\" class=\"text1noticias\">Me esperaban d\u00edas de tensi\u00f3n con el aparato del PCUS y de  nuevas y mayores coincidencias con Kiva. As\u00ed como nuevos afectos con su  entorno, con Rufina, su primera esposa, con Artermio, su primer hijo (a quienes  conocimos en Praga), y con Galia y su familia, amistades entra\u00f1ables para Kiva  y luego tambi\u00e9n para nosotros(as). <\/p>\n<p>&#13;<\/p>\n<p align=\"justify\" class=\"text1noticias\">Convoqu\u00e9 a Mosc\u00fa a Orlando Mart\u00ednez, quien nos representaba  en Budapest ante la   Federaci\u00f3n de Juventudes Democr\u00e1ticas (FMJD), para juntos  preparar un informe a la direcci\u00f3n de nuestro partido sobre ese tr\u00e1gico  acontecimiento.<\/p>\n<p>&#13;<\/p>\n<p align=\"justify\" class=\"text1noticias\">Ya antes de la invasi\u00f3n nosotros hab\u00edamos expresado, incluso  frente a los propios sovi\u00e9ticos, nuestro apoyo a la \u201cprimavera\u201d; y el propio  Jos\u00e9 Israel Cuello, en ocasi\u00f3n anterior, hab\u00eda objetado la ya evidente intenci\u00f3n  de la URSS de  intervenir militarmente.<\/p>\n<p>&#13;<\/p>\n<p align=\"justify\" class=\"text1noticias\">Kiva y nosotros ten\u00edamos la misma valoraci\u00f3n positiva de los  cambios en Checoslovaquia, lo que determin\u00f3 que nos suministrara todo el  dossier de la prensa checa sobre lo acontecido antes, durante e inmediatamente  despu\u00e9s de la intervenci\u00f3n militar.\u00a0\u00a0\u00a0\u00a0\u00a0\u00a0\u00a0\u00a0\u00a0\u00a0\u00a0\u00a0\u00a0\u00a0\u00a0\u00a0\u00a0\u00a0\u00a0\u00a0\u00a0\u00a0\u00a0\u00a0\u00a0\u00a0\u00a0\u00a0\u00a0\u00a0\u00a0\u00a0\u00a0\u00a0\u00a0\u00a0\u00a0\u00a0\u00a0\u00a0\u00a0\u00a0\u00a0\u00a0<\/p>\n<p>&#13;<\/p>\n<p align=\"justify\" class=\"text1noticias\">Recuerdo aquellas partes que informaban de los p\u00f3ster con L\u00e9nin  llorando, los letreros en el pavimento de las calles con la consigna \u201c\u00bfpor qu\u00e9?\u201d,  las banderas enlutadas y las vitrinas con expresiones de luto y dolor.<\/p>\n<p>&#13;<\/p>\n<p align=\"justify\" class=\"text1noticias\">Jam\u00e1s olvidar\u00e9 las agudas reflexiones de Kiva, cuando  camin\u00e1bamos de noche por el paseo central de una hermosa avenida moscovita, a  prop\u00f3sito del da\u00f1o irreparable que ese hecho le hac\u00eda a las posibilidades de renovaci\u00f3n  socialista en toda Europa Oriental.\u00a0 A su  entender el temor de la jerarqu\u00eda sovi\u00e9tica a la expansi\u00f3n del proceso  renovador a otros pa\u00edses y a su propio territorio, fue la causa fundamental de  esa decisi\u00f3n, que adem\u00e1s de revertir su avance en Checoslovaquia, persegu\u00eda  intimidar y frenar cualquier otro intento similar o parecido en zonas bajo su  influencia. Y en verdad lograron contenerlos por 20 a\u00f1os, hasta que el modelo  estatista-burocr\u00e1tico se pudri\u00f3 y no pudo renovarse, registr\u00e1ndose incluso la  degeneraci\u00f3n pro- capitalista de la perestroika.<\/p>\n<p>&#13;<\/p>\n<p align=\"justify\" class=\"text1noticias\">Sent\u00eda dolor, hablaba lleno de emoci\u00f3n, con la verg\u00fcenza de  un aut\u00e9ntico bolchevique, de un sovi\u00e9tico de pura sepa.<\/p>\n<p>&#13;<\/p>\n<p align=\"justify\" class=\"text1noticias\">Orlando y yo concluimos el informe para Santo Domingo y  antes de que llegara a su destino recibimos la posici\u00f3n oficial de PCD. \u00a1Coincidencia  total! Y de inmediato aquella expresi\u00f3n de Orlando: \u201c\u00a1Este es el mejor partido  del universo!\u201d<\/p>\n<p>&#13;<\/p>\n<p align=\"justify\" class=\"text1noticias\">Con Kiva hablamos extensamente tambi\u00e9n de la reciente  experiencia en Cuba y de las dificultades que se presentaban para recomponer el  frente patri\u00f3tico- revolucionario de\u00a0 \u00a0de Abril de 1965 y reemprender la insurgencia  con posibilidades de victoria. Y para mi satisfacci\u00f3n estuvimos plenamente de  acuerdo en la manera de proceder y en la necesidad de insistir con Caama\u00f1o en  ese prop\u00f3sito.<\/p>\n<p>&#13;<\/p>\n<p align=\"justify\" class=\"text1noticias\">Despedimos a Orlando mientras yo preparaba viaje para Corea  del Norte despu\u00e9s de recibir en Cuba una insistente invitaci\u00f3n del Partido del  Trabajo de ese pa\u00eds. De paso ese viaje me ayudar\u00eda a resolver un problema menor,  pero necesario: de Cuba sal\u00ed sin pasaje de retorno Santo Domingo, aunque si con  un magn\u00edfico retoque de los cambios f\u00edsicos a cargo de la simp\u00e1tica \u201cgallega\u201d  que maquill\u00f3 al Che cuando \u00e9ste sali\u00f3 clandestino de Cuba. Los coreanos me  resolvieron lo del boleto, ya que en medio de esas tensiones pol\u00edticas que  dieron lugar, por motivos diversos, a inc\u00f3modas discusiones, no me animaba a  gestionarlo ni con los cubanos ni con los sovi\u00e9ticos.<\/p>\n<p>&#13;<\/p>\n<p align=\"justify\" class=\"text1noticias\"><strong>\u00a1Naci\u00f3 el primog\u00e9nito!<\/strong><\/p>\n<p>&#13;<\/p>\n<p align=\"justify\" class=\"text1noticias\">Cuando retorn\u00e9 de Pyongyang a Mosc\u00fa me encontr\u00e9 en el Hotel  Octubre con un mensaje de la   Embajada cubana en Mosc\u00fa: hab\u00eda llegado la informaci\u00f3n sobre  el nacimiento de mi primer hijo, Pavel Ernesto.<\/p>\n<p>&#13;<\/p>\n<p align=\"justify\" class=\"text1noticias\">Naci\u00f3 el 20 de octubre, justo cuando cruzaban las fronteras  checoslovacas las tropas sovi\u00e9ticas. Naci\u00f3 sietemesino, y por eso no me  cuadraban los c\u00e1lculos.<\/p>\n<p>&#13;<\/p>\n<p align=\"justify\" class=\"text1noticias\">Lleno de alegr\u00eda solo atin\u00e9 a llamar por tel\u00e9fono a Kiva.  Pasaban de las 9:00 p.m. y casi todos los restaurantes, bares y cafeter\u00edas de  Mosc\u00fa estaban ya cerradas (\u00a1\u00a1\u00bf\u00a1\u00a1\u00a1??). Pero Kiva, siempre el salvador (el  Chapul\u00edn sovi\u00e9tico), conoc\u00eda un lugar donde pudimos celebrar la buena nueva:  una cafeter\u00eda-helader\u00eda situada en la moderna avenida Kalinin, que cerraba a  las 10:00 p.m. All\u00ed brindamos con helado y champa\u00f1a (no hab\u00eda de otra), por  cierto a un baj\u00edsimo precio.<\/p>\n<p>&#13;<\/p>\n<p align=\"justify\" class=\"text1noticias\">El vientre sensible y hermoso de Lul\u00fa, mi eterna compa\u00f1era  de amor y lucha, no pudo resistir aquel atropello al socialismo y la libertad,  y liber\u00f3 prematuramente a Pavel. Nosotros pudimos celebrarlo, como espl\u00e9ndida  compensaci\u00f3n (alegr\u00eda sobre la tristeza), algunas semanas despu\u00e9s de su  nacimiento. \u00a1Cosas de los viajes clandestinos!<\/p>\n<p>&#13;<\/p>\n<p align=\"justify\" class=\"text1noticias\">Kiva estaba m\u00e1s alegre que yo, que era mucho decir. El  dispon\u00eda de una inmensa reserva de amor para con los (as) ni\u00f1os (as), los  propios, los de sus amigos (as) y los de todos (as) los (as) dem\u00e1s.<\/p>\n<p>&#13;<\/p>\n<p align=\"justify\" class=\"text1noticias\">Su ternura era mayor que su saber, lo que tambi\u00e9n es mucho  decir. <\/p>\n<p>&#13;<\/p>\n<p align=\"justify\" class=\"text1noticias\">Enero 2007, Santo Domingo, Rep\u00fablica Dominicana.<\/p>\n<h6> 2007-01-10 16:20:17 <\/h6>\n<p><!--\n<link rel=\"stylesheet\" href=\"css\/bootstrap.min.css\">\n\n\n<ul class=\"pagination\">\n\t    \n\t\n\n<li >\n\t<a href='?page_no=13312'>Previous<\/a>\n\t<\/li>\n\n\n       \n    \n\n<li><a href='?page_no=1'>1<\/a><\/li>\n\n\n\n<li><a href='?page_no=2'>2<\/a><\/li>\n\n\n\n<li><a>...<\/a><\/li>\n\n\n\n<li><a href='?page_no=13311'>13311<\/a><\/li>\n\n\n\n<li><a href='?page_no=13312'>13312<\/a><\/li>\n\n\n\n<li class='active'><a>13313<\/a><\/li>\n\n\n\n<li><a href='?page_no=13314'>13314<\/a><\/li>\n\n\n\n<li><a href='?page_no=13315'>13315<\/a><\/li>\n\n\n\n<li><a>...<\/a><\/li>\n\n\n\n<li><a href='?page_no=13611'>13611<\/a><\/li>\n\n\n\n<li><a href='?page_no=13612'>13612<\/a><\/li>\n\n    \n\t\n\n<li >\n\t<a href='?page_no=13314'>Next<\/a>\n\t<\/li>\n\n\n    \n\n<li><a href='?page_no=13612'>Last &rsaquo;&rsaquo;<\/a><\/li>\n\n<\/ul>\n\n\n--><br \/>\n<\/body><\/p>\n","protected":false},"excerpt":{"rendered":"<p>Testimonios de amistad y camarader\u00eda (I): &#13; Primeros Encuentros con Kiva Maidanik&#13; &#13; (1965-1968)&#13; &#13; Por Narciso Isa Conde&#13; &#13; Concluy\u00f3 la contienda heroica iniciada en abril de 1965 con un forzado \u201cacuerdo de paz\u201d y un pa\u00eds invadido por las tropas estadounidenses. &#13; Corr\u00eda el mes de octubre. Todav\u00eda ol\u00edamos a p\u00f3lvora. &#13; El [&hellip;]<\/p>\n","protected":false},"author":3,"featured_media":0,"comment_status":"open","ping_status":"open","sticky":false,"template":"","format":"standard","meta":{"footnotes":""},"categories":[16],"tags":[3556],"class_list":["post-37563","post","type-post","status-publish","format-standard","hentry","category-opiniones","tag-prensa-latina"],"_links":{"self":[{"href":"https:\/\/diariodominicano.com\/index.php?rest_route=\/wp\/v2\/posts\/37563","targetHints":{"allow":["GET"]}}],"collection":[{"href":"https:\/\/diariodominicano.com\/index.php?rest_route=\/wp\/v2\/posts"}],"about":[{"href":"https:\/\/diariodominicano.com\/index.php?rest_route=\/wp\/v2\/types\/post"}],"author":[{"embeddable":true,"href":"https:\/\/diariodominicano.com\/index.php?rest_route=\/wp\/v2\/users\/3"}],"replies":[{"embeddable":true,"href":"https:\/\/diariodominicano.com\/index.php?rest_route=%2Fwp%2Fv2%2Fcomments&post=37563"}],"version-history":[{"count":1,"href":"https:\/\/diariodominicano.com\/index.php?rest_route=\/wp\/v2\/posts\/37563\/revisions"}],"predecessor-version":[{"id":657380,"href":"https:\/\/diariodominicano.com\/index.php?rest_route=\/wp\/v2\/posts\/37563\/revisions\/657380"}],"wp:attachment":[{"href":"https:\/\/diariodominicano.com\/index.php?rest_route=%2Fwp%2Fv2%2Fmedia&parent=37563"}],"wp:term":[{"taxonomy":"category","embeddable":true,"href":"https:\/\/diariodominicano.com\/index.php?rest_route=%2Fwp%2Fv2%2Fcategories&post=37563"},{"taxonomy":"post_tag","embeddable":true,"href":"https:\/\/diariodominicano.com\/index.php?rest_route=%2Fwp%2Fv2%2Ftags&post=37563"}],"curies":[{"name":"wp","href":"https:\/\/api.w.org\/{rel}","templated":true}]}}