{"id":37561,"date":"2007-01-11T15:17:00","date_gmt":"2007-01-11T15:17:00","guid":{"rendered":"http:\/\/diariodominicano.ddns.net\/?p=37561"},"modified":"2007-01-11T15:17:00","modified_gmt":"2007-01-11T15:17:00","slug":"los-temas-de-teledebate-35","status":"publish","type":"post","link":"https:\/\/diariodominicano.com\/?p=37561","title":{"rendered":"LOS TEMAS DE TELEDEBATE"},"content":{"rendered":"<p><body><\/p>\n<p class=\"titulogrande1\">LOS TEMAS DE TELEDEBATE<\/p>\n<p>&#13;<\/p>\n<p align=\"justify\"><strong>EXTRA\u00d1A ALIANZA.\u00a0<\/strong> <span class=\"text1noticias\">Ni siquiera entre los especimenes m\u00e0s  cavernarios de nuestra clase pol\u00edtica se ha producido mayor intercambio de  imputaciones, insultos y descalificaciones que entre Juan Hubieres, el timonel  de FENATRADO y Antonio Marte, el cabecilla de CONATRA. Ambos se han tirado duro  y a la cabeza.\u00a0 Si las palabras tuvieran  el efecto letal de las balas, hace rato que ambos se hubiesen liquidado el uno  al otro.\u00a0 Pero aparentemente\u00a0 ahora en\u00a0  ellos se puede parafrasear la expresi\u00f2n de que \u201cla necesidad tiene cara  de hereje\u201d, aunque en su caso, en que se descarta que ninguno est\u00e8 necesitado  ya que son pr\u00f3speros empresarios del transporte, valdr\u00eda decir que se trata de  \u201cinter\u00e9s\u201d.\u00a0 La noticia sorpresa de ayer,  divulgada hoy en la prensa matutina, es la extra\u00f1a alianza que han hecho ambos  para anunciar que no aumentar\u00e0n los precios de los pasajes en las respectivas  rutas que controlan que es casi todo el pa\u00ecs, pero al tiempo de reclamar del  gobierno nada menos que un subsidio de diecisiete pesos por pasajero.\u00a0 No hay que decir que la cantidad resultante  desaf\u00eca todos los ceros de las calculadoras de uso com\u00f9n, sin que aporten la  menor idea de c\u00f2mo el gobierno que enfrenta las presiones del Fondo Monetario  para eliminar los subsidios, pudiera abocarse a buscar una suma tal.\u00a0 La amenaza, en caso de no recibir una  respuesta favorable de las autoridades, ser\u00eca promover una huelga general del  transporte que seguramente contar\u00eca tambi\u00e8n con el decidido apoyo de Ram\u00f2n  P\u00e9rez Figuereo, frustado organizador de un paro general de dos d\u00ecas el pasado  noviembre, que incluy\u00f2 una original e interrumpida demostraci\u00f3n en burros  frente al Palacio Nacional.\u00a0 <br \/>&#13;<br \/>\n  <br \/>&#13;<br \/>\n      <strong>CRIMINALIZACION DEL  FRAUDE.\u00a0 <\/strong>No hay dudas de que el sistema  el\u00e9ctrico nacional, al igual que ning\u00f9n otro servicio p\u00f9blico, puede  sustentarse si no se paga por su uso.\u00a0  Todos los estudios que se han llevado a cabo hasta el presente por  expertos nacionales y tra\u00ecdos de fuera, confirman que las distribuidoras apenas  est\u00e0n cobrando algo m\u00e0s del cincuenta por ciento de la energ\u00eda que  facturan.\u00a0 Si alta es todav\u00eca la evasi\u00f3n  fiscal, mucho m\u00e0s lo es el fraude el\u00e9ctrico.\u00a0  El perjuicio es m\u00faltiple: las distribuidoras acusan un d\u00e9ficit permanente  en el flujo de caja, el Estado est\u00e0 obligado a erogar elevados subsidios para  sustentar a duras penas un sistema deficiente y caro,\u00a0 los usuarios dom\u00e8sticos que pagan deben  afrontar una factura desproporcionada mes tras mes que consume buena parte del  ingreso familiar y los sectores productivos ver elevados\u00a0 sus costos operacionales y reducidos sus  niveles de competitividad. Se justifica pues la criminalizaci\u00f2n del fraude  el\u00e9ctrico, sobre todo tomando en cuenta que el grueso de la evasi\u00f3n corresponde  a sectores altos y medios.\u00a0 Pero la otra  cara de la moneda que nos recuerda el ex senador pelede\u00ecsta Jos\u00e8 Tom\u00e0s P\u00e9rez,  es la posibilidad de que la legislaci\u00f3n sea aplicada con esp\u00edritu  discriminatorio y se convierta en un instrumento de abuso y presi\u00f3n sobre los  sectores menos favorecidos de la poblaci\u00f3n. El aspirante a la nominaci\u00f3n  presidencial por el partido morado plantea asimismo que se establezcan tambi\u00e8n  sanciones contra las distribuidoras y tal como figura en la propia legislaci\u00f3n  que norma el sector, se les obligue a indemnizar a los usuarios por los da\u00f1os y  perjuicios provocados por los apagones. <br \/>&#13;<br \/>\n<br \/>&#13;<br \/>\nEl monto acumulado por este concepto  desaf\u00eca la l\u00f3gica y tambi\u00e8n las posibilidades de pago.\u00a0 Esto lo ha dicho por lo claro el  Superintendente de Electricidad.\u00a0 Pero si  bien puede existir ahora mismo la imposibilidad real de honrar ese monto, por  lo menos los usuarios deben tener derecho a que esa situaci\u00f2n comience a  corregirse de aqu\u00ec en lo adelante.\u00a0 Si  vamos a hacer cuenta nueva, lo correcto es hacerlo para ambas partes.<\/span><\/p>\n<p>&#13;<\/p>\n<p align=\"justify\" class=\"text1noticias\"><strong>EL DISCURSO DE SUBERO.\u00a0<\/strong> El discurso del Presidente de la Suprema Corte de  Justicia el pasado domingo en ocasi\u00f3n de la inauguraci\u00f3n del A\u00f1o Judicial, ha  dejado ronchas y sobre todo mucha tela donde cortar.\u00a0 Subero di\u00f2 un golpe maestro al poner su cargo  a disposici\u00f2n del Consejo Nacional de la Magistratura a fin de  que se eval\u00f9e su actuaci\u00f3n y en base al resultado de la misma se abra la  posibilidad de confirmarlo en el cargo.\u00a0  El magistrado reconoce que todav\u00eca la Reforma del Poder Judicial tiene un largo trecho  por recorrer en lo que califica la segunda ola para lo cual plantea una serie  de propuestas igualmente interesantes, entre \u00e8stas la escogencia de los  magistrados por diez a\u00f1os, la posibilidad de permanecer en el cargo en base a  la evaluaci\u00f3n de su gesti\u00f3n durante ese tiempo y el retiro autom\u00e1tico a los setenta  y cinco a\u00f1os de edad pasando a la condici\u00f3n de asesor, a fin de aprovechar su  experiencia y conocimientos jur\u00eddicos.\u00a0  Son varias entre otras sugerencias que hizo en su combativo y bien  estructurado discurso que ha tra\u00eddo como consecuencia, diversas manifestaciones  p\u00f9blicas de juristas de apoyo a que contin\u00f9e al frente de la Suprema Corte.<\/p>\n<p>&#13;<\/p>\n<h6> 2007-01-11 15:17:00 <\/h6>\n<p><!--\n<link rel=\"stylesheet\" href=\"css\/bootstrap.min.css\">\n\n\n<ul class=\"pagination\">\n\t    \n\t\n\n<li >\n\t<a href='?page_no=13310'>Previous<\/a>\n\t<\/li>\n\n\n       \n    \n\n<li><a href='?page_no=1'>1<\/a><\/li>\n\n\n\n<li><a href='?page_no=2'>2<\/a><\/li>\n\n\n\n<li><a>...<\/a><\/li>\n\n\n\n<li><a href='?page_no=13309'>13309<\/a><\/li>\n\n\n\n<li><a href='?page_no=13310'>13310<\/a><\/li>\n\n\n\n<li class='active'><a>13311<\/a><\/li>\n\n\n\n<li><a href='?page_no=13312'>13312<\/a><\/li>\n\n\n\n<li><a href='?page_no=13313'>13313<\/a><\/li>\n\n\n\n<li><a>...<\/a><\/li>\n\n\n\n<li><a href='?page_no=13611'>13611<\/a><\/li>\n\n\n\n<li><a href='?page_no=13612'>13612<\/a><\/li>\n\n    \n\t\n\n<li >\n\t<a href='?page_no=13312'>Next<\/a>\n\t<\/li>\n\n\n    \n\n<li><a href='?page_no=13612'>Last &rsaquo;&rsaquo;<\/a><\/li>\n\n<\/ul>\n\n\n--><br \/>\n<\/body><\/p>\n","protected":false},"excerpt":{"rendered":"<p>LOS TEMAS DE TELEDEBATE &#13; EXTRA\u00d1A ALIANZA.\u00a0 Ni siquiera entre los especimenes m\u00e0s cavernarios de nuestra clase pol\u00edtica se ha producido mayor intercambio de imputaciones, insultos y descalificaciones que entre Juan Hubieres, el timonel de FENATRADO y Antonio Marte, el cabecilla de CONATRA. Ambos se han tirado duro y a la cabeza.\u00a0 Si las palabras [&hellip;]<\/p>\n","protected":false},"author":3,"featured_media":0,"comment_status":"open","ping_status":"open","sticky":false,"template":"","format":"standard","meta":{"footnotes":""},"categories":[16],"tags":[],"class_list":["post-37561","post","type-post","status-publish","format-standard","hentry","category-opiniones"],"_links":{"self":[{"href":"https:\/\/diariodominicano.com\/index.php?rest_route=\/wp\/v2\/posts\/37561","targetHints":{"allow":["GET"]}}],"collection":[{"href":"https:\/\/diariodominicano.com\/index.php?rest_route=\/wp\/v2\/posts"}],"about":[{"href":"https:\/\/diariodominicano.com\/index.php?rest_route=\/wp\/v2\/types\/post"}],"author":[{"embeddable":true,"href":"https:\/\/diariodominicano.com\/index.php?rest_route=\/wp\/v2\/users\/3"}],"replies":[{"embeddable":true,"href":"https:\/\/diariodominicano.com\/index.php?rest_route=%2Fwp%2Fv2%2Fcomments&post=37561"}],"version-history":[{"count":0,"href":"https:\/\/diariodominicano.com\/index.php?rest_route=\/wp\/v2\/posts\/37561\/revisions"}],"wp:attachment":[{"href":"https:\/\/diariodominicano.com\/index.php?rest_route=%2Fwp%2Fv2%2Fmedia&parent=37561"}],"wp:term":[{"taxonomy":"category","embeddable":true,"href":"https:\/\/diariodominicano.com\/index.php?rest_route=%2Fwp%2Fv2%2Fcategories&post=37561"},{"taxonomy":"post_tag","embeddable":true,"href":"https:\/\/diariodominicano.com\/index.php?rest_route=%2Fwp%2Fv2%2Ftags&post=37561"}],"curies":[{"name":"wp","href":"https:\/\/api.w.org\/{rel}","templated":true}]}}