{"id":375585,"date":"2022-08-12T15:55:52","date_gmt":"2022-08-12T19:55:52","guid":{"rendered":"http:\/\/diariodominicano.com\/?p=375585"},"modified":"2022-08-12T15:58:31","modified_gmt":"2022-08-12T19:58:31","slug":"luis-de-leon-pld-sugiere-tributo-a-hostos-en-sede-nacional-del-pld","status":"publish","type":"post","link":"https:\/\/diariodominicano.com\/?p=375585","title":{"rendered":"Luis de Le\u00f3n PLD sugiere tributo a Hostos en sede nacional del PLD"},"content":{"rendered":"\n<p><\/p>\n\n\n\n<p><em>Luis de Le\u00f3n llama al pueblo a recordar y a emular a&nbsp;&nbsp;Eugenio Mar\u00eda de Hostos en momentos de crisis y de incertidumbre social<\/em><\/p>\n\n\n\n<p>Luis de Le\u00f3n a nombre personal y de la&nbsp;&nbsp;Fuerza Boschista, estructura&nbsp;&nbsp;de respaldo al Partido de la Liberaci\u00f3n Dominicana (PLD),&nbsp;&nbsp;al conmemorarse el 119 aniversario del fallecimiento del patriota y educador Eugenio Mar\u00eda de Hostos, hace un llamado&nbsp;&nbsp;a la naci\u00f3n para que honre su memoria hist\u00f3rica en momentos de crisis econ\u00f3mica y social e incertidumbre mundial, en virtud de la pandemia, la guerra y la inversi\u00f3n de valores.<\/p>\n\n\n\n<p>Hostos, el ciudadano de Am\u00e9rica, y padre de la educaci\u00f3n dominicana, muri\u00f3 un 11 de agosto de 1903 y naci\u00f3 precisamente un 11 de enero del a\u00f1o 1839. Es de origen puertorrique\u00f1o, aunque sus restos descansan en el Pante\u00f3n de la Patria, de nuestro pa\u00eds, en raz\u00f3n de que en su testamento dej\u00f3 establecido que \u201csu cuerpo y esp\u00edritu aguarden en Santo Domingo hasta tanto nuestro Puerto Rico querido sea libre e independiente del imperio norteamericano\u201d.<\/p>\n\n\n\n<p>El profesor Luis De Le\u00f3n en homenaje a Hostos, en calidad de educador y dirigente del PLD encabez\u00f3&nbsp;&nbsp;una ofrenda floral en el busto del Profesor Juan Bosch en los jardines de la Casa Nacional del PLD.&nbsp;&nbsp;Destacando del fundador del PLD su calidad de principal promotor de las ideas y doctrina de Hostos<\/p>\n\n\n\n<p>\u201cA dos a\u00f1os del gobierno del presidente Luis Abinader, el pueblo y la sociedad viven inmerso en una crisis econ\u00f3mica con una inflaci\u00f3n&nbsp;&nbsp;muy cercana a los dos&nbsp;&nbsp;d\u00edgitos, violencia, apagones, desempleo y retroceso social en los servicios, el comercio, la salud y sobre todo la educaci\u00f3n, por la cual hizo un llamado a la unidad de la familia dominicana y todos los sectores sociales, para evitar en el pa\u00eds un estado de ingobernabilidad o de confrontaci\u00f3n nacional.<\/p>\n\n\n\n<p>Finalmente, el Profesor Le\u00f3n llam\u00f3 a la alta direcci\u00f3n pol\u00edtica de su partido a que el pr\u00f3ximo 11 de enero del 2023 aniversario del nacimiento de Eugenio Matus de Hostos, construya o se erija un memorial o busto\u00a0\u00a0al maestro Eugenio Mar\u00eda\u00a0\u00a0Hostos en los jardines de la casa nacional y al lado de su disc\u00edpulo el Profesor Juan Bosch, en virtud de que el autor del libro, La Moral Social, vivi\u00f3 en lo que es hoy la avenida Independencia en las proximidades de la\u00a0\u00a0Casa Nacional del PLD Reinaldo Pared P\u00e9rez, en Gascue.<\/p>\n\n\n\n<figure class=\"wp-block-image\"><img decoding=\"async\" src=\"https:\/\/lh3.googleusercontent.com\/a-\/AFdZucr7AZRTEtAmv6rmjkdc5LsGJI9hHRQihIVk5YDXFw=s64-p-k-rw-no\" alt=\"Foto de perfil\"\/><\/figure>\n\n\n\n<p>SECOM PLD<a target=\"_blank\" href=\"mailto:sec.com.pld@gmail.com\" rel=\"noreferrer noopener\">sec.com.pld@gmail.com<\/a><\/p>\n\n\n\n<p><strong>SECRETARIA DE COMUNICACIONES<\/strong><\/p>\n\n\n\n<p><strong>12 AGOSTO 2022<\/strong><\/p>\n","protected":false},"excerpt":{"rendered":"<p>Luis de Le\u00f3n llama al pueblo a recordar y a emular a&nbsp;&nbsp;Eugenio Mar\u00eda de Hostos en momentos de crisis y de incertidumbre social Luis de Le\u00f3n a nombre personal y de la&nbsp;&nbsp;Fuerza Boschista, estructura&nbsp;&nbsp;de respaldo al Partido de la Liberaci\u00f3n Dominicana (PLD),&nbsp;&nbsp;al conmemorarse el 119 aniversario del fallecimiento del patriota y educador Eugenio Mar\u00eda de [&hellip;]<\/p>\n","protected":false},"author":2,"featured_media":375586,"comment_status":"closed","ping_status":"","sticky":true,"template":"","format":"standard","meta":{"footnotes":""},"categories":[26,27],"tags":[],"class_list":["post-375585","post","type-post","status-publish","format-standard","has-post-thumbnail","hentry","category-efemerides","category-portada"],"_links":{"self":[{"href":"https:\/\/diariodominicano.com\/index.php?rest_route=\/wp\/v2\/posts\/375585","targetHints":{"allow":["GET"]}}],"collection":[{"href":"https:\/\/diariodominicano.com\/index.php?rest_route=\/wp\/v2\/posts"}],"about":[{"href":"https:\/\/diariodominicano.com\/index.php?rest_route=\/wp\/v2\/types\/post"}],"author":[{"embeddable":true,"href":"https:\/\/diariodominicano.com\/index.php?rest_route=\/wp\/v2\/users\/2"}],"replies":[{"embeddable":true,"href":"https:\/\/diariodominicano.com\/index.php?rest_route=%2Fwp%2Fv2%2Fcomments&post=375585"}],"version-history":[{"count":2,"href":"https:\/\/diariodominicano.com\/index.php?rest_route=\/wp\/v2\/posts\/375585\/revisions"}],"predecessor-version":[{"id":375588,"href":"https:\/\/diariodominicano.com\/index.php?rest_route=\/wp\/v2\/posts\/375585\/revisions\/375588"}],"wp:featuredmedia":[{"embeddable":true,"href":"https:\/\/diariodominicano.com\/index.php?rest_route=\/wp\/v2\/media\/375586"}],"wp:attachment":[{"href":"https:\/\/diariodominicano.com\/index.php?rest_route=%2Fwp%2Fv2%2Fmedia&parent=375585"}],"wp:term":[{"taxonomy":"category","embeddable":true,"href":"https:\/\/diariodominicano.com\/index.php?rest_route=%2Fwp%2Fv2%2Fcategories&post=375585"},{"taxonomy":"post_tag","embeddable":true,"href":"https:\/\/diariodominicano.com\/index.php?rest_route=%2Fwp%2Fv2%2Ftags&post=375585"}],"curies":[{"name":"wp","href":"https:\/\/api.w.org\/{rel}","templated":true}]}}