{"id":37558,"date":"2007-01-11T15:29:34","date_gmt":"2007-01-11T15:29:34","guid":{"rendered":"http:\/\/diariodominicano.ddns.net\/?p=37558"},"modified":"2007-01-11T15:29:34","modified_gmt":"2007-01-11T15:29:34","slug":"una-conciencia-que-acusa","status":"publish","type":"post","link":"https:\/\/diariodominicano.com\/?p=37558","title":{"rendered":"Una conciencia que acusa"},"content":{"rendered":"<p><body><\/p>\n<p align=\"justify\"><strong><em>10 de Enero, 2007.<\/em><\/strong> <br \/>&#13;<br \/>\n  <br \/>&#13;<br \/>\n    <em>\u201cLos discursos inspiran menos  confianza <\/em> <br \/>&#13;<br \/>\n    <em>que las acciones\u201d.<\/em> <br \/>&#13;<br \/>\n    <br \/>&#13;<br \/>\n    <em class=\"textogrande\">(Arist\u00f3teles)<\/em><br \/>&#13;<br \/>\n    <br \/>&#13;<br \/>\n  <strong class=\"titulogrande1\">Una  conciencia que acusa<\/strong> <br \/>&#13;<br \/>\n    <br \/>&#13;<br \/>\n    <span class=\"text1noticias\">Al  parecer, existe en algunos legisladores oficialistas una conciencia que acusa. <br \/>&#13;<br \/>\n    <br \/>&#13;<br \/>\n    Esta  afirmaci\u00f3n viene por el hecho de que, pese a aprobar el Presupuesto General de la Naci\u00f3n y pr\u00e9stamos para el  Metro, algunos de ellos hicieron \u201cllamados a la reflexi\u00f3n\u201d.<br \/>&#13;<br \/>\n    <br \/>&#13;<br \/>\n  A modo de  ejemplo, <strong>El\u00edas Serulle<\/strong>, (vocero de los diputados del <strong>PLD<\/strong>) se\u00f1al\u00f3 que resulta penoso que una pieza de tanta trascendencia para el  destino de un pa\u00eds como lo es el presupuesto, no sea analizada a profundidad. Y  a\u00f1adi\u00f3 que \u00abaqu\u00ed, y que lo sepa el  pueblo, los diputados, los senadores no  aprobamos presupuesto, eso no es lo que hacemos, votamos que si o que no,  porque no lo hacemos, ni lo discutimos\u00bb,  asegur\u00f3 Serulle.<br \/>&#13;<br \/>\n  <br \/>&#13;<br \/>\n  Incluso expres\u00f3 que los  presupuestos todos son \u201ciguales de malos\u201d.<br \/>&#13;<br \/>\n  <br \/>&#13;<br \/>\n  <strong>Pelegr\u00edn Castillo<\/strong>, de la <strong>Fuerza Nacional Progresista<\/strong>, aliada tradicional del PLD, afirm\u00f3  que el Metro no debi\u00f3 merecer la prioridad dada  por el Poder Ejecutivo.<br \/>&#13;<br \/>\n  <br \/>&#13;<br \/>\n  <strong>Miguel  Bejar\u00e1n<\/strong>, del <strong>PLD por Montecristi<\/strong>,  afirm\u00f3 que vot\u00f3 por el Metro con el dolor de su  alma, ya que resulta penoso que mientras esa obra se lleva tantos recursos en  muchas provincias existen decenas paralizadas. A  su modo de ver, no se concibe que todos los proyectos de importancia se  concentrne en la capital.<br \/>&#13;<br \/>\n  <br \/>&#13;<br \/>\n  <strong>Francisco  Dom\u00ednguez Brito<\/strong>, Senador del <strong>PLD por Santiago<\/strong>,  critic\u00f3 a los congresistas que levantan las manos para aprobar proyectos que no  conocen, como el caso del presupuesto del Senado para 2007. El legislador  santiaguense intent\u00f3 convencer a sus colegas de que se cometer\u00eda una grave  irregularidad si se aprobaba un texto que no se conoc\u00eda y se hab\u00eda sometido al  debate de los senadores. El presidente del Senado, <strong>Reinaldo Pared P\u00e9rez<\/strong>,  dijo que el presupuesto de la   C\u00e1mara Alta no ameritaba discusi\u00f3n porque se trataba del  mismo del a\u00f1o pasado.<br \/>&#13;<br \/>\n  <br \/>&#13;<br \/>\n\u201cCada  senador deber\u00eda tener conciencia plena de lo que est\u00e1 aprobando\u201d, expres\u00f3  Dom\u00ednguez Brito y a\u00f1adi\u00f3: \u201clevantar la mano sin  saber lo que se ha hecho, lo que se ha le\u00eddo, es un acto de irresponsabilidad\u201d (Clave Digital).<br \/>&#13;<br \/>\n<br \/>&#13;<br \/>\n  <em>Pese a esta conciencia que acusa recuerdo  como mi abuela se\u00f1alaba que no bastan las buenas intenciones y hasta llegaba a  afirmar que de bien intencionados est\u00e1 lleno el camino del infierno.<\/em> <br \/>&#13;<br \/>\n  <br \/>&#13;<br \/>\n  <\/span><span class=\"textogrande\">Milton Tejada C.<\/span><\/p>\n<p>&#13;<\/p>\n<div align=\"justify\" class=\"text1noticias\"><a href=\"mailto:tejadamilton@yahoo.com\">tejadamilton@yahoo.com<\/a><br \/>&#13;\n<\/div>\n<p>&#13;<\/p>\n<h6> 2007-01-11 15:29:34 <\/h6>\n<p><!--\n<link rel=\"stylesheet\" href=\"css\/bootstrap.min.css\">\n\n\n<ul class=\"pagination\">\n\t    \n\t\n\n<li >\n\t<a href='?page_no=13308'>Previous<\/a>\n\t<\/li>\n\n\n       \n    \n\n<li><a href='?page_no=1'>1<\/a><\/li>\n\n\n\n<li><a href='?page_no=2'>2<\/a><\/li>\n\n\n\n<li><a>...<\/a><\/li>\n\n\n\n<li><a href='?page_no=13307'>13307<\/a><\/li>\n\n\n\n<li><a href='?page_no=13308'>13308<\/a><\/li>\n\n\n\n<li class='active'><a>13309<\/a><\/li>\n\n\n\n<li><a href='?page_no=13310'>13310<\/a><\/li>\n\n\n\n<li><a href='?page_no=13311'>13311<\/a><\/li>\n\n\n\n<li><a>...<\/a><\/li>\n\n\n\n<li><a href='?page_no=13611'>13611<\/a><\/li>\n\n\n\n<li><a href='?page_no=13612'>13612<\/a><\/li>\n\n    \n\t\n\n<li >\n\t<a href='?page_no=13310'>Next<\/a>\n\t<\/li>\n\n\n    \n\n<li><a href='?page_no=13612'>Last &rsaquo;&rsaquo;<\/a><\/li>\n\n<\/ul>\n\n\n--><br \/>\n<\/body><\/p>\n","protected":false},"excerpt":{"rendered":"<p>10 de Enero, 2007. &#13; &#13; \u201cLos discursos inspiran menos confianza &#13; que las acciones\u201d. &#13; &#13; (Arist\u00f3teles)&#13; &#13; Una conciencia que acusa &#13; &#13; Al parecer, existe en algunos legisladores oficialistas una conciencia que acusa. &#13; &#13; Esta afirmaci\u00f3n viene por el hecho de que, pese a aprobar el Presupuesto General de la Naci\u00f3n [&hellip;]<\/p>\n","protected":false},"author":3,"featured_media":0,"comment_status":"open","ping_status":"open","sticky":false,"template":"","format":"standard","meta":{"footnotes":""},"categories":[16],"tags":[],"class_list":["post-37558","post","type-post","status-publish","format-standard","hentry","category-opiniones"],"_links":{"self":[{"href":"https:\/\/diariodominicano.com\/index.php?rest_route=\/wp\/v2\/posts\/37558","targetHints":{"allow":["GET"]}}],"collection":[{"href":"https:\/\/diariodominicano.com\/index.php?rest_route=\/wp\/v2\/posts"}],"about":[{"href":"https:\/\/diariodominicano.com\/index.php?rest_route=\/wp\/v2\/types\/post"}],"author":[{"embeddable":true,"href":"https:\/\/diariodominicano.com\/index.php?rest_route=\/wp\/v2\/users\/3"}],"replies":[{"embeddable":true,"href":"https:\/\/diariodominicano.com\/index.php?rest_route=%2Fwp%2Fv2%2Fcomments&post=37558"}],"version-history":[{"count":0,"href":"https:\/\/diariodominicano.com\/index.php?rest_route=\/wp\/v2\/posts\/37558\/revisions"}],"wp:attachment":[{"href":"https:\/\/diariodominicano.com\/index.php?rest_route=%2Fwp%2Fv2%2Fmedia&parent=37558"}],"wp:term":[{"taxonomy":"category","embeddable":true,"href":"https:\/\/diariodominicano.com\/index.php?rest_route=%2Fwp%2Fv2%2Fcategories&post=37558"},{"taxonomy":"post_tag","embeddable":true,"href":"https:\/\/diariodominicano.com\/index.php?rest_route=%2Fwp%2Fv2%2Ftags&post=37558"}],"curies":[{"name":"wp","href":"https:\/\/api.w.org\/{rel}","templated":true}]}}