{"id":37557,"date":"2007-01-11T15:34:00","date_gmt":"2007-01-11T15:34:00","guid":{"rendered":"http:\/\/diariodominicano.ddns.net\/?p=37557"},"modified":"2007-01-11T15:34:00","modified_gmt":"2007-01-11T15:34:00","slug":"el-tiro-rapido-451","status":"publish","type":"post","link":"https:\/\/diariodominicano.com\/?p=37557","title":{"rendered":"EL TIRO RAPIDO"},"content":{"rendered":"<p><body><\/p>\n<h1 align=\"center\">EL TIRO RAPIDO<\/h1>\n<p>&#13;<\/p>\n<p align=\"center\" class=\"textogrande\">de<br \/>&#13;<br \/>\n  <br \/>&#13;<br \/>\nMario  Rivadulla<\/p>\n<p>&#13;<\/p>\n<p align=\"justify\" class=\"text1noticias\">No vamos a restar m\u00e8ritos y justificaci\u00f3n a los escr\u00fapulos  legalistas de reconocidos juristas que sostienen que la resoluci\u00f3n emitida por la Secretar\u00eca de Estado de  Interior y Polic\u00eca prohibiendo el consumo de bebidas alcoh\u00f3licas en veh\u00edculos  de motor constituye una extralimitaci\u00f3n de esa dependencia y es violatoria de la Constituci\u00f3n.<\/p>\n<p>&#13;<\/p>\n<p align=\"justify\" class=\"text1noticias\">En base a ese razonamiento, abogados consultados estiman  que ciudadanos a los cuales pudiera aplic\u00e1rseles dicha resoluci\u00f3n estar\u00ecan en  facultad de apelar ante un juez de amparo argumentando violaci\u00f2n a aus  derechos. M\u00e0s a\u00f9n: consideran que el funcionario titular de Interior y Polic\u00eca  pudiera ser pasible de una acci\u00f2n legal por usurpaci\u00f3n de funciones y asimismo  ver comprometida su responsabilidad civil.<\/p>\n<p>&#13;<\/p>\n<p align=\"justify\" class=\"text1noticias\">Es posible que esto sea cierto, aunque poco probable que  en la pr\u00e0ctica se llevasen a cabo acciones de esta naturaleza. <\/p>\n<p>&#13;<\/p>\n<p align=\"justify\" class=\"text1noticias\">De que la medida en cuesti\u00f3n adoptada por Interior y  Polic\u00eca est\u00e0 sobradamente justificada, no hay margen a dudas.\u00a0 Los accidentes vehiculares constituyen la  principal causa de muerte violenta en el pa\u00ecs desde hace muchos a\u00f1os, y ese  poco estimable liderazgo se incrementa de continuo.\u00a0 Estamos hablando de miles de vidas que se  pierden cada a\u00f1o como consecuencia de las colisiones de tr\u00e0nsito y las v\u00ecctimas  peatonales.<\/p>\n<p>&#13;<\/p>\n<p align=\"justify\" class=\"text1noticias\">Una gran parte de estos hechos est\u00e0n vinculados a la  ingesta excesiva de alcohol.\u00a0 No  obstante, las campa\u00f1as que se llevan a cabo y las reiteradas advertencias de  las autoridades y a trav\u00e8s de los medios de comunicaci\u00f3n, en particular en  \u00e8pocas festivas, para evitar la mezcla de alcohol con gasolina, son muchos los  conductores que desoyen las mismas.\u00a0 Su  indiferencia ante el reclamo, en no pocos casos conduce a situaciones tr\u00e1gicas  que les cuestan la propia vida y la de muchas otras personas.<\/p>\n<p>&#13;<\/p>\n<p align=\"justify\" class=\"text1noticias\">Es encomiable por lo tanto, el celo de la autoridad para  tratar de reducir al m\u00ednimo el riesgo de accidentes fatales en el tr\u00e0nsito a  causa de conductores irresponsables y pasados de tragos.\u00a0 Y ni que decir que cuenta con todo el apoyo  de TELEDEBATE, donde desde siempre hemos venido alertando sobre la interminable  y creciente sangr\u00eca que representan los accidentes vehiculares,\u00a0 sin provocar mayores estremecimientos en  nuestra sociedad ni una preocupaci\u00f2n consistente de las autoridades por  reducirlos. <\/p>\n<p>&#13;<\/p>\n<p align=\"justify\" class=\"text1noticias\">Pero de todos modos, convenimos\u00a0 que en caso de que\u00a0 la resoluci\u00f3n de Interior y Polic\u00eca presente  fisuras\u00a0 o carencias de sustentaci\u00f3n  legal tal como se cuestiona, se crea una situaci\u00f2n que debe ser corregida.<\/p>\n<p>&#13;<\/p>\n<p align=\"justify\" class=\"text1noticias\">Por suerte, ahora mismo se ha sometido en la C\u00e0mara de Diputados la  modificaci\u00f3n a la ley 241 que norma el tr\u00e0nsito.\u00a0 Y entre los cambios propuestos, figura la  prohibici\u00f3n de conducir en estado de ebriedad o de llevar bebidas alcoh\u00f3licas  en los veh\u00edculos as\u00ec como estupefacientes, entre otras medidas que esperamos  incluyan fuertes sanciones a los violadores.<\/p>\n<p>&#13;<\/p>\n<p align=\"justify\" class=\"text1noticias\">Ya en ocasi\u00f3n anterior el diputado Pelegr\u00ecn Castillo logr\u00f2  que la legislaci\u00f3n fuese modificada para endurecer sus disposiciones y  penalidades.\u00a0 Conseguirlo le cost\u00f2 una  persistente labor de varios a\u00f1os en los cuales tuvo que enfrentar fuertes  intereses creados, precisamente de aquellos sectores choferiles que son  responsables e la mayor proporci\u00f2n de accidentes vehiculares.<\/p>\n<p>&#13;<\/p>\n<p align=\"justify\" class=\"text1noticias\">El proyecto de modificaci\u00f3n actual es de la autor\u00eca del  diputado reformista Ito Bison\u00f2,\u00a0 y a\u00f9n  cuando todav\u00eca el cuerpo cameral no se ha abocado a su conocimiento debido a  otras piezas de m\u00e0s inmediata prioridad, como han sido la Rectificaci\u00f3n Fiscal  y el Presupuesto, es de esperar que su estudio y aprobaci\u00f3n no se dilate.<\/p>\n<p>&#13;<\/p>\n<p align=\"justify\" class=\"text1noticias\">Mientras tanto, pensamos que podemos hacer un poco la  vista gorda desde el punto de vista estricamente legal ante la resoluci\u00f3n de  Interior y Polic\u00eca.\u00a0 que no persigue otra  finalidad que preservar vidas humanas frente a un problema de tanta  trascendencia como es la frecuencia de los accidentes vehiculares y la cantidad  de v\u00ecctimas y cuantiosos da\u00f1os que provocan.<\/p>\n<p>&#13;<\/p>\n<p align=\"justify\" class=\"text1noticias\">Esto as\u00ec, siempre y cuando la misma sea aplicada con  prudencia, sin excesos, abusos ni privilegios.<\/p>\n<p>&#13;<\/p>\n<h6> 2007-01-11 15:34:00 <\/h6>\n<p><!--\n<link rel=\"stylesheet\" href=\"css\/bootstrap.min.css\">\n\n\n<ul class=\"pagination\">\n\t    \n\t\n\n<li >\n\t<a href='?page_no=13307'>Previous<\/a>\n\t<\/li>\n\n\n       \n    \n\n<li><a href='?page_no=1'>1<\/a><\/li>\n\n\n\n<li><a href='?page_no=2'>2<\/a><\/li>\n\n\n\n<li><a>...<\/a><\/li>\n\n\n\n<li><a href='?page_no=13306'>13306<\/a><\/li>\n\n\n\n<li><a href='?page_no=13307'>13307<\/a><\/li>\n\n\n\n<li class='active'><a>13308<\/a><\/li>\n\n\n\n<li><a href='?page_no=13309'>13309<\/a><\/li>\n\n\n\n<li><a href='?page_no=13310'>13310<\/a><\/li>\n\n\n\n<li><a>...<\/a><\/li>\n\n\n\n<li><a href='?page_no=13611'>13611<\/a><\/li>\n\n\n\n<li><a href='?page_no=13612'>13612<\/a><\/li>\n\n    \n\t\n\n<li >\n\t<a href='?page_no=13309'>Next<\/a>\n\t<\/li>\n\n\n    \n\n<li><a href='?page_no=13612'>Last &rsaquo;&rsaquo;<\/a><\/li>\n\n<\/ul>\n\n\n--><br \/>\n<\/body><\/p>\n","protected":false},"excerpt":{"rendered":"<p>EL TIRO RAPIDO &#13; de&#13; &#13; Mario Rivadulla &#13; No vamos a restar m\u00e8ritos y justificaci\u00f3n a los escr\u00fapulos legalistas de reconocidos juristas que sostienen que la resoluci\u00f3n emitida por la Secretar\u00eca de Estado de Interior y Polic\u00eca prohibiendo el consumo de bebidas alcoh\u00f3licas en veh\u00edculos de motor constituye una extralimitaci\u00f3n de esa dependencia y [&hellip;]<\/p>\n","protected":false},"author":3,"featured_media":0,"comment_status":"open","ping_status":"open","sticky":false,"template":"","format":"standard","meta":{"footnotes":""},"categories":[16],"tags":[],"class_list":["post-37557","post","type-post","status-publish","format-standard","hentry","category-opiniones"],"_links":{"self":[{"href":"https:\/\/diariodominicano.com\/index.php?rest_route=\/wp\/v2\/posts\/37557","targetHints":{"allow":["GET"]}}],"collection":[{"href":"https:\/\/diariodominicano.com\/index.php?rest_route=\/wp\/v2\/posts"}],"about":[{"href":"https:\/\/diariodominicano.com\/index.php?rest_route=\/wp\/v2\/types\/post"}],"author":[{"embeddable":true,"href":"https:\/\/diariodominicano.com\/index.php?rest_route=\/wp\/v2\/users\/3"}],"replies":[{"embeddable":true,"href":"https:\/\/diariodominicano.com\/index.php?rest_route=%2Fwp%2Fv2%2Fcomments&post=37557"}],"version-history":[{"count":0,"href":"https:\/\/diariodominicano.com\/index.php?rest_route=\/wp\/v2\/posts\/37557\/revisions"}],"wp:attachment":[{"href":"https:\/\/diariodominicano.com\/index.php?rest_route=%2Fwp%2Fv2%2Fmedia&parent=37557"}],"wp:term":[{"taxonomy":"category","embeddable":true,"href":"https:\/\/diariodominicano.com\/index.php?rest_route=%2Fwp%2Fv2%2Fcategories&post=37557"},{"taxonomy":"post_tag","embeddable":true,"href":"https:\/\/diariodominicano.com\/index.php?rest_route=%2Fwp%2Fv2%2Ftags&post=37557"}],"curies":[{"name":"wp","href":"https:\/\/api.w.org\/{rel}","templated":true}]}}