{"id":37556,"date":"2007-01-11T15:47:28","date_gmt":"2007-01-11T15:47:28","guid":{"rendered":"http:\/\/diariodominicano.ddns.net\/?p=37556"},"modified":"2007-01-11T15:47:28","modified_gmt":"2007-01-11T15:47:28","slug":"kiva-de-amigo-a-hermano-mayor","status":"publish","type":"post","link":"https:\/\/diariodominicano.com\/?p=37556","title":{"rendered":"Kiva : de amigo a hermano mayor"},"content":{"rendered":"<p><body><\/p>\n<p class=\"titulogrande1\"><strong><em>Testimonios  de amistad y camarader\u00eda (II):<br \/>&#13;<br \/>\n  <br \/>&#13;<br \/>\n<\/em><\/strong><span class=\"text1noticias\"><strong><em>Kiva : de amigo a hermano mayor<\/em><\/strong><\/span><br \/>&#13;<br \/>\n  <br \/>&#13;<br \/>\n  <strong class=\"textogrande\"><em>Por Narciso Isa Conde<\/em><\/strong><\/p>\n<p>&#13;<\/p>\n<p align=\"justify\" class=\"text1noticias\">Desde el \u00b468 no hab\u00eda vuelto a ver a Kiva, porque no hab\u00eda  salido del pa\u00eds en medio de una dura clandestinidad.<\/p>\n<p>&#13;<\/p>\n<p align=\"justify\" class=\"text1noticias\">A finales de los \u00b470 perseguido a muerte, se agotaban las  posibilidades de vivir y trabajar a escondidas. Los riesgos se multiplicaban.  El terror de Estado no reparaba en ametrallar las casas donde generosamente nos  alojaban amigos (as) y camaradas.<\/p>\n<p>&#13;<\/p>\n<p align=\"justify\" class=\"text1noticias\">Sin consultarme, la direcci\u00f3n del PCD decidi\u00f3 mi salida  urgente por los meses que fuera necesario. Detr\u00e1s ir\u00eda la peque\u00f1a familia: la  bella Lul\u00fa, Pavel (de dos a\u00f1os) y el reci\u00e9n nacido Narcisito (de 4 meses).<\/p>\n<p>&#13;<\/p>\n<p align=\"justify\" class=\"text1noticias\">Sal\u00ed por mar (Santo Domingo-Veracruz-Cartagena) en barco  espa\u00f1ol, disfrazado de sacerdote y bien entrenado para esos fines por los amigos  de la izquierda cristiana.<br \/>  &#13;<br \/>\n  <br \/>&#13;<br \/>\n<strong><em><u>De paso por Madrid- Kiva y  Espa\u00f1a<\/u><\/em><\/strong><\/p>\n<p>&#13;<\/p>\n<p align=\"justify\" class=\"text1noticias\">El punto de encuentro con la familia fue Madrid, en la casa  de Margarita Castro y Manolo Mart\u00ednez Llaneza. Luego ir\u00edamos a Par\u00eds,  posteriormente a Ruman\u00eda y finalmente a Mosc\u00fa, donde la estad\u00eda ser\u00eda mas larga  porque incluir\u00eda un curso sobre El Capital de Marx, sobre filosof\u00eda y sobre  capitalismo monopolista de Estado.<\/p>\n<p>&#13;<\/p>\n<p align=\"justify\" class=\"text1noticias\">En Madrid se encontraba Tony mi hermano, ya \u00a0casi de retorno a Santo Domingo, despu\u00e9s de su  viaje a Cuba. All\u00ed adem\u00e1s de su cari\u00f1o y solidaridad humana y del apoyo de  Margarita Castro (dominicana, militante del PCD y del PCE) y Manolo Mart\u00ednez  Llaneza (dirigente medio del PCE clandestino), contamos con el afecto y el  respaldo de tres formidables camaradas espa\u00f1oles del mismo equipo ( Melania,  Pedro Callejos y Antonio Mart\u00ed)<\/p>\n<p>&#13;<\/p>\n<p align=\"justify\" class=\"text1noticias\">Ellos (as), despu\u00e9s de contarle sobre el talento y la  humanidad de Kiva, y de haber conocido parte de sus escritos sobre Espa\u00f1a y  Am\u00e9rica Latina-Caribe, al cabo de algunos a\u00f1os \u2013justo despu\u00e9s del fin de la  tiran\u00eda de Franco- \u00a0no pudieron resistir  la tentaci\u00f3n de conocerlo, lo que implic\u00f3 una duradera e intensa amistad. El  eje Santo Domingo-Madrid-Mosc\u00fa se fortaleci\u00f3.<\/p>\n<p>&#13;<\/p>\n<p align=\"justify\" class=\"text1noticias\">Entre las grandes amistades de Kiva en Mosc\u00fa se encontraban  los (as) camaradas espa\u00f1oles (as) exiliados en la URSS, especialmente Dolores  Ibarruri (La Pasionaria)  y su secretaria Irene Falc\u00f3n.<\/p>\n<p>&#13;<\/p>\n<p align=\"justify\" class=\"text1noticias\">Por \u00e9l las conocimos de cerca y entablamos una amistad que  se fortaleci\u00f3 despu\u00e9s de coincidir en el rechazo a la intervenci\u00f3n militar de  Checoslovaquia y en el apoyo a la \u201c<strong>Primavera  de Praga\u201d.<\/strong><\/p>\n<p>&#13;<\/p>\n<p align=\"justify\" class=\"text1noticias\">Con Kiva visit\u00e9 varias veces el modesto apartamento moscovita  de \u201c<strong>La Pasionaria<\/strong>\u201d.<\/p>\n<p>&#13;<\/p>\n<p align=\"justify\" class=\"text1noticias\">A Espa\u00f1a lo uni\u00f3 intensos v\u00ednculos de afecto as\u00ed como su  alt\u00edsima valoraci\u00f3n del combate antifascista de los comunitas, socialistas y  anarquistas espa\u00f1oles (as).<br \/>  &#13;<br \/>\n  <br \/>&#13;<br \/>\n<strong><em>Kiva y su esp\u00edritu insurgente<\/em><\/strong><\/p>\n<p>&#13;<\/p>\n<p align=\"justify\" class=\"text1noticias\">Kiva siempre a\u00f1or\u00f3 ser parte de la digna rebeld\u00eda armada  contra todas las modalidades de despotismo.<\/p>\n<p>&#13;<\/p>\n<p align=\"justify\" class=\"text1noticias\">Su esp\u00edritu contestatario, su vocaci\u00f3n cient\u00edfica, su amor  por la humanidad, su recia formaci\u00f3n \u00e9tico-moral; su insurrecci\u00f3n frente al  abuso, la injusticia y la represi\u00f3n, la combinaci\u00f3n de su extraordinaria  racionalidad con la pasi\u00f3n y la m\u00edstica revolucionaria, su sentido cr\u00edtico (  despiadado hasta consigo mismo), lo vincularon al pensamiento, al quehacer  revolucionario y al ejemplo del Che.<\/p>\n<p>&#13;<\/p>\n<p align=\"justify\" class=\"text1noticias\">Del amor por Espa\u00f1a y sus luchas a finales de los 30 hasta  los 70, pas\u00f3, en estrecha combinaci\u00f3n, al amor por la revoluci\u00f3n cubana,  primero, y por la revoluci\u00f3n dominicana del 1965, despu\u00e9s; junto a su  identificaci\u00f3n con todas las insurgencias heroicas del los \u00b460 y \u00b470. La  primera \u201conda\u201d revolucionaria latino-caribe\u00f1a, como le gustaba denominarla.<\/p>\n<p>&#13;<\/p>\n<p align=\"justify\" class=\"text1noticias\">La intensidad de la amistad pol\u00edtica de Kiva en ese periodo  siempre fue directamente proporcional a la combatividad y al esp\u00edritu  subversivo y autonom\u00eda de los PC latino-caribe\u00f1os: el cubano, el salvadore\u00f1o,  el venezolano insurrecto, el guatemalteco, el dominicano, el mexicano, el  uruguayo, el chileno, el brasilero\u2026.por diferentes razones.<\/p>\n<p>&#13;<\/p>\n<p align=\"justify\" class=\"text1noticias\">Los movimientos  pol\u00edtico-militares, procedieran o no de los Partidos Comunistas, contaban con  su amistad.<\/p>\n<p>&#13;<\/p>\n<p align=\"justify\" class=\"text1noticias\">Y esto era tambi\u00e9n extensivo a Europa, Asia y Africa, donde  su simpat\u00eda inmensa por los movimientos de liberaci\u00f3n (vasco, irland\u00e9s, turco,  vietnamita, laosiano, kampuchiano, guineo, congol\u00e9s, surafricano, argelino,  palestino\u2026) era expresa y sistem\u00e1tica.<\/p>\n<p>&#13;<\/p>\n<p align=\"justify\" class=\"text1noticias\">Concluyendo los \u00b460 y entrando a los \u00b470, gravitaron  significativamente en sus razonamientos y preferencias, las actitudes respecto  a las hegemon\u00edas tanto sovi\u00e9tica como china, y muy especialmente lo relativo al  modelo de transici\u00f3n al socialismo y la democracia socialista.<\/p>\n<p>&#13;<\/p>\n<p align=\"justify\" class=\"text1noticias\">Al deslinde entre lo revolucionario y lo reformista, entre  lo subversivo y lo conservador, se le agregaron estos factores diferenciadores,  ya sea por su intensificaci\u00f3n como por su destacada presencia en los nuevos  procesos desatados.<\/p>\n<p>&#13;<\/p>\n<p align=\"justify\" class=\"text1noticias\">Generalmente unas y otras caracter\u00edsticas no iban de la  mano, no aparec\u00edan siempre juntas en cada sujeto, lo que hacia m\u00e1s compleja la  situaci\u00f3n y m\u00e1s inteligente y minucioso el discurso de Maidanik.<\/p>\n<p>&#13;<\/p>\n<p align=\"justify\" class=\"text1noticias\">Lo acontecido en Checoslovaquia y las diversas reacciones al  respecto, vino a complejizar y ampliar tanto las tendencias centr\u00edfugas como  las reflexiones sobre el devenir del socialismo en el Siglo XX.<br \/>&#13;<br \/>\n\u00a0\u00a0\u00a0\u00a0\u00a0\u00a0\u00a0\u00a0\u00a0\u00a0\u00a0\u00a0\u00a0\u00a0\u00a0\u00a0\u00a0\u00a0\u00a0\u00a0\u00a0\u00a0\u00a0\u00a0\u00a0\u00a0\u00a0\u00a0\u00a0\u00a0\u00a0\u00a0\u00a0\u00a0 \u00a0\u00a0\u00a0\u00a0\u00a0\u00a0\u00a0\u00a0\u00a0\u00a0\u00a0\u00a0\u00a0\u00a0\u00a0\u00a0\u00a0\u00a0\u00a0\u00a0\u00a0\u00a0\u00a0\u00a0\u00a0\u00a0\u00a0\u00a0\u00a0\u00a0\u00a0<br \/>&#13;<br \/>\nRecuerdo que respecto a las diferentes actitudes frente a la URSS, Kiva acu\u00f1\u00f3 una triple  clasificaci\u00f3n de los partidos: los hay <strong>\u201csovi\u00e9ticos<\/strong>\u201d, <strong>\u201cpro-sovi\u00e9ticos\u201d<\/strong> e <strong>independiente<\/strong>s.<\/p>\n<p>&#13;<\/p>\n<p align=\"justify\" class=\"text1noticias\">Sus ejemplos no faltaban: el estadounidense y el argentino  eran \u201c<strong>sovi\u00e9ticos<\/strong>\u201d, el colombiano y  el brasilero eran <strong>\u201cpro-sovi\u00e9ticos<\/strong>\u201d y  el espa\u00f1ol, dominicano, vietnamita, cubano, mexicano<strong>\u2026 eran independientes.<\/strong><\/p>\n<p>&#13;<\/p>\n<p align=\"justify\" class=\"text1noticias\">No siempre, claro est\u00e1, la independencia coincid\u00eda con la  vocaci\u00f3n democr\u00e1tica, present\u00e1ndose casos tan distantes de \u00e9sta como los del PT  de Corea del Norte y del PC de Ruman\u00eda; independientes ambos, pero\u2026<\/p>\n<p>&#13;<\/p>\n<p align=\"justify\" class=\"text1noticias\">Estos y muchos otros eran temas de nuestras conversaciones,  destac\u00e1ndose tambi\u00e9n su profunda cr\u00edtica a la pol\u00edtica imperial estadounidense  y sus consistentes an\u00e1lisis sobre la evoluci\u00f3n del capitalismo, sus crisis  estructurales (en sus diversos niveles de desarrollo) y muy especialmente sobre  su modalidad dependiente latinoamericana-caribe\u00f1a.<\/p>\n<p>&#13;<\/p>\n<p align=\"justify\" class=\"text1noticias\"><strong><em><u>Residencia en Mosc\u00fa: relaciones  y tareas<\/u><\/em><\/strong><\/p>\n<p>&#13;<\/p>\n<p align=\"justify\" class=\"text1noticias\">Luego de un corto periodo en el peque\u00f1o Hotel Octubre (hotel  del PCUS), ubicado en la calle Plotnikov (calle del zapatero), cerca de la  calle Arbat, nos hospedaron en un apartamento pr\u00f3ximo al hotel. All\u00ed  permanecimos unos nueve meses en total.<\/p>\n<p>&#13;<\/p>\n<p align=\"justify\" class=\"text1noticias\">A nuestra llegada, avanzando el mes de diciembre de 1970, se  produjo el primer encuentro de familias en el apartamento de Kiva, Rufina y su  primog\u00e9nito, Artemio. Para esa fecha nos presentaron tambi\u00e9n su mascota: una  ardillita bautizada Quisqueya (nombre aborigen de la isla que compartimos con  Hait\u00ed), la que no tard\u00f3 en escaparse buscando su libertad. <\/p>\n<p>&#13;<\/p>\n<p align=\"justify\" class=\"text1noticias\">De all\u00ed, en otra ocasi\u00f3n, nos fuimos a caminar por un bosque  pr\u00f3ximo, acompa\u00f1ado de Tony S\u00e1nchez (nuestro delegado en Par\u00eds), su novia Liuva  y mi primo Narciso Conde Sturla, entonces estudiante de postgrado de medicina).  \u00a1Lindo caminar! Narcisito en una canastita y Pavel a pie, los dos s\u00faper-abrigados,  rodeados de nieve y hermosos abedules.<\/p>\n<p>&#13;<\/p>\n<p align=\"justify\" class=\"text1noticias\">No faltaron en ese pasad\u00eda ni\u00a0 los pedazos de karbasak (salchich\u00f3n) con pan  negro, ni el vodka congelado con aj\u00ed picante.<\/p>\n<p>&#13;<\/p>\n<p align=\"justify\" class=\"text1noticias\">Qued\u00f3 as\u00ed iniciado el paso de la amistad a la hermandad.<\/p>\n<p>&#13;<\/p>\n<p align=\"justify\" class=\"text1noticias\">Yo hab\u00eda cumplido 28 a\u00f1os en noviembre y Kiva me ten\u00eda un  valioso regalo familiar, una c\u00e1mara fotogr\u00e1fica Kiev-E, la que nos ayud\u00f3 a  plasmar en fotos no pocos de esos hermosos momentos.<\/p>\n<p>&#13;<\/p>\n<p align=\"justify\" class=\"text1noticias\">Le contamos nuestros planes.<br \/>&#13;<br \/>\n  <br \/>&#13;<br \/>\n  Lo ni\u00f1os ir\u00edan a un jard\u00edn infantil y a una casa-cuna.<br \/>&#13;<br \/>\n\u00a0\u00a0\u00a0\u00a0\u00a0\u00a0\u00a0\u00a0\u00a0\u00a0\u00a0\u00a0\u00a0\u00a0\u00a0\u00a0\u00a0\u00a0\u00a0\u00a0\u00a0\u00a0\u00a0\u00a0\u00a0\u00a0\u00a0\u00a0\u00a0\u00a0\u00a0\u00a0\u00a0\u00a0\u00a0\u00a0\u00a0\u00a0\u00a0\u00a0\u00a0\u00a0\u00a0\u00a0\u00a0\u00a0\u00a0\u00a0\u00a0\u00a0\u00a0<br \/>&#13;<br \/>\nYo iniciar\u00eda el estudio de \u201cEl Capital\u201d con el prof.  Anastasio Mansilla (de origen espa\u00f1ol), especialista en el tema. Lul\u00fa quer\u00eda  estudiar ruso. La familia completa se juntar\u00eda todos los fines de semana en el  apartamento asignado.<\/p>\n<p>&#13;<\/p>\n<p align=\"justify\" class=\"text1noticias\">Y, claro est\u00e1, desde esta nueva ubicaci\u00f3n, yo me tendr\u00eda que  ocupar de las relaciones internacionales del PCD, contactando peri\u00f3dicamente  las embajadas socialistas, las representaciones partidarias, los movimientos de  liberaci\u00f3n y las delegaciones diplom\u00e1ticas y no diplom\u00e1ticas de pa\u00edses y  fuerzas del campo antiimperialista. Tambi\u00e9n me ocupar\u00eda de las relaciones con  las juventudes revolucionarias radicadas en Mosc\u00fa.<\/p>\n<p>&#13;<\/p>\n<p align=\"justify\" class=\"text1noticias\">Este compromiso inclu\u00eda la asistencia a congresos y eventos  de los partidos hermanos de Europa, Asia y Cuba. Igual todo lo relativo al plan  de becas en la URSS  y dem\u00e1s pa\u00edses del \u201csocialismo real\u201d.<\/p>\n<p>&#13;<\/p>\n<p align=\"justify\" class=\"text1noticias\">Solo con las instituciones de la URSS el trabajo pendiente era  arduo.<\/p>\n<p>&#13;<\/p>\n<p align=\"justify\" class=\"text1noticias\">Tareas sobraban, puesto que no se trataba de salir para  enfriar compromisos, sino mas bien del relevo de un tipo de tareas por otro  tipo.<\/p>\n<p>&#13;<\/p>\n<p align=\"justify\" class=\"text1noticias\">\u00a1Ah!, olvidaba que antes de salir de Santo Domingo, hab\u00edamos  hecho un trascendente compromiso con el Prof. Juan Bosch, que fue enterado  previamente de mi viaje clandestino, sin mayores detalles.<\/p>\n<p>&#13;<\/p>\n<p align=\"justify\" class=\"text1noticias\">El PRD y el PCD, espec\u00edficamente el Doctor Jos\u00e9 Francisco  Pe\u00f1a G\u00f3mez y yo (segundo al mando del Profesor Bosh.), radicado entonces en Par\u00eds,  emprender\u00edamos una campa\u00f1a internacional contra la Banda Anticomunista  Reeleccionista(organizaci\u00f3n par-militardel r\u00e9gimen de Balaguer) y contra el  terrorismo de Estado. nosotros dos nos encargamos de Banda distribuirnos las  tareas y responsabilidades en ese plano a escala mundial.<\/p>\n<p>&#13;<\/p>\n<p align=\"justify\" class=\"text1noticias\">Nos vimos en Par\u00eds y pusimos en pr\u00e1ctica la encomienda,  logrando al cabo de unos meses una enorme difusi\u00f3n de una amplia y diversa  solidaridad respecto a lo que acontec\u00eda en nuestro pa\u00eds. Esto contribuy\u00f3 al  desmantelamiento de La Banda  y a la reducci\u00f3n del terror de Estado.<\/p>\n<p>&#13;<\/p>\n<p align=\"justify\" class=\"text1noticias\">Kiva insist\u00eda en que estudiara ruso. Yo, que soy duro para  los idiomas, no me sent\u00eda ni con \u00e1nimo ni con capacidad de hacerlo bien  paralelamente al programa de estudio y trabajo descrito. Tal resistencia me la  recrimin\u00f3 por lo siglos de lo siglos y cada vez que se refer\u00eda a un texto ruso  de utilidad no traducido al espa\u00f1ol, propio o ajeno, me fustigaba sin piedad.<\/p>\n<p>&#13;<\/p>\n<p align=\"justify\" class=\"text1noticias\">Lul\u00fa insisti\u00f3 en estudiar el ruso y nunca los anfitriones  crearon las condiciones de lugar. All\u00ed tambi\u00e9n ten\u00eda fuerza la discriminaci\u00f3n  de las mujeres, especialmente la concepci\u00f3n que carga sobre ellas las  responsabilidades del hogar y la familia.<\/p>\n<p>&#13;<\/p>\n<p align=\"justify\" class=\"text1noticias\">Kiva \u2013que ten\u00eda poco de feminista- lo lament\u00f3 junt\u00f3 a  nosotros (as).<\/p>\n<p>&#13;<\/p>\n<p align=\"justify\" class=\"text1noticias\">Kiva se incorpor\u00f3 a la familia y se apropi\u00f3 de nuestros  problemas.<br \/>&#13;<br \/>\n\u00a0\u00a0\u00a0\u00a0\u00a0\u00a0\u00a0\u00a0\u00a0\u00a0\u00a0\u00a0\u00a0\u00a0\u00a0\u00a0\u00a0\u00a0\u00a0\u00a0\u00a0\u00a0\u00a0\u00a0\u00a0\u00a0\u00a0\u00a0  \u00a0\u00a0\u00a0\u00a0\u00a0\u00a0\u00a0\u00a0\u00a0\u00a0\u00a0\u00a0\u00a0\u00a0\u00a0\u00a0\u00a0\u00a0\u00a0\u00a0\u00a0\u00a0\u00a0\u00a0\u00a0\u00a0\u00a0\u00a0\u00a0\u00a0\u00a0<br \/>&#13;<br \/>\nEran d\u00edas dif\u00edciles en las relaciones entre el PCD y el  PCUS. Por lo de Checoslovaquia (1968, nos opusimos a la intervenci\u00f3n sovi\u00e9tica  en Checoslovaquia), por lo de la Conferencia   Internacional de los Partidos Comunistas y Obreros (1969, no  firmamos el documento principal).<\/p>\n<p>&#13;<\/p>\n<p align=\"justify\" class=\"text1noticias\">Estuvimos a punto de ser expulsados del movimiento. A Jos\u00e9 Israel  Cuello, que le toc\u00f3 el atrevido discurso en ese evento, lo hab\u00edan maltratado.<\/p>\n<p>&#13;<\/p>\n<p align=\"justify\" class=\"text1noticias\">Intervenciones pol\u00edticas discretas como la de Rodney  Arismendy, destacado e influyente intelectual y Secretario General del PC de  Uruguay, muy amigo, por dem\u00e1s de Kiva y nuestro, lograron frenar lo peor.<\/p>\n<p>&#13;<\/p>\n<p align=\"justify\" class=\"text1noticias\">A mi me toc\u00f3 enfrentar la resaca de esa situaci\u00f3n y en  verdad que no me fue humanamente f\u00e1cil hacerlo.<\/p>\n<p>&#13;<\/p>\n<p align=\"justify\" class=\"text1noticias\">Comida y alojamiento nunca nos falt\u00f3, atenci\u00f3n m\u00e9dica menos  aun.<\/p>\n<p>&#13;<\/p>\n<p align=\"justify\" class=\"text1noticias\">Dinero de la beca nunca recibimos y entonces no hab\u00eda manera  de hac\u00e9rnoslo llegar desde Rep\u00fablica Dominicana.<\/p>\n<p>&#13;<\/p>\n<p align=\"justify\" class=\"text1noticias\">Pero lo peor era el trato de los funcionarios del PCUS, con  algunas excepciones como las actitudes de Constantino Kurin y Miguel Kudashkin,  nuestros responsables directos. Lo peor eran los desplantes e insinuaciones  capciosas, la vigilancia de nuestros movimientos, la hostilidad frente a todos  los contactos no alineados, la censura de nuestras \u00a0intervenciones y art\u00edculos escritos, la  discriminaci\u00f3n permanente\u2026<\/p>\n<p>&#13;<\/p>\n<p align=\"justify\" class=\"text1noticias\">En verdad, sin el afecto de Kiva y su familia y de Pedro  Juan Persia (a la saz\u00f3n becado en la   Escuela de Cuadros del PCUS), no se que hubiera sido de  nosotros.<\/p>\n<p>&#13;<\/p>\n<p align=\"justify\" class=\"text1noticias\">La madre de Kiva no tard\u00f3 en convertirse en nuestra \u201cmadre  sovi\u00e9tica\u201d.<\/p>\n<p>&#13;<\/p>\n<p align=\"justify\" class=\"text1noticias\">Kiva y toda su familia, como Pedro Juan (uno de los  camaradas dominicanos de sentimientos mas nobles), viv\u00edan pendientes de  nosotros (as) y los ni\u00f1os, de todas las necesidades y detalles, de toda nuestra  vida espiritual e incluso de nuestros requerimientos materiales. <\/p>\n<p>&#13;<\/p>\n<p align=\"justify\" class=\"text1noticias\">Igual puedo decir de Pedro G\u00f3mez (hermano del hist\u00f3rico  dirigente comunista y revolucionario siempre, Lu\u00eds G\u00f3mez P\u00e9rez), de Cocolo  Castro Catrain y de Jos\u00e9 Amado Ariza, de Carmen Ivanova Dur\u00e1n y de otros (as)  estudiantes, quienes hicieron de nuestros traductores, asistentes y  acompa\u00f1antes en m\u00faltiples oportunidades.<\/p>\n<p>&#13;<\/p>\n<p align=\"justify\" class=\"text1noticias\">Todos ellos(as) conocieron a Kiva y lo apreciaron mucho.  Todos ellos (as) admiraron su erudici\u00f3n, inteligencia y sabidur\u00eda.<\/p>\n<p>&#13;<\/p>\n<p align=\"justify\" class=\"text1noticias\">Kiva desde entonces se convirti\u00f3 en nuestro hermano, maestro,  padre\u2026y esos v\u00ednculos los fuimos haciendo extensivos a toda la gente de valor  que conoc\u00edamos.<\/p>\n<p>&#13;<\/p>\n<p align=\"justify\" class=\"text1noticias\">Con \u00e9l volvimos a encontrarnos con Roque Dalton y a  disfrutar de sus versos y de su fin\u00edsima iron\u00eda y audaces irreverencias.<\/p>\n<p>&#13;<\/p>\n<p align=\"justify\" class=\"text1noticias\">Con Kiva aprend\u00edamos al escucharlo. Aprend\u00edamos a pensar,  recordar y a analizar cada vez mejor, cuando en cada ocasi\u00f3n nos interrogaba sobre  los pormenores de nuestras experiencias, de nuestras relaciones y vivencias, de  nuestras posiciones y afectos.<\/p>\n<p>&#13;<\/p>\n<p align=\"justify\" class=\"text1noticias\">Kiva siempre fue un  manantial de historia viviente y de historia aprendida, de profundidad te\u00f3rica,  sensibilidad, cari\u00f1o. Fuente permanente de relaciones con lo mejor de su  entorno y d sus v\u00ednculos \u00a0pol\u00edticos y  humanos <\/p>\n<p>&#13;<\/p>\n<p align=\"justify\" class=\"text1noticias\">Inolvidables fueron las caminatas por Mosc\u00fa en su compa\u00f1\u00eda,  por sus bosques, por sus r\u00edos, por sus iglesias y monasterios, por sus cementerios,  museos, lugares hist\u00f3ricos, mercados, tiendas\u2026<\/p>\n<p>&#13;<\/p>\n<p align=\"justify\" class=\"text1noticias\">Sabias sus recomendaciones cuando me toc\u00f3 viajar a Polonia,  Bulgaria, Ruman\u00eda, Yugoslavia, Hungr\u00eda, Alemania\u2026siempre trascendiendo lo  estrictamente pol\u00edtico<\/p>\n<p>&#13;<\/p>\n<p align=\"justify\" class=\"text1noticias\">Valioso su apoyo incondicional cuando tuve que hacerlo sin  la compa\u00f1\u00eda de Lul\u00fa y de los ni\u00f1os. En Mosc\u00fa se quedaban Kiva, su familia y las  y los muchachos (as) dominicanos(as) que los respaldaban.<\/p>\n<p>&#13;<\/p>\n<p align=\"justify\" class=\"text1noticias\"><strong><em><u>Retirada de Mosc\u00fa<\/u><\/em><\/strong><\/p>\n<p>&#13;<\/p>\n<p align=\"justify\" class=\"text1noticias\">Solo as\u00ed pude aguantar aquellos nueve meses de exilio, en un  periodo de tantas desencuentros con nuestros solidarios y duros anfitriones  oficiales.<\/p>\n<p>&#13;<\/p>\n<p align=\"justify\" class=\"text1noticias\">Sentimos separarnos de Kiva y de los suyos, sin poder aun  regresar a Santo Domingo.<\/p>\n<p>&#13;<\/p>\n<p align=\"justify\" class=\"text1noticias\">Ensayamos durante dos meses permanecer en Italia sin \u00e9xito, debido a la  insolidaridad en ese aspecto del Partido Comunista de Italia (pese a coincidir  en no pocos aspectos trascendentes).<\/p>\n<p>&#13;<\/p>\n<p align=\"justify\" class=\"text1noticias\">Decidimos entonces solicitar estancia en Ruman\u00eda, donde  permanecimos otros ocho meses m\u00e1s de exilio, hasta que decid\u00ed retornar  clandestinamente de nuevo a mi pa\u00eds; no sin antes encontrarnos con Kiva en  Mosc\u00fa, cuando precis\u00e9 del apoyo t\u00e9cnico sovi\u00e9tico, que incluy\u00f3 usar un  pasaporte espa\u00f1ol suministrado al PCUS por el PCE, as\u00ed como de formidables  cambios f\u00edsicos realizados en un estudio de Soviet Pro-Film, la empresa de cine  sovi\u00e9tica, donde ya antes me hab\u00edan hecho un tratamiento para quitarme  temporalmente muchos pelos de cabeza (cuando todav\u00eda me quedaban bastante).<\/p>\n<p>&#13;<\/p>\n<p align=\"justify\" class=\"text1noticias\">Recuerdo que Kiva, el amigo transformado en hermano, siempre  sosten\u00eda la tesis de los efectos de ese tratamiento en mi progresiva y  pronunciada calvicie.<\/p>\n<p>&#13;<\/p>\n<p align=\"justify\" class=\"text1noticias\">Gracias a esa efectiva solidaridad pude burlar eficazmente  la vigilancia policial y lograr mi entrada triunfal al terru\u00f1o amado.<\/p>\n<p>&#13;<\/p>\n<p align=\"justify\" class=\"text1noticias\">Lul\u00fa y los ni\u00f1os tuvieron que esperar en Bucarest el momento  oportuno para retornar, contando con el afecto y la solidaridad de los  camaradas rumanos y de los estudiantes dominicanos (Osvaldo Dom\u00ednguez, Julio  Ravelo, Eduardo Mart\u00ednez, Eddy Mendoza\u2026), y muy especialmente del entonces  responsable de Am\u00e9rica Latina, Nicol\u00e1s Petruts, quien expresaba un cari\u00f1o  especial por Pavel y Narci.<\/p>\n<p>&#13;<\/p>\n<p align=\"justify\" class=\"text1noticias\">Concluy\u00f3 as\u00ed el m\u00e1s largo, intenso y fruct\u00edfero encuentro de  amistad con Kiva, tanto que desde entonces nos convertimos, m\u00e1s que en amigos  entra\u00f1ables, en hermanos del alma.<\/p>\n<p>&#13;<\/p>\n<p align=\"justify\" class=\"text1noticias\">Enero 2007, Santo Domingo, Rep\u00fablica Dominicana<\/p>\n<p>&#13;<\/p>\n<h6> 2007-01-11 15:47:28 <\/h6>\n<p><!--\n<link rel=\"stylesheet\" href=\"css\/bootstrap.min.css\">\n\n\n<ul class=\"pagination\">\n\t    \n\t\n\n<li >\n\t<a href='?page_no=13306'>Previous<\/a>\n\t<\/li>\n\n\n       \n    \n\n<li><a href='?page_no=1'>1<\/a><\/li>\n\n\n\n<li><a href='?page_no=2'>2<\/a><\/li>\n\n\n\n<li><a>...<\/a><\/li>\n\n\n\n<li><a href='?page_no=13305'>13305<\/a><\/li>\n\n\n\n<li><a href='?page_no=13306'>13306<\/a><\/li>\n\n\n\n<li class='active'><a>13307<\/a><\/li>\n\n\n\n<li><a href='?page_no=13308'>13308<\/a><\/li>\n\n\n\n<li><a href='?page_no=13309'>13309<\/a><\/li>\n\n\n\n<li><a>...<\/a><\/li>\n\n\n\n<li><a href='?page_no=13611'>13611<\/a><\/li>\n\n\n\n<li><a href='?page_no=13612'>13612<\/a><\/li>\n\n    \n\t\n\n<li >\n\t<a href='?page_no=13308'>Next<\/a>\n\t<\/li>\n\n\n    \n\n<li><a href='?page_no=13612'>Last &rsaquo;&rsaquo;<\/a><\/li>\n\n<\/ul>\n\n\n--><br \/>\n<\/body><\/p>\n","protected":false},"excerpt":{"rendered":"<p>Testimonios de amistad y camarader\u00eda (II):&#13; &#13; Kiva : de amigo a hermano mayor&#13; &#13; Por Narciso Isa Conde &#13; Desde el \u00b468 no hab\u00eda vuelto a ver a Kiva, porque no hab\u00eda salido del pa\u00eds en medio de una dura clandestinidad. &#13; A finales de los \u00b470 perseguido a muerte, se agotaban las posibilidades [&hellip;]<\/p>\n","protected":false},"author":3,"featured_media":0,"comment_status":"open","ping_status":"open","sticky":false,"template":"","format":"standard","meta":{"footnotes":""},"categories":[16],"tags":[],"class_list":["post-37556","post","type-post","status-publish","format-standard","hentry","category-opiniones"],"_links":{"self":[{"href":"https:\/\/diariodominicano.com\/index.php?rest_route=\/wp\/v2\/posts\/37556","targetHints":{"allow":["GET"]}}],"collection":[{"href":"https:\/\/diariodominicano.com\/index.php?rest_route=\/wp\/v2\/posts"}],"about":[{"href":"https:\/\/diariodominicano.com\/index.php?rest_route=\/wp\/v2\/types\/post"}],"author":[{"embeddable":true,"href":"https:\/\/diariodominicano.com\/index.php?rest_route=\/wp\/v2\/users\/3"}],"replies":[{"embeddable":true,"href":"https:\/\/diariodominicano.com\/index.php?rest_route=%2Fwp%2Fv2%2Fcomments&post=37556"}],"version-history":[{"count":0,"href":"https:\/\/diariodominicano.com\/index.php?rest_route=\/wp\/v2\/posts\/37556\/revisions"}],"wp:attachment":[{"href":"https:\/\/diariodominicano.com\/index.php?rest_route=%2Fwp%2Fv2%2Fmedia&parent=37556"}],"wp:term":[{"taxonomy":"category","embeddable":true,"href":"https:\/\/diariodominicano.com\/index.php?rest_route=%2Fwp%2Fv2%2Fcategories&post=37556"},{"taxonomy":"post_tag","embeddable":true,"href":"https:\/\/diariodominicano.com\/index.php?rest_route=%2Fwp%2Fv2%2Ftags&post=37556"}],"curies":[{"name":"wp","href":"https:\/\/api.w.org\/{rel}","templated":true}]}}