{"id":37553,"date":"2007-01-12T16:39:03","date_gmt":"2007-01-12T16:39:03","guid":{"rendered":"http:\/\/diariodominicano.ddns.net\/?p=37553"},"modified":"2007-01-12T16:39:03","modified_gmt":"2007-01-12T16:39:03","slug":"los-temas-de-teledebate-34","status":"publish","type":"post","link":"https:\/\/diariodominicano.com\/?p=37553","title":{"rendered":"LOS TEMAS DE TELEDEBATE"},"content":{"rendered":"<p><body><\/p>\n<p class=\"titulogrande1\">LOS TEMAS DE TELEDEBATE<\/p>\n<p>&#13;<\/p>\n<p align=\"justify\"><strong>A LA   JUSTICIA.\u00a0 <\/strong><span class=\"text1noticias\">Despu\u00e9s de  varios d\u00ecas de espera donde inclusive recibi\u00f2 algunas veladas acusaciones de  estar dilatando el env\u00eco del expediente a los tribunales, el director del  DEPRECO someti\u00f3 a la Justicia  a un grupo de ex funcionarios y empleados de la Secretar\u00eca de Estado de  Finanzas, presuntamente implicados en el fraude de las pensiones.\u00a0 El sometimiento va acompa\u00f1ado de la solicitud  de medidas de coerci\u00f2n, prisi\u00f3n en la mayor\u00eca de los casos y fianzas casi  impagables de cinco millones de pesos para el resto.\u00a0 En el expediente pero no entre los detenidos,  figura otro importante ex funcionario del \u00e0rea de pensiones, Angel Castro, al  que se sindica como principal cabecilla de esta mafia que produjo millones de  pesos depositados en nada menos que 27 cuentas diferentes en el Ban co de  Reservas.\u00a0 Los tent\u00e1culos de la espesa  red de complicidades tejida en torno al fraude involucran a un buen n\u00f9mero de  personas necesitadas, a quienes se ofrecieron sumas de mil y dos mil pesos  mensuales de ayuda a cambio de hacerlas aparecer como presuntos pensionados  recibiendo cantidades de 25, 30, 35 y hasta 40 mil pesos mensuales.\u00a0 Falta ahora la calificaci\u00f3n del juez  instructor de los elementos probatorios que aparezcan en el expediente para  dictar las medidas de coerci\u00f2n solicitadas.\u00a0  Otro caso muy sonado y parecido, el de la venta de pasaportes oficiales  a falsos regidores, todav\u00eca se encuentra pendiente de juicio.\u00a0 Confiemos que \u00e8ste no demore tanto.<\/span><\/p>\n<p>&#13;<\/p>\n<p align=\"justify\" class=\"text1noticias\"><strong>MENORES, ADOLESCENTES Y J\u00d3VENES CRIMINALES. <\/strong>Un aspecto  tan preocupante como la frecuencia de hechos criminales de resultados fatales  que se registran en el pa\u00ecs, es la participaci\u00f2n en los mismos de menores de  edad, adolescentes y j\u00f3venes. Si revisamos la edad de los autores de la mayor\u00eca  de los hechos de sangre que tienen lugar, comprobamos con asombro,dolor e  inquietud la edad de gran parte de los involucrados.\u00a0 Muchachos, j\u00f3venes de apenas 15, 16, 17 y 18  a\u00f1os, en algunos casos menos, verdaderos ni\u00f1os, se muestran capaces con la  mayor frialdad, de arrebatar la vida a un ser humano al que asaltan o intentan  atracar a veces a cambio de cantidades irrisorias sin importarle su  condici\u00f3n.\u00a0 A su vez, en muchos casos,  caen ellos mismos abatidos por la   Polic\u00eca en los llamados intercambios de disparos que en ocasiones  son o lucen como verdaderas ejecuciones, pero en otros son el resultado de  verdaderos enfrentamientos de quienes no est\u00e0n en disposici\u00f3n de rendirse al  asedio de la autoridad.\u00a0 \u00bfPor qu\u00e8 un  n\u00f9mero tan grande de adolescentes y j\u00f3venes se involucra cada vez m\u00e0s en  acciones criminales?\u00a0 \u00bfSon el fruto de  hogares rotos o inexistentes?\u00a0 \u00bfDe  marginalidad social y falta de oportunidades?\u00a0  \u00bfDel excesivo y a menudo alienante mensaje consumista?\u00a0 \u00bfDe la falta de valores y principios?\u00a0 \u00bfDel p\u00e9simo ejemplo de corrupci\u00f2n e impunidad  que reciben desde lo alto de la pir\u00e1mide social?\u00a0 El tema es de urgente atenci\u00f3n por parte  de\u00a0 autoridades, religiosos, soci\u00f3logos,  psic\u00f3logos y psiquiatras si es que queremos cambiar el rumbo actual del pa\u00ecs.<\/p>\n<p>&#13;<\/p>\n<p align=\"justify\" class=\"text1noticias\"><strong>ANIVERSARIO DE RICA.<\/strong>\u00a0  Hoy se cumplen 41 a\u00f1os del nacimiento de la m\u00e0s popular, prestigiosa y  exitosa industria de l\u00e1cteos del pa\u00ecs.\u00a0  Se trata de Pasteurizadora Rica, que a lo largo de estas cuatro extensas  d\u00e9cadas ha servido de manera eficiente el mercado nacional con diferentes presentaciones  y f\u00f2rmulas de leche y una gran diversidad de productos derivados de este  alimento fundamental, b\u00e1sico sobre todo en alimentaci\u00f3n de ni\u00f1os, mujeres y  personas de edad, posiblemente el m\u00e0s completo que existe, entre \u00e8stos  mantequilla y\u00a0 exquisitos quesos de las  m\u00e0s variadas clases.\u00a0 Adicionalmente,  Rica satisface el consumo nacional con deliciosos y nutritivos jugos.\u00a0 Todo ello formulado y producido dentro de los  m\u00e0s estrictos requerimientos de higiene y calidad.\u00a0 <br \/>&#13;<br \/>\n  <br \/>&#13;<br \/>\n  Siempre marcando el paso con la tecnolog\u00eda  m\u00e0s avanzada, Rica ha sido pionera en el pa\u00ecs en la comercializaci\u00f2n de  productos UHT y del sofisticado sistema Long Life. Con una amplia red de  distribuci\u00f3n en todo el pa\u00ecs, la Pasteurizadora es parte del Grupo Rica que  tambi\u00e8n posee C\u00edtricos Dominicanos y la Lecher\u00eca San Antonio, considerada la m\u00e0s moderna  de toda el \u00e0rea del Caribe.\u00a0  <br \/>&#13;<br \/>\n  <br \/>&#13;<br \/>\nFelicitaciones, larga vida y un \u00e8xitoso a\u00f1o 2007 a Rica y merecido  reconocimiento a la gesti\u00f2n de su Presidente, el Dr. Julio Brache, su Gerente  de Relaciones Corporativas,Wenceslao Soto y todo su valioso equipo de  colaboradores.\u00a0 <\/p>\n<p>&#13;<\/p>\n<h6> 2007-01-12 16:39:03 <\/h6>\n<p><!--\n<link rel=\"stylesheet\" href=\"css\/bootstrap.min.css\">\n\n\n<ul class=\"pagination\">\n\t    \n\t\n\n<li >\n\t<a href='?page_no=13303'>Previous<\/a>\n\t<\/li>\n\n\n       \n    \n\n<li><a href='?page_no=1'>1<\/a><\/li>\n\n\n\n<li><a href='?page_no=2'>2<\/a><\/li>\n\n\n\n<li><a>...<\/a><\/li>\n\n\n\n<li><a href='?page_no=13302'>13302<\/a><\/li>\n\n\n\n<li><a href='?page_no=13303'>13303<\/a><\/li>\n\n\n\n<li class='active'><a>13304<\/a><\/li>\n\n\n\n<li><a href='?page_no=13305'>13305<\/a><\/li>\n\n\n\n<li><a href='?page_no=13306'>13306<\/a><\/li>\n\n\n\n<li><a>...<\/a><\/li>\n\n\n\n<li><a href='?page_no=13611'>13611<\/a><\/li>\n\n\n\n<li><a href='?page_no=13612'>13612<\/a><\/li>\n\n    \n\t\n\n<li >\n\t<a href='?page_no=13305'>Next<\/a>\n\t<\/li>\n\n\n    \n\n<li><a href='?page_no=13612'>Last &rsaquo;&rsaquo;<\/a><\/li>\n\n<\/ul>\n\n\n--><br \/>\n<\/body><\/p>\n","protected":false},"excerpt":{"rendered":"<p>LOS TEMAS DE TELEDEBATE &#13; A LA JUSTICIA.\u00a0 Despu\u00e9s de varios d\u00ecas de espera donde inclusive recibi\u00f2 algunas veladas acusaciones de estar dilatando el env\u00eco del expediente a los tribunales, el director del DEPRECO someti\u00f3 a la Justicia a un grupo de ex funcionarios y empleados de la Secretar\u00eca de Estado de Finanzas, presuntamente implicados [&hellip;]<\/p>\n","protected":false},"author":3,"featured_media":0,"comment_status":"open","ping_status":"open","sticky":false,"template":"","format":"standard","meta":{"footnotes":""},"categories":[16],"tags":[],"class_list":["post-37553","post","type-post","status-publish","format-standard","hentry","category-opiniones"],"_links":{"self":[{"href":"https:\/\/diariodominicano.com\/index.php?rest_route=\/wp\/v2\/posts\/37553","targetHints":{"allow":["GET"]}}],"collection":[{"href":"https:\/\/diariodominicano.com\/index.php?rest_route=\/wp\/v2\/posts"}],"about":[{"href":"https:\/\/diariodominicano.com\/index.php?rest_route=\/wp\/v2\/types\/post"}],"author":[{"embeddable":true,"href":"https:\/\/diariodominicano.com\/index.php?rest_route=\/wp\/v2\/users\/3"}],"replies":[{"embeddable":true,"href":"https:\/\/diariodominicano.com\/index.php?rest_route=%2Fwp%2Fv2%2Fcomments&post=37553"}],"version-history":[{"count":0,"href":"https:\/\/diariodominicano.com\/index.php?rest_route=\/wp\/v2\/posts\/37553\/revisions"}],"wp:attachment":[{"href":"https:\/\/diariodominicano.com\/index.php?rest_route=%2Fwp%2Fv2%2Fmedia&parent=37553"}],"wp:term":[{"taxonomy":"category","embeddable":true,"href":"https:\/\/diariodominicano.com\/index.php?rest_route=%2Fwp%2Fv2%2Fcategories&post=37553"},{"taxonomy":"post_tag","embeddable":true,"href":"https:\/\/diariodominicano.com\/index.php?rest_route=%2Fwp%2Fv2%2Ftags&post=37553"}],"curies":[{"name":"wp","href":"https:\/\/api.w.org\/{rel}","templated":true}]}}