{"id":37550,"date":"2007-01-12T16:57:19","date_gmt":"2007-01-12T16:57:19","guid":{"rendered":"http:\/\/diariodominicano.ddns.net\/?p=37550"},"modified":"2007-01-12T16:57:19","modified_gmt":"2007-01-12T16:57:19","slug":"kiva-y-la-ola-centroamericana","status":"publish","type":"post","link":"https:\/\/diariodominicano.com\/?p=37550","title":{"rendered":"Kiva y la ola Centroamericana"},"content":{"rendered":"<p><body><\/p>\n<p align=\"center\" class=\"titulogrande\"><strong><em>Testimonios  de amistad y camarader\u00eda (IV):<\/em><\/strong><\/p>\n<p>&#13;<\/p>\n<p align=\"center\" class=\"titulogrande1\"><strong><em>Kiva y la ola Centroamericana<\/em><\/strong><\/p>\n<p>&#13;<\/p>\n<p align=\"center\" class=\"textogrande\"><strong>Por Narciso Isa Conde<\/strong><\/p>\n<p>&#13;<\/p>\n<p align=\"justify\" class=\"text1noticias\">Al finalizar la d\u00e9cada de los \u00b470 e iniciarse los \u00b480 estaba  mejor dibujada la ola revolucionaria centroamericana:<\/p>\n<p>&#13;<\/p>\n<div align=\"justify\">&#13;<\/p>\n<ul type=\"disc\">&#13;<\/p>\n<li class=\"text1noticias\">El       desarrollo de la insurrecci\u00f3n y la victoria sandinista.<\/li>\n<p>&#13;\n  <\/ul>\n<p>&#13;\n<\/p><\/div>\n<p>&#13;<\/p>\n<p align=\"justify\">\u00a0<\/p>\n<p>&#13;<\/p>\n<div align=\"justify\">&#13;<\/p>\n<ul type=\"disc\">&#13;<\/p>\n<li class=\"text1noticias\">El       auge de masas en El Salvador y los avances de la unidad hacia la       conformaci\u00f3n del FMLN.<\/li>\n<p>&#13;\n  <\/ul>\n<p>&#13;<\/p>\n<ul type=\"disc\">&#13;<\/p>\n<li class=\"text1noticias\">El       fortalecimiento de la guerrilla guatemalteca y el proceso hacia la       conformaci\u00f3n de las URNG <\/li>\n<p>&#13;\n  <\/ul>\n<p>&#13;\n<\/p><\/div>\n<p>&#13;<\/p>\n<p align=\"justify\">\u00a0<\/p>\n<p>&#13;<\/p>\n<div align=\"justify\">&#13;<\/p>\n<ul type=\"disc\">&#13;<\/p>\n<li class=\"text1noticias\">El crecimiento       de los movimientos sociales y de las actividades revolucionarias en       Honduras.<\/li>\n<p>&#13;\n  <\/ul>\n<p>&#13;\n<\/p><\/div>\n<p>&#13;<\/p>\n<p align=\"justify\" class=\"text1noticias\">Influencia positiva sobre el PCUS<\/p>\n<p>&#13;<\/p>\n<p align=\"justify\" class=\"text1noticias\">Precisamente Schafik y yo, en complicidad con Kiva, hab\u00edamos  contribuido a un giro de la Secci\u00f3n Internacional del PCUS y de su Departamento  de Am\u00e9rica Latina a favor de FSLN y en detrimento del conservador y ya dividido  Partido Socialita Nicarag\u00fcense (partido comunista oficialmente reconocido por  los sovi\u00e9ticos). En ese esfuerzo contamos con la actitud favorable de Constantino  Kurin, entonces responsable de Nicaragua y de la Rep\u00fablica Dominicana  en ese departamento.<\/p>\n<p>&#13;<\/p>\n<p align=\"justify\" class=\"text1noticias\">Dado casos como ese, como el del PC argentino frente a la  dictadura de Videla y como el posterior viraje conservador del Partido  Unificado de los Comunistas Haitianos (PUSH), no era atrevido de mi parte  insistir en la parad\u00f3jica existencia de una especie de \u201ccomunismo de derecha\u201d.<\/p>\n<p>&#13;<\/p>\n<p align=\"justify\" class=\"text1noticias\">Por eso les planteamos a los responsables de las relaciones  con Nicaragua en el PCUS, que entre el PSN y el FSLN no hab\u00eda raz\u00f3n para dudar  respecto a la relaci\u00f3n prioritaria. Resultaba penoso que todav\u00eda a la altura de  una insurrecci\u00f3n ascendente y vanguardizada por el FSLN hubieran dudas respecto  en que direcci\u00f3n inclinar lo fundamental de la actitud solidaria.<\/p>\n<p>&#13;<\/p>\n<p align=\"justify\" class=\"text1noticias\">Pero nada de esto resultaba extra\u00f1o:<\/p>\n<p>&#13;<\/p>\n<p align=\"justify\" class=\"text1noticias\">\u201cRecuerdo \u2013le dije Kiva- que el PCUS estableci\u00f3 relaciones con  el M26 Julio de Cuba despu\u00e9s de la toma del poder\u201d. Su \u201cpartner\u201d fue siempre el  PSP, aunque ciertamente la diferencia entre \u00e9ste y el PSN de Nicaragua era  grande. \u00a1Con mayor raz\u00f3n para no dudar m\u00e1s!<\/p>\n<p>&#13;<\/p>\n<p align=\"justify\" class=\"text1noticias\">Al proceso salvadore\u00f1o le toc\u00f3 la \u201csuerte\u201d de tener un PCS  con dirigentes, entre otros (as), del calibre de Jorge Schafik Handal. \u00a1De  origen palestino, por dem\u00e1s\u00a0\u00a0\u00a0\u00a0\u00a0\u00a0\u00a0\u00a0\u00a0\u00a0\u00a0\u00a0\u00a0\u00a0\u00a0\u00a0\u00a0\u00a0\u00a0\u00a0\u00a0\u00a0\u00a0\u00a0\u00a0\u00a0\u00a0 \u00a0\u00a0\u00a0\u00a0\u00a0\u00a0\u00a0\u00a0\u00a0\u00a0\u00a0\u00a0\u00a0\u00a0\u00a0\u00a0\u00a0\u00a0\u00a0\u00a0\u00a0\u00a0\u00a0\u00a0\u00a0\u00a0\u00a0\u00a0\u00a0\u00a0\u00a0<\/p>\n<p>&#13;<\/p>\n<p align=\"justify\" class=\"text1noticias\">De eso convers\u00e9 bastante con Kiva Maidanik en aquellos d\u00edas  y en m\u00faltiples encuentros realizados a todo lo largo de los \u00b480.<\/p>\n<p>&#13;<\/p>\n<p align=\"justify\" class=\"text1noticias\">La   Clarinada  de Schafik y el PSC<\/p>\n<p>&#13;<\/p>\n<p align=\"justify\" class=\"text1noticias\">Antes de esos  momentos, Kiva fue el primero en llamarme la atenci\u00f3n sobre el valioso  contenido del art\u00edculo de Schafik planteando, cara a todo el movimiento  comunista latinoamericano-caribe\u00f1o, la necesidad de un gran viraje.<\/p>\n<p>&#13;<\/p>\n<p align=\"justify\" class=\"text1noticias\">Ese art\u00edculo, publicado (si no me falla la memoria) en 1978,  adem\u00e1s de hacer referencia al viraje del PCS hacia la lucha armada, inclu\u00eda una  cr\u00edtica profunda al reformismo de no pocos de los partidos comunistas, a su  tendencia a hacer alianza solo con las fuerzas ubicadas a su derecha, a su  resistencia a establecer compromisos con organizaciones y fuerzas ubicadas a su  izquierda, a su tendencia a calificar de ultra-izquierda a fuerzas de la  izquierda revolucionaria, especialmente a todas las que ol\u00edan a p\u00f3lvora.<\/p>\n<p>&#13;<\/p>\n<p align=\"justify\" class=\"text1noticias\">Ese trabajo de Schafik hizo roncha y lo situ\u00f3 con toda la  autoridad que le daba el proceso hacia la conformaci\u00f3n del FMLN, como el  principal exponente de la contrapartida de izquierda respecto a la l\u00ednea  reformista y a las posiciones conservadoras dentro del movimiento comunista y  revolucionario continental.<\/p>\n<p>&#13;<\/p>\n<p align=\"justify\" class=\"text1noticias\">El \u201cviraje del PCS, que como cuenta el comandante Ramiro V\u00e1squez  en su libro \u201c<strong>Canci\u00f3n a una Bala<\/strong>\u201d,  tard\u00f3 bastante en ejecutarse por la inercia de la resistencia tradicional,  cre\u00f3, de todas maneras, las condiciones para la plena incorporaci\u00f3n de ese  partido a la lucha armada y para la participaci\u00f3n de otros partidos comunistas  del continente en la guerra revolucionaria salvadore\u00f1a, inclu\u00eddo el PCD.<\/p>\n<p>&#13;<\/p>\n<p align=\"justify\" class=\"text1noticias\">A partir de ese paso trascendental -y a todo lo largo de esa  formidable experiencia- fueron varios los momentos en que coincid\u00ed con Schafik  y Kiva en Mosc\u00fa, siendo de rigor las informaciones, las valoraciones, los  an\u00e1lisis y reflexiones de Schafik sobre el curso de los acontecimientos en El  Salvador y Centroam\u00e9rica, incluyendo siempre el rol del imperialismo  estadounidense en esa sub-regi\u00f3n con su dise\u00f1o de guerra de baja y mediana  intensidad.<\/p>\n<p>&#13;<\/p>\n<p align=\"justify\" class=\"text1noticias\">Cada vez que le toc\u00f3 representar el PCS o al FMLN en eventos  o gestiones de importancia, cada vez que nos encontr\u00e1bamos en esas ocasiones, sac\u00e1bamos  el tiempo necesario para escuchar e intercambiar sobre esos y otros temas  importantes. Y Kiva siempre se encarg\u00f3 de de coordinar la reuni\u00f3n.<\/p>\n<p>&#13;<\/p>\n<p align=\"justify\" class=\"text1noticias\">Schafik siempre ten\u00eda a su disposici\u00f3n un mapa de su pa\u00eds, que  utilizaba para explicarnos la actualidad en el teatro de operaciones de la  guerra revolucionaria, las modalidades de dispersi\u00f3n y concentraci\u00f3n de los  efectivos del FMLN, las variaciones t\u00e1cticas y las constantes correcciones y  reajustes a partir de los aciertos alcanzados y los errores cometidos.<\/p>\n<p>&#13;<\/p>\n<p align=\"justify\" class=\"text1noticias\">En esa transmisi\u00f3n de experiencias siempre destac\u00f3 la ayuda  que para ellos signific\u00f3 la experiencia vietnamita, la aplicaci\u00f3n creadora de  todo lo \u00fatil de la misma en esa epopeya salvadore\u00f1a realizada en solo veinte  mil kil\u00f3metros cuadrados, enfrentados (as) a las nuevas modalidades de  intervenci\u00f3n y de guerra local ejecutadas por el Pent\u00e1gono y la CIA.<\/p>\n<p>&#13;<\/p>\n<p align=\"justify\">El Matrimonio de Schafik en Mosc\u00fa<\/p>\n<p>&#13;<\/p>\n<p align=\"justify\" class=\"text1noticias\">En ese periodo, a mediado de lo \u00b480 se produjo el casamiento  de Schafik con Tania, en Mosc\u00fa. A mi y a Kiva nos toc\u00f3 el honor de ser los dos  \u00fanicos testigos legales de esa uni\u00f3n de donde naci\u00f3 la linda \u201cChuchita\u201d.<\/p>\n<p>&#13;<\/p>\n<p align=\"justify\" class=\"text1noticias\">La casa de la familia de Tania, como la de Galia, como la de  Kiva, pas\u00f3 tambi\u00e9n a ser lugar de nuestros encuentros \u00edntimos, en los que  repas\u00e1bamos los temas pol\u00edticos las, situaciones familiares y las principales  inquietudes del momento.<\/p>\n<p>&#13;<\/p>\n<p align=\"justify\" class=\"text1noticias\">En ellos la capacidad de humor de todos los colores de  Schafik hac\u00eda \u201c<strong>mear de la risa<\/strong>\u201d al <strong>\u201ctovarich\u201d<\/strong> Kiva, quien generalmente  tend\u00eda a hacer chistes mas sesudos, algunos cuasi filos\u00f3ficos, aunque vale  reconocer que con el tiempo aprendi\u00f3 mucho de la picard\u00eda latino-caribe\u00f1a.<\/p>\n<p>&#13;<\/p>\n<p align=\"justify\" class=\"text1noticias\">Nicaragua sandinista<\/p>\n<p>&#13;<\/p>\n<p align=\"justify\" class=\"text1noticias\">Nicaragua sandinista era casi siempre tema obligado. A todos  nos parec\u00eda \u2013a Kiva le fascinaba- sumamente valioso el ensayo de un tr\u00e1nsito  revolucionario con pluralismo econ\u00f3mico y pol\u00edtico, con formas de democracia  directa y participativa.<\/p>\n<p>&#13;<\/p>\n<p align=\"justify\" class=\"text1noticias\">A todos, sin embargo, nos preocupaba la excesiva  concentraci\u00f3n de las decisiones clave en el grupo de los nueve, el sistema de  privilegio en desarrollo, las expresiones de corrupci\u00f3n en \u00e1reas importantes  del nuevo poder, los efectos del reclutamiento obligatorio en la lucha militar  contra la \u201ccontra\u201d y el excesivo maniobrerismo pol\u00edtico de la direcci\u00f3n, a  veces en detrimento de principios fundamentales.<\/p>\n<p>&#13;<\/p>\n<p align=\"justify\" class=\"text1noticias\">Esto lo pudimos palpar de cerca cada uno de nosotros, dada  nuestra presencia en Nicaragua en diferentes oportunidades y el seguimiento que  le d\u00e1bamos a la <strong>\u201csegunda revoluci\u00f3n  triunfante\u201d,<\/strong> junto a la <strong>\u201ctercera en  marcha\u201d<\/strong> (la salvadore\u00f1a).<\/p>\n<p>&#13;<\/p>\n<p align=\"justify\" class=\"text1noticias\">Solidaridad e inconsecuencia<\/p>\n<p>&#13;<\/p>\n<p align=\"justify\" class=\"text1noticias\">Ambos procesos, por dem\u00e1s, si bien contaban con un inmenso  respaldo solidario de Cuba, no siempre contaban con la misma actitud y  comprensi\u00f3n de parte de la direcci\u00f3n sovi\u00e9tica y de otros pa\u00edses socialistas.<\/p>\n<p>&#13;<\/p>\n<p align=\"justify\" class=\"text1noticias\">Adem\u00e1s de dificultades objetivas en materia econ\u00f3mica, la  solidaridad pol\u00edtica y la ayuda disponible ten\u00edan altas y bajas, oscilaciones,  avances y obstrucciones, dependiendo de los temas, los problemas y los momentos.<br \/>&#13;<br \/>\n\u00a0\u00a0\u00a0\u00a0\u00a0\u00a0\u00a0\u00a0\u00a0\u00a0\u00a0\u00a0\u00a0\u00a0\u00a0\u00a0\u00a0\u00a0\u00a0\u00a0\u00a0\u00a0\u00a0\u00a0\u00a0\u00a0\u00a0  \u00a0\u00a0\u00a0\u00a0\u00a0\u00a0\u00a0\u00a0\u00a0\u00a0\u00a0\u00a0\u00a0\u00a0\u00a0\u00a0\u00a0\u00a0\u00a0\u00a0\u00a0\u00a0\u00a0\u00a0\u00a0\u00a0\u00a0\u00a0\u00a0\u00a0\u00a0<br \/>&#13;<br \/>\nDe mucha de esas cosas pudimos ser testigos, como conocer y  participar en una valios\u00edsima y exitosa gesti\u00f3n de solidaridad sovi\u00e9tica para  con la lucha armada del FMNL encaminada a trav\u00e9s de una figura excepcional del  generalato sovi\u00e9tico(a quien apod\u00e1bamos <strong>\u201cel  futbolista\u201d<\/strong>), \u00edntimo amigo de Maidanik e hist\u00f3ricamente vinculado a la Revoluci\u00f3n Cubana  y a otros procesos revolucionarios. \u00a1Los cohetes tierra-aire, por fin, llegaron  a los campamentos guerrilleros salvadore\u00f1os! <\/p>\n<p>&#13;<\/p>\n<p align=\"justify\" class=\"text1noticias\">Kiva sab\u00eda combinar la teor\u00eda con el sentido pr\u00e1ctico de la  solidaridad, y pese a no formar parte del oficialismo sovi\u00e9tico, conoc\u00eda a sus  integrantes como el que m\u00e1s y conservaba siempre v\u00ednculos con sus mejores  integrantes.<\/p>\n<p>&#13;<\/p>\n<p align=\"justify\" class=\"text1noticias\">Esta gesti\u00f3n fue muy oportuna porque durante la Perestroika y la Glasnot \u2013temas que tambi\u00e9n  entr\u00f3 a formar parte de nuestros \u00edntimos debates- se registr\u00f3 (al finalizar los  80) una tendencia al ablandamiento sovi\u00e9tico frente al imperialismo  estadounidense y las potencias occidentales.<\/p>\n<p>&#13;<\/p>\n<p align=\"justify\" class=\"text1noticias\">El susto de la d\u00e9cada<\/p>\n<p>&#13;<\/p>\n<p align=\"justify\" class=\"text1noticias\">En ese periodo recibimos un gran susto: estando en Mosc\u00fa, no  recuerdo con motivo de cual evento, recibimos la noticia que Schafik hab\u00eda sufrido  un severo ataque cardiaco y se encontraba en estado de gravedad.<\/p>\n<p>&#13;<\/p>\n<p align=\"justify\" class=\"text1noticias\">Kiva y yo, que si sab\u00edamos del aporte fundamental de Schafik,  por el momento insustituible, en la conducci\u00f3n del proceso unitario y en el  dise\u00f1o de la estrategia y de las t\u00e1cticas del FMLN, nos pusimos de acuerdo para  intervenir ante el PCUS a favor de la atenci\u00f3n, con el mayor nivel, de su  crisis de salud.<\/p>\n<p>&#13;<\/p>\n<p align=\"justify\" class=\"text1noticias\">Al justificado inter\u00e9s pol\u00edtico lo acompa\u00f1aba naturalmente  el inmenso afecto que le ten\u00edamos al \u201cMoro\u201d como cari\u00f1osamente lo llamaba Barbarroja  (Comandante Manuel Pi\u00f1eiro Lozada)<\/p>\n<p>&#13;<\/p>\n<p align=\"justify\" class=\"text1noticias\">Hab\u00eda que movilizarse. Hab\u00eda que presionar para no fallar  por falta de atenci\u00f3n y ofertas necesarias.<\/p>\n<p>&#13;<\/p>\n<p align=\"justify\" class=\"text1noticias\">Convenimos en que yo redactara una carta al Comit\u00e9 Central  reclamando, previa motivaci\u00f3n sobre la trascendencia del caso, su apoyo, su disposici\u00f3n  de ayudar en todo lo posible para salvar la vida de ese excepcional camarada.<\/p>\n<p>&#13;<\/p>\n<p align=\"justify\" class=\"text1noticias\">As\u00ed lo hice. Copia del texto reposa todav\u00eda en el archivo de  Kiva.<\/p>\n<p>&#13;<\/p>\n<p align=\"justify\" class=\"text1noticias\">En algo ese esfuerzo ayud\u00f3, aunque todo se resolvi\u00f3 en  M\u00e9xico. Schafik se recuper\u00f3 y desde entonces tom\u00f3 previsiones que permitieron  prolongar su valiosa y frut\u00edfera existencia. \u00a1Recuerdo cuanto nos agradeci\u00f3 ese  gesto sincero\u00a1 <\/p>\n<p>&#13;<\/p>\n<h6> 2007-01-12 16:57:19 <\/h6>\n<p><!--\n<link rel=\"stylesheet\" href=\"css\/bootstrap.min.css\">\n\n\n<ul class=\"pagination\">\n\t    \n\t\n\n<li >\n\t<a href='?page_no=13300'>Previous<\/a>\n\t<\/li>\n\n\n       \n    \n\n<li><a href='?page_no=1'>1<\/a><\/li>\n\n\n\n<li><a href='?page_no=2'>2<\/a><\/li>\n\n\n\n<li><a>...<\/a><\/li>\n\n\n\n<li><a href='?page_no=13299'>13299<\/a><\/li>\n\n\n\n<li><a href='?page_no=13300'>13300<\/a><\/li>\n\n\n\n<li class='active'><a>13301<\/a><\/li>\n\n\n\n<li><a href='?page_no=13302'>13302<\/a><\/li>\n\n\n\n<li><a href='?page_no=13303'>13303<\/a><\/li>\n\n\n\n<li><a>...<\/a><\/li>\n\n\n\n<li><a href='?page_no=13611'>13611<\/a><\/li>\n\n\n\n<li><a href='?page_no=13612'>13612<\/a><\/li>\n\n    \n\t\n\n<li >\n\t<a href='?page_no=13302'>Next<\/a>\n\t<\/li>\n\n\n    \n\n<li><a href='?page_no=13612'>Last &rsaquo;&rsaquo;<\/a><\/li>\n\n<\/ul>\n\n\n--><br \/>\n<\/body><\/p>\n","protected":false},"excerpt":{"rendered":"<p>Testimonios de amistad y camarader\u00eda (IV): &#13; Kiva y la ola Centroamericana &#13; Por Narciso Isa Conde &#13; Al finalizar la d\u00e9cada de los \u00b470 e iniciarse los \u00b480 estaba mejor dibujada la ola revolucionaria centroamericana: &#13; &#13; &#13; El desarrollo de la insurrecci\u00f3n y la victoria sandinista. &#13; &#13; &#13; \u00a0 &#13; &#13; &#13; [&hellip;]<\/p>\n","protected":false},"author":3,"featured_media":0,"comment_status":"open","ping_status":"open","sticky":false,"template":"","format":"standard","meta":{"footnotes":""},"categories":[16],"tags":[],"class_list":["post-37550","post","type-post","status-publish","format-standard","hentry","category-opiniones"],"_links":{"self":[{"href":"https:\/\/diariodominicano.com\/index.php?rest_route=\/wp\/v2\/posts\/37550","targetHints":{"allow":["GET"]}}],"collection":[{"href":"https:\/\/diariodominicano.com\/index.php?rest_route=\/wp\/v2\/posts"}],"about":[{"href":"https:\/\/diariodominicano.com\/index.php?rest_route=\/wp\/v2\/types\/post"}],"author":[{"embeddable":true,"href":"https:\/\/diariodominicano.com\/index.php?rest_route=\/wp\/v2\/users\/3"}],"replies":[{"embeddable":true,"href":"https:\/\/diariodominicano.com\/index.php?rest_route=%2Fwp%2Fv2%2Fcomments&post=37550"}],"version-history":[{"count":0,"href":"https:\/\/diariodominicano.com\/index.php?rest_route=\/wp\/v2\/posts\/37550\/revisions"}],"wp:attachment":[{"href":"https:\/\/diariodominicano.com\/index.php?rest_route=%2Fwp%2Fv2%2Fmedia&parent=37550"}],"wp:term":[{"taxonomy":"category","embeddable":true,"href":"https:\/\/diariodominicano.com\/index.php?rest_route=%2Fwp%2Fv2%2Fcategories&post=37550"},{"taxonomy":"post_tag","embeddable":true,"href":"https:\/\/diariodominicano.com\/index.php?rest_route=%2Fwp%2Fv2%2Ftags&post=37550"}],"curies":[{"name":"wp","href":"https:\/\/api.w.org\/{rel}","templated":true}]}}