{"id":37547,"date":"2020-07-28T09:01:44","date_gmt":"2020-07-28T09:01:44","guid":{"rendered":"http:\/\/diariodominicano.ddns.net\/?p=37547"},"modified":"2020-07-28T09:01:44","modified_gmt":"2020-07-28T09:01:44","slug":"la-soledad-del-poder-pendulo-hacia-el-abismo","status":"publish","type":"post","link":"https:\/\/diariodominicano.com\/?p=37547","title":{"rendered":"La Soledad del Poder: \u00bfP\u00e9ndulo hacia el abismo?"},"content":{"rendered":"<p><body><\/p>\n<p><strong>Diariodominicano.com<\/strong><\/p>\n<p><strong>La Soledad del Poder: \u00bfP\u00e9ndulo hacia el abismo?<\/strong><\/p>\n<p><strong>Manuel D\u00edaz Aponte  <\/strong><\/p>\n<p>Leonel Fern\u00e1ndez Reyna debi\u00f3 descender las escalinatas del Palacio Nacional previo a las diez de la ma\u00f1ana para dirigirse en el autom\u00f3vil placa O1 hacia el Congreso Nacional, zona sur de la ciudad de Santo Domingo.<\/p>\n<p>Su misi\u00f3n: entregar el mando al entonces presidente electo Danilo Medina S\u00e1nchez, aqu\u00e9l hist\u00f3rico 16 de agosto de 2012.  <\/p>\n<p>Pero no ocurri\u00f3 as\u00ed. Hubo un retraso de m\u00e1s de veinte minutos y reinaba un ambiente de incertidumbre entre funcionarios y militares, especialmente integrantes del anillo n\u00famero uno. <\/p>\n<p>Parecer\u00eda que el gobernante viv\u00eda emociones encontradas, motivando que detuviera el ritmo de avanzar en el trayecto para abordar su veh\u00edculo.    <\/p>\n<p>En el Lobby de la Casa de Gobierno, los periodistas que  est\u00e1bamos apostados all\u00ed, sent\u00edamos inquietud por la tardanza del mandatario saliente de acudir a la cita ineludible.<\/p>\n<p>Lo hizo pasada la hora de inicio de la ceremonia cuando hac\u00eda varios minutos que ya Danilo hab\u00eda ingresado al Sal\u00f3n de la Asamblea Nacional, para colocarse en su pecho la Banda Presidencial.<\/p>\n<p>Leonel, algo cabizbajo caminaba lentamente sobre las escalinatas de la segunda planta de la sede gubernamental, donde fuentes confirmaron que hab\u00eda pernoctado la noche del 15 de agosto.<\/p>\n<p>Su rostro proyectaba preocupaci\u00f3n y en sus ojos se advert\u00eda cierta nostalgia despu\u00e9s de ocupar la silla presidencial por 8 a\u00f1os continuos (2004-2012). <\/p>\n<p><strong>El primer mandato fue en el periodo 1996-2000. <\/strong>   <\/p>\n<p>Se convirti\u00f3 as\u00ed en el primer gobernante salido de las filas del Partido de la Liberaci\u00f3n Dominicana (PLD) con el apoyo del denominado \u00abFrente Patri\u00f3tico\u00bb que auspici\u00f3 el caudillo reformista Joaqu\u00edn Balaguer para cerrarle el paso al carism\u00e1tico l\u00edder del otrora poderoso Partido Revolucionario Dominicano (PRD), Jos\u00e9 Francisco Pe\u00f1a G\u00f3mez.      <\/p>\n<p>Leonel, \u00bfno quer\u00eda salir del Palacio?<\/p>\n<p>Ni siquiera se despidi\u00f3 de los comunicadores y empleados de la mansi\u00f3n presidencial cuando se acercaba a los refractores de las c\u00e1maras fotogr\u00e1ficas digitales y de televisi\u00f3n. <\/p>\n<p>De pronto, el reducido s\u00e9quito que lo acompa\u00f1aba hacia el Congreso Nacional aceler\u00f3 el paso tras escucharse intensamente el ulular de los tel\u00e9fonos m\u00f3viles y toque de atenci\u00f3n de efectivos de la Guardia Presidencial.       <\/p>\n<p>Probablemente hubo llamadas telef\u00f3nicas de alg\u00fan  responsable de la Direcci\u00f3n del Ceremonial y Protocolo de la Presidencia, que desde la Asamblea Nacional, advert\u00eda el prolongado retraso para iniciar la solemne ceremonia. <\/p>\n<p>Los veh\u00edculos de la comitiva de Leonel salieron raudos y se escuch\u00f3 por \u00faltima vez la sirena de la unidad de la avanzada y de la perseguidora saliendo por el port\u00f3n principal del Palacio, y dirigi\u00e9ndose por la calle Mois\u00e9s Garc\u00eda Mella en direcci\u00f3n a la avenida Dr. Delgado.     <\/p>\n<p>En su primer mandato, iniciado el 16 de agosto del 1996, el doctor Leonel Fern\u00e1ndez ten\u00eda 42 a\u00f1os de edad, y sol\u00eda proyectar su mirada desde uno de los balcones del Despacho Presidencial, para contemplar el movimiento de los transe\u00fantes que se desplazaban apresuradamente a sus compromisos habituales.<\/p>\n<\/p>\n<p><strong>Mirando desde los Balcones <\/strong><\/p>\n<\/p>\n<p>Entrevistado por la prensa, Leonel admiti\u00f3 que haciendo pausas en la tarea gubernamental, en ocasiones asomaba al balc\u00f3n para ver la movilidad de las gentes en las calles adyacentes.<\/p>\n<p>Otra opci\u00f3n que habitualmente ejerc\u00eda era leer sus libros de consultas en la biblioteca del Despacho Presidencial.<\/p>\n<p>El 16 de agosto, al finalizar cada cuatrienio, se efect\u00faa la Toma de Posesi\u00f3n, conforme lo establece la Constituci\u00f3n, donde es juramentado el nuevo presidente y vicepresidente. <\/p>\n<p>Los miembros de la Asamblea Nacional integrados por los senadores y diputados previamente juramentados en sus respectivos bufetes directivos, se re\u00fanen en el Sal\u00f3n de la Asamblea para recibir a las m\u00e1ximas autoridades electas del pa\u00eds.<\/p>\n<p>El ceremonial est\u00e1 pautado para las diez de la ma\u00f1ana y no debe ser violentado ese horario puesto que se trata de una actividad de Estado, a la que asisten otros dignatarios, diplom\u00e1ticos e invitados especiales. <\/p>\n<p>Tambi\u00e9n, por la transmisi\u00f3n conjunta de la cadena de radio, televisi\u00f3n e internet contratada para llevar la se\u00f1al satelital del acto a nivel nacional e internacional.        <\/p>\n<p><strong>Normas Protocolares<\/strong><\/p>\n<p>Hay dos fases en el traspaso de autoridad. La mesa presidencial consta de 12 puestos e iniciada la ceremonia el presidente saliente encabeza la mesa y a su derecha se sientan los presidentes de las c\u00e1maras legislativas y a su izquierda el presidente electo, luego los vicepresidentes, el saliente y el entrante. <\/p>\n<p>Tras ser juramentado por el presidente del Senado y de la Asamblea Nacional, el nuevo mandatario cambia de puesto con el saliente y pasa a presidir la mesa. Tambi\u00e9n, van en la mesa presidencial los presidentes de la Suprema Corte de Justicia y del Tribunal Constitucional.        <\/p>\n<p>El s\u00edndrome de la \u00absoledad del poder\u00bb no tan s\u00f3lo impacta sobre la cabeza de un Jefe de Estado, puede tambi\u00e9n causar efectos al concluir sus funciones en los ministros; congresistas, jueces de las distintas cortes e instancias, alcaldes y regidores municipales, altos mandos militares y policiales. <\/p>\n<p>Los pol\u00edticos sufren consecuencias emocionales en ese proceso que nadie quisiera vivir, y algunos bajo la lupa y el silencio buscan ayudas ante el siquiatra con el blindaje del secreto profesional. <\/p>\n<p><strong>S\u00edndrome Delicado<\/strong><\/p>\n<p>Detr\u00e1s de las espesas cortinas de la facultad constitucional se esconden conflictos, intereses, ambiciones, deslealtades, ingratitudes y  diferencias que \u00abenfrentan\u00bb a quien dirige el Estado con su entorno cercano.<\/p>\n<p>La responsabilidad y puntualidad son esenciales en las esferas de influencia, y en Rep\u00fablica Dominicana uno de los l\u00edderes pol\u00edticos que con mayor vehemencia ha transitado esa ruta es el ex presidente Hip\u00f3lito Mej\u00eda Dom\u00ednguez.<\/p>\n<p>Siempre madrugador, siempre puntual en el cumplimiento de la agenda durante su gobierno (2000-2004), y los periodistas que trabajamos con \u00e9l, incluido por supuesto, los que cubr\u00edan la fuente palaciega, tuvimos que adaptarnos a su ritmo de trabajo y disciplinarnos.<\/p>\n<p>En diversas ocasiones \u00absorprendi\u00f3\u00bb a \u00e9stos llegando hasta media hora antes al lugar donde iba a iniciar o inaugurar una obra, no importa que fuera en Dajab\u00f3n,  Pedernales, Saman\u00e1 o La Altagracia. <\/p>\n<p>Inclusive, cuando le toc\u00f3 entregar las riendas de la administraci\u00f3n a Leonel en (2004), lleg\u00f3 puntualmente a la ceremonia.    <\/p>\n<p>Las ocurrencias a las que frecuentemente apelaba reduc\u00edan el cansancio de las estresantes y agotadoras jornadas de  seguimiento a la programaci\u00f3n presidencial.       <\/p>\n<p>Ahora que el actual presidente Danilo Medina est\u00e1 finalizando su segundo gobierno (2016-2020) no es de extra\u00f1ar que los efectos de la \u00absoledad del poder\u00bb est\u00e9n circundando sus movimientos.<\/p>\n<p>Y surgen varias interrogantes: \u00bfCu\u00e1l ser\u00e1 su futuro pol\u00edtico inmediato?, \u00bfTendr\u00e1 que responder \u00e9l o colaboradores cercanos a alg\u00fan expediente en los tribunales por corrupci\u00f3n?, \u00bfHabr\u00e1  impunidad nuevamente en el pa\u00eds?, \u00bfLlegar\u00e1 puntual a entregar el mando al presidente electo, Luis Abinader, en el Congreso Nacional? <\/p>\n<p>Una cosa s\u00ed que es segura, su foto oficial esparcida por todas las oficinas del Palacio Nacional y de las instituciones gubernamentales, desde la noche del 15 de agosto comienza a ser desmontada. <\/p>\n<p>Demostraci\u00f3n inequ\u00edvoca, de que el poder es ef\u00edmero y su final irreversible. <\/p>\n<p><strong>Art\u00edculo de Manuel D\u00edaz Aponte <\/strong><\/p>\n<p><strong>Lunes, 27 de julio 2020<\/strong><\/p>\n<h6> 2020-07-28 09:01:44 <\/h6>\n<p><!--\n<link rel=\"stylesheet\" href=\"css\/bootstrap.min.css\">\n\n\n<ul class=\"pagination\">\n\t    \n\t\n\n<li >\n\t<a href='?page_no=132'>Previous<\/a>\n\t<\/li>\n\n\n       \n    \n\n<li><a href='?page_no=1'>1<\/a><\/li>\n\n\n\n<li><a href='?page_no=2'>2<\/a><\/li>\n\n\n\n<li><a>...<\/a><\/li>\n\n\n\n<li><a href='?page_no=131'>131<\/a><\/li>\n\n\n\n<li><a href='?page_no=132'>132<\/a><\/li>\n\n\n\n<li class='active'><a>133<\/a><\/li>\n\n\n\n<li><a href='?page_no=134'>134<\/a><\/li>\n\n\n\n<li><a href='?page_no=135'>135<\/a><\/li>\n\n\n\n<li><a>...<\/a><\/li>\n\n\n\n<li><a href='?page_no=13611'>13611<\/a><\/li>\n\n\n\n<li><a href='?page_no=13612'>13612<\/a><\/li>\n\n    \n\t\n\n<li >\n\t<a href='?page_no=134'>Next<\/a>\n\t<\/li>\n\n\n    \n\n<li><a href='?page_no=13612'>Last &rsaquo;&rsaquo;<\/a><\/li>\n\n<\/ul>\n\n\n--><br \/>\n<\/body><\/p>\n","protected":false},"excerpt":{"rendered":"<p>Diariodominicano.com La Soledad del Poder: \u00bfP\u00e9ndulo hacia el abismo? Manuel D\u00edaz Aponte Leonel Fern\u00e1ndez Reyna debi\u00f3 descender las escalinatas del Palacio Nacional previo a las diez de la ma\u00f1ana para dirigirse en el autom\u00f3vil placa O1 hacia el Congreso Nacional, zona sur de la ciudad de Santo Domingo. Su misi\u00f3n: entregar el mando al entonces [&hellip;]<\/p>\n","protected":false},"author":3,"featured_media":0,"comment_status":"open","ping_status":"open","sticky":false,"template":"","format":"standard","meta":{"footnotes":""},"categories":[16],"tags":[],"class_list":["post-37547","post","type-post","status-publish","format-standard","hentry","category-opiniones"],"_links":{"self":[{"href":"https:\/\/diariodominicano.com\/index.php?rest_route=\/wp\/v2\/posts\/37547","targetHints":{"allow":["GET"]}}],"collection":[{"href":"https:\/\/diariodominicano.com\/index.php?rest_route=\/wp\/v2\/posts"}],"about":[{"href":"https:\/\/diariodominicano.com\/index.php?rest_route=\/wp\/v2\/types\/post"}],"author":[{"embeddable":true,"href":"https:\/\/diariodominicano.com\/index.php?rest_route=\/wp\/v2\/users\/3"}],"replies":[{"embeddable":true,"href":"https:\/\/diariodominicano.com\/index.php?rest_route=%2Fwp%2Fv2%2Fcomments&post=37547"}],"version-history":[{"count":0,"href":"https:\/\/diariodominicano.com\/index.php?rest_route=\/wp\/v2\/posts\/37547\/revisions"}],"wp:attachment":[{"href":"https:\/\/diariodominicano.com\/index.php?rest_route=%2Fwp%2Fv2%2Fmedia&parent=37547"}],"wp:term":[{"taxonomy":"category","embeddable":true,"href":"https:\/\/diariodominicano.com\/index.php?rest_route=%2Fwp%2Fv2%2Fcategories&post=37547"},{"taxonomy":"post_tag","embeddable":true,"href":"https:\/\/diariodominicano.com\/index.php?rest_route=%2Fwp%2Fv2%2Ftags&post=37547"}],"curies":[{"name":"wp","href":"https:\/\/api.w.org\/{rel}","templated":true}]}}