{"id":37543,"date":"2007-01-14T19:41:46","date_gmt":"2007-01-14T19:41:46","guid":{"rendered":"http:\/\/diariodominicano.ddns.net\/?p=37543"},"modified":"2007-01-14T19:41:46","modified_gmt":"2007-01-14T19:41:46","slug":"pregunta-un-peledeista","status":"publish","type":"post","link":"https:\/\/diariodominicano.com\/?p=37543","title":{"rendered":"Pregunta un peledeista"},"content":{"rendered":"<p><body><\/p>\n<p class=\"titulogrande1\"><strong>Pregunta un peledeista\u00a0 <\/strong><\/p>\n<p>&#13;<\/p>\n<p class=\"textogrande\"><strong>Por V\u00edctor Cuevas<\/strong><\/p>\n<p>&#13;<\/p>\n<p align=\"justify\" class=\"text1noticias\">Centr\u00edfuga  y centr\u00edpetamente en el Partido de la Liberaci\u00f3n Dominicana  se est\u00e1n moviendo corrientes de opiniones, y declaraciones de dirigentes con  diferentes grados jer\u00e1rquicos, que generan las m\u00e1s variadas interrogantes a  quienes militamos o simpatizamos por esa organizaci\u00f3n pol\u00edtica, o simplemente a  quienes le dan seguimiento.\u00a0 Preguntas  como:<\/p>\n<p>&#13;<\/p>\n<p align=\"justify\" class=\"text1noticias\">\u00bfEs  dial\u00e9ctica, coyuntural o forzada la parcelaci\u00f3n que experimentamos?\u00a0 \u00bfPrecisa el PLD de la reingenier\u00eda grupal pendiente  desde el VI Congreso Profesor Juan Bosch?\u00a0  \u00bfQui\u00e9n determina el futuro del PLD: un dirigente, un organismo superior  jer\u00e1rquico, las bases, o el criterio unificado de esas instancias? \u00bfSe est\u00e1n  produciendo simult\u00e1neamente dos divisiones biun\u00edvocas entre partido y gobierno?  \u00bfDejar\u00e1 de ser el PLD \u201cUn Partido \u00danico en Am\u00e9rica\u201d? <\/p>\n<p>&#13;<\/p>\n<p align=\"justify\" class=\"text1noticias\">\u00bfTiene  cuadratura el voto peledeista?\u00a0 \u00bfDej\u00f3 de  ser el PLD una organizaci\u00f3n de masa sapiens?\u00a0  \u00bfHay marionetismo o dirigentes a control remoto?\u00a0 \u00bfSe est\u00e1n interpretando las leyes naturales  de la sociedad dominicana, sincronizando sus expectativas y resultados; se  est\u00e1n haciendo las cosas a su debido tiempo?\u00a0  \u00bfEst\u00e1 dirigi\u00e9ndose a s\u00ed mismo el PLD o al PLD lo est\u00e1n dirigiendo desde  fuera.\u00a0 A qui\u00e9n servimos los  peledeistas?\u00a0 <\/p>\n<p>&#13;<\/p>\n<p align=\"justify\" class=\"text1noticias\">\u00bfHabr\u00e1  PLD en el Poder m\u00e1s all\u00e1 del 2008?\u00a0  \u00bfEstamos poniendo la carreta delante de los bueyes?\u00a0 \u00bfEstamos olvidando que en pol\u00edtica las cosas  que no se ven suelen ser m\u00e1s importantes que las evidentes?\u00a0 \u00bfJuan Bosch estar\u00eda de acuerdo en que se  tomen decisiones por consideraciones y relaciones personales? \u00bfDebe tener un  rostro determinado la fidelidad al Partido?\u00a0 <\/p>\n<p>&#13;<\/p>\n<p align=\"justify\" class=\"text1noticias\">\u00bfHay  indecisi\u00f3n ante las alternativas del presente?\u00a0  \u00bfEst\u00e1n pintadas las bases del PLD?\u00a0  \u00bfPartido y Gobierno dejar\u00e1n de estar en alg\u00fan momento bajo la misma  sombrilla?\u00a0 \u00bfCu\u00e1l necesita m\u00e1s defensa en  estos momentos, el Partido o el Gobierno?\u00a0 <\/p>\n<p>&#13;<\/p>\n<p align=\"justify\" class=\"text1noticias\">\u00bfEn  la cronolog\u00eda (sucesi\u00f3n de acontecimientos hist\u00f3ricos) del PLD se est\u00e1  produciendo hoy d\u00eda un desfase dial\u00e9ctico?\u00a0  \u00bfNuestra madurez pol\u00edtica al enfrentar a nuestros adversarios, podemos  garantizarla en una competencia intramuros?\u00a0  \u00bfGraficando, estamos cavando nuestra propia tumba y d\u00e1ndoles demasiadas  velas\u00a0 a sepultureros que s\u00f3lo les interesa  la parte mercurial del entierro?\u00a0 \u00bfSe  acabaron las cabezas pensantes del PLD?\u00a0 <\/p>\n<p>&#13;<\/p>\n<p align=\"justify\" class=\"text1noticias\">\u00a1Disciplina  partidaria, \u00bfqui\u00e9n pone el ejemplo?!\u00a0  \u00bfAmor quita conocimiento en el PLD?\u00a0  \u00bfHasta d\u00f3nde corresponden de manera natural los aspirantes y las  aspiraciones de las bases del Partido, y m\u00e1s all\u00e1?\u00a0 \u00bfEn el PLD no estamos en capacidad moment\u00e1neamente  de distinguir el ayer, el hoy y el ma\u00f1ana?\u00a0  \u00bfQu\u00e9 miedos hay a una votaci\u00f3n que simplemente tiene que ser  transparente?\u00a0 \u00bfLa inconsecuencia  pol\u00edtica quiere alojarse en el PLD?\u00a0 \u00bfLa  aspiraci\u00f3n ha de corresponder al proyecto del Partido, o el Partido debe  corresponder al proyecto de la aspiraci\u00f3n?\u00a0 <\/p>\n<p>&#13;<\/p>\n<p align=\"justify\" class=\"text1noticias\">Compa\u00f1eros  del Comit\u00e9 Pol\u00edtico, Central, estructuras de trabajo, direcciones provinciales,  municipales, intermedias, de bases, circunscripciones; funcionarios de la  administraci\u00f3n gubernamental y del Congreso Nacional, sindicaturas y salas  capitulares, \u00a1and\u00e9monos con la cabeza fr\u00eda y pies de plomo, porque si no \u201c\u00a1e\u00b4pa  fuera que vamos!\u201d<\/p>\n<p>&#13;<\/p>\n<p align=\"justify\" class=\"text1noticias\"><strong>El autor es periodista, subsecretario de  Comunicaciones del PLD.<\/strong><\/p>\n<p>&#13;<\/p>\n<h6> 2007-01-14 19:41:46 <\/h6>\n<p><!--\n<link rel=\"stylesheet\" href=\"css\/bootstrap.min.css\">\n\n\n<ul class=\"pagination\">\n\t    \n\t\n\n<li >\n\t<a href='?page_no=13295'>Previous<\/a>\n\t<\/li>\n\n\n       \n    \n\n<li><a href='?page_no=1'>1<\/a><\/li>\n\n\n\n<li><a href='?page_no=2'>2<\/a><\/li>\n\n\n\n<li><a>...<\/a><\/li>\n\n\n\n<li><a href='?page_no=13294'>13294<\/a><\/li>\n\n\n\n<li><a href='?page_no=13295'>13295<\/a><\/li>\n\n\n\n<li class='active'><a>13296<\/a><\/li>\n\n\n\n<li><a href='?page_no=13297'>13297<\/a><\/li>\n\n\n\n<li><a href='?page_no=13298'>13298<\/a><\/li>\n\n\n\n<li><a>...<\/a><\/li>\n\n\n\n<li><a href='?page_no=13611'>13611<\/a><\/li>\n\n\n\n<li><a href='?page_no=13612'>13612<\/a><\/li>\n\n    \n\t\n\n<li >\n\t<a href='?page_no=13297'>Next<\/a>\n\t<\/li>\n\n\n    \n\n<li><a href='?page_no=13612'>Last &rsaquo;&rsaquo;<\/a><\/li>\n\n<\/ul>\n\n\n--><br \/>\n<\/body><\/p>\n","protected":false},"excerpt":{"rendered":"<p>Pregunta un peledeista\u00a0 &#13; Por V\u00edctor Cuevas &#13; Centr\u00edfuga y centr\u00edpetamente en el Partido de la Liberaci\u00f3n Dominicana se est\u00e1n moviendo corrientes de opiniones, y declaraciones de dirigentes con diferentes grados jer\u00e1rquicos, que generan las m\u00e1s variadas interrogantes a quienes militamos o simpatizamos por esa organizaci\u00f3n pol\u00edtica, o simplemente a quienes le dan seguimiento.\u00a0 Preguntas [&hellip;]<\/p>\n","protected":false},"author":3,"featured_media":0,"comment_status":"open","ping_status":"open","sticky":false,"template":"","format":"standard","meta":{"footnotes":""},"categories":[16],"tags":[],"class_list":["post-37543","post","type-post","status-publish","format-standard","hentry","category-opiniones"],"_links":{"self":[{"href":"https:\/\/diariodominicano.com\/index.php?rest_route=\/wp\/v2\/posts\/37543","targetHints":{"allow":["GET"]}}],"collection":[{"href":"https:\/\/diariodominicano.com\/index.php?rest_route=\/wp\/v2\/posts"}],"about":[{"href":"https:\/\/diariodominicano.com\/index.php?rest_route=\/wp\/v2\/types\/post"}],"author":[{"embeddable":true,"href":"https:\/\/diariodominicano.com\/index.php?rest_route=\/wp\/v2\/users\/3"}],"replies":[{"embeddable":true,"href":"https:\/\/diariodominicano.com\/index.php?rest_route=%2Fwp%2Fv2%2Fcomments&post=37543"}],"version-history":[{"count":0,"href":"https:\/\/diariodominicano.com\/index.php?rest_route=\/wp\/v2\/posts\/37543\/revisions"}],"wp:attachment":[{"href":"https:\/\/diariodominicano.com\/index.php?rest_route=%2Fwp%2Fv2%2Fmedia&parent=37543"}],"wp:term":[{"taxonomy":"category","embeddable":true,"href":"https:\/\/diariodominicano.com\/index.php?rest_route=%2Fwp%2Fv2%2Fcategories&post=37543"},{"taxonomy":"post_tag","embeddable":true,"href":"https:\/\/diariodominicano.com\/index.php?rest_route=%2Fwp%2Fv2%2Ftags&post=37543"}],"curies":[{"name":"wp","href":"https:\/\/api.w.org\/{rel}","templated":true}]}}