{"id":37542,"date":"2007-01-14T19:45:45","date_gmt":"2007-01-14T19:45:45","guid":{"rendered":"http:\/\/diariodominicano.ddns.net\/?p=37542"},"modified":"2007-01-14T19:45:45","modified_gmt":"2007-01-14T19:45:45","slug":"el-tiro-rapido-449","status":"publish","type":"post","link":"https:\/\/diariodominicano.com\/?p=37542","title":{"rendered":"EL TIRO RAPIDO"},"content":{"rendered":"<p><body><\/p>\n<p><span class=\"titulogrande1\">EL TIRO RAPIDO<\/span><br \/>&#13;<br \/>\n  <br \/>&#13;<br \/>\n    <span class=\"textogrande\">de<br \/>&#13;<br \/>\nMario  Rivadulla<\/span><\/p>\n<p>&#13;<\/p>\n<p align=\"justify\" class=\"text1noticias\">El Senado de la Rep\u00f9blica aprob\u00f2 ayer de urgencia, en dos  lecturas consecutivas, el proyecto de ley que criminaliza el fraude  el\u00e9ctrico.\u00a0 En esta oportunidad no hubo  oposici\u00f3n a la pieza. La totalidad de los senadores presentes le concedieron el  aval de sus votos.<\/p>\n<p>&#13;<\/p>\n<p align=\"justify\" class=\"text1noticias\">Sin embargo, el proyecto sufri\u00f2  modificaciones interesantes.<\/p>\n<p>&#13;<\/p>\n<p align=\"justify\" class=\"text1noticias\">Una de ellas es que si bien  penaliza con multas a los consumidores de menos de mil kilovatios mensuales,  los exime del castigo de prisi\u00f3n que, por el contrario, se establece en escala  gradual y ascendente hasta llegar a tres a\u00f1os a usuarios mayores conjuntamente  con sanciones econ\u00f3micas a partir de 320 salarios m\u00ednimos hasta un tope de 5  mil.<\/p>\n<p>&#13;<\/p>\n<p align=\"justify\" class=\"text1noticias\">Otro de los aspectos  interesantes del proyecto aprobado que ahora pasar\u00e0 a la C\u00e0mara, donde se espera que  reciba el mismo tratamiento de urgencia y cuente igualmente con una votaci\u00f3n si  no un\u00e0nime,\u00a0 decisivamente mayoritaria,  es que las distribuidoras no escapan indemnes a sus responsabilidades frente a  sus respectivos clientes.<\/p>\n<p>&#13;<\/p>\n<p align=\"justify\" class=\"text1noticias\">As\u00ec, queda establecido que en  casos comprobados de error de medici\u00f2n en el consumo, la EDE culpable tendr\u00e0 que  resarcir al usuario en diez veces la cantidad de kilovatios que le haya  facturado de m\u00e0s.<\/p>\n<p>&#13;<\/p>\n<p align=\"justify\" class=\"text1noticias\">Ambas modificaciones coinciden  con advertencias que hab\u00eca hecho el ex senador pelede\u00ecsta Jos\u00e8 Tom\u00e0s P\u00e9rez,  quien ahora mismo corre como precandidato presidencial del partido morado, y  cuyas declaraciones\u00a0 acogimos y  comentamos en TELEDEBATE.<\/p>\n<p>&#13;<\/p>\n<p align=\"justify\" class=\"text1noticias\">El respetado dirigente pol\u00edtico  hab\u00eca expresado temores de que la pieza pudiera convertirse en un instrumento  de presi\u00f3n y persecuci\u00f3n contra los sectores de m\u00e0s bajos ingresos, que, como  antes se se\u00f1al\u00f2 quedar\u00e0n eximidos de responsabilidad penal aunque tendr\u00e1n que  afrontar una moderada sanci\u00f3n econ\u00f3mica en caso de fraude.<\/p>\n<p>&#13;<\/p>\n<p align=\"justify\" class=\"text1noticias\">Y, por otra parte, hab\u00eca  reclamado penalidad para las distribuidoras por posibles abusos y excesos  frente a sus clientes respectivos, lo que tambi\u00e8n se contempla ahora en el  proyecto modificado.<\/p>\n<p>&#13;<\/p>\n<p align=\"justify\" class=\"text1noticias\">La problem\u00e1tica el\u00e9ctrica es  muy compleja y presenta diferentes vertientes.\u00a0  Pero la opini\u00f3n\u00a0 de los expertos  tra\u00ecdos de fuera tanto como los locales para hacer el diagn\u00f2stico de la crisis  y proponer soluciones, ha coincidido en se\u00f1alar que el principal obst\u00e1culo a  superar es la energ\u00eda servida y no cobrada que se acerca al cincuenta por  ciento, en buena medida como consecuencia del fraude sobre todo de grandes  consumidores. Un porcentaje varias veces mayor que el promedio en pa\u00ecses de  nivel de desarrollo parecido al nuestro.<\/p>\n<p>&#13;<\/p>\n<p align=\"justify\" class=\"text1noticias\">Es evidente que mientras el  servicio energ\u00e9tico no sea autofinanciable, estaremos inexorablemente  condenados a los apagones y las abultadas facturaciones que pesan sobre la  sobrecargada econom\u00eca de la mayor\u00eca de quienes pagan en forma religiosa el  consumo de electricidad,\u00a0 as\u00ec como el  Estado a subsidiar el mismo a riesgo de parar y hasta desestabilizar el pa\u00ecs,  si no lo hace.<\/p>\n<p>&#13;<\/p>\n<p align=\"justify\" class=\"text1noticias\">De ah\u00ec, que aunque no de forma  excluyente ya que es preciso atacar otras diversas fallas, irregularidades e  incongruencias que presenta el vital sector energ\u00e9tico, se le otorgue prioridad  al prop\u00f2sito de sancionar el fraude y tratar de reducirlo a su m\u00ednima  expresi\u00f2n.<\/p>\n<p>&#13;<\/p>\n<p align=\"justify\" class=\"text1noticias\">A ver si en un tiempo  razonable, sin hacernos la ilusi\u00f3n de que en plazo breve pero tampoco sin  vernos condenados a una espera demasiado prolongada, podamos contar con un  servicio decente y a un costo asequible, las generadoras cobrar a tiempo por la  energ\u00eda que sirven, las distribuidoras equilibrar sus deficitarias finanzas y  el Estado ahorrarse esos cuatrocientos millones de d\u00f3lares que destinar\u00e0 este  a\u00f1o a subsidiar el servicio, y que bien pudieran dedicarse a fines sociales de  gran importancia como son mejorar la salud y la educaci\u00f3n y reducir los  elevados niveles de pobreza.<\/p>\n<p>&#13;<\/p>\n<p align=\"justify\" class=\"text1noticias\"><strong>(TELEDEBATE. Canal 23,  Telefuturo, cubriendo todo el pa\u00ecs v\u00eca sat\u00e9lite y contando con los servicios de  Aster, Telecable Nacional y 55 cables locales.\u00a0  A nivel internacional, en vivo y directo, a trav\u00e8s de Internet. De lunes  a viernes, 8 p.m.\u00a0 Transmisi\u00f3n del jueves  11,01,07).<\/strong><\/p>\n<p>&#13;<\/p>\n<h6> 2007-01-14 19:45:45 <\/h6>\n<p><!--\n<link rel=\"stylesheet\" href=\"css\/bootstrap.min.css\">\n\n\n<ul class=\"pagination\">\n\t    \n\t\n\n<li >\n\t<a href='?page_no=13294'>Previous<\/a>\n\t<\/li>\n\n\n       \n    \n\n<li><a href='?page_no=1'>1<\/a><\/li>\n\n\n\n<li><a href='?page_no=2'>2<\/a><\/li>\n\n\n\n<li><a>...<\/a><\/li>\n\n\n\n<li><a href='?page_no=13293'>13293<\/a><\/li>\n\n\n\n<li><a href='?page_no=13294'>13294<\/a><\/li>\n\n\n\n<li class='active'><a>13295<\/a><\/li>\n\n\n\n<li><a href='?page_no=13296'>13296<\/a><\/li>\n\n\n\n<li><a href='?page_no=13297'>13297<\/a><\/li>\n\n\n\n<li><a>...<\/a><\/li>\n\n\n\n<li><a href='?page_no=13611'>13611<\/a><\/li>\n\n\n\n<li><a href='?page_no=13612'>13612<\/a><\/li>\n\n    \n\t\n\n<li >\n\t<a href='?page_no=13296'>Next<\/a>\n\t<\/li>\n\n\n    \n\n<li><a href='?page_no=13612'>Last &rsaquo;&rsaquo;<\/a><\/li>\n\n<\/ul>\n\n\n--><br \/>\n<\/body><\/p>\n","protected":false},"excerpt":{"rendered":"<p>EL TIRO RAPIDO&#13; &#13; de&#13; Mario Rivadulla &#13; El Senado de la Rep\u00f9blica aprob\u00f2 ayer de urgencia, en dos lecturas consecutivas, el proyecto de ley que criminaliza el fraude el\u00e9ctrico.\u00a0 En esta oportunidad no hubo oposici\u00f3n a la pieza. La totalidad de los senadores presentes le concedieron el aval de sus votos. &#13; Sin embargo, [&hellip;]<\/p>\n","protected":false},"author":3,"featured_media":0,"comment_status":"open","ping_status":"open","sticky":false,"template":"","format":"standard","meta":{"footnotes":""},"categories":[16],"tags":[],"class_list":["post-37542","post","type-post","status-publish","format-standard","hentry","category-opiniones"],"_links":{"self":[{"href":"https:\/\/diariodominicano.com\/index.php?rest_route=\/wp\/v2\/posts\/37542","targetHints":{"allow":["GET"]}}],"collection":[{"href":"https:\/\/diariodominicano.com\/index.php?rest_route=\/wp\/v2\/posts"}],"about":[{"href":"https:\/\/diariodominicano.com\/index.php?rest_route=\/wp\/v2\/types\/post"}],"author":[{"embeddable":true,"href":"https:\/\/diariodominicano.com\/index.php?rest_route=\/wp\/v2\/users\/3"}],"replies":[{"embeddable":true,"href":"https:\/\/diariodominicano.com\/index.php?rest_route=%2Fwp%2Fv2%2Fcomments&post=37542"}],"version-history":[{"count":0,"href":"https:\/\/diariodominicano.com\/index.php?rest_route=\/wp\/v2\/posts\/37542\/revisions"}],"wp:attachment":[{"href":"https:\/\/diariodominicano.com\/index.php?rest_route=%2Fwp%2Fv2%2Fmedia&parent=37542"}],"wp:term":[{"taxonomy":"category","embeddable":true,"href":"https:\/\/diariodominicano.com\/index.php?rest_route=%2Fwp%2Fv2%2Fcategories&post=37542"},{"taxonomy":"post_tag","embeddable":true,"href":"https:\/\/diariodominicano.com\/index.php?rest_route=%2Fwp%2Fv2%2Ftags&post=37542"}],"curies":[{"name":"wp","href":"https:\/\/api.w.org\/{rel}","templated":true}]}}