{"id":37541,"date":"2007-01-14T19:50:02","date_gmt":"2007-01-14T19:50:02","guid":{"rendered":"http:\/\/diariodominicano.ddns.net\/?p=37541"},"modified":"2007-01-14T19:50:02","modified_gmt":"2007-01-14T19:50:02","slug":"punto-y-coma-6","status":"publish","type":"post","link":"https:\/\/diariodominicano.com\/?p=37541","title":{"rendered":"PUNTO Y COMA"},"content":{"rendered":"<p><body><\/p>\n<p><strong class=\"titulogrande1\">PUNTO  Y COMA<\/strong><br \/>&#13;<br \/>\n  <br \/>&#13;<br \/>\n    <strong class=\"textogrande\">Por  Santos Aquino Rubio<\/strong><\/p>\n<p>&#13;<\/p>\n<p align=\"justify\"><strong>NEY ARIAS LORA: UNA SENSIBLE PERDIDA<\/strong><br \/>&#13;<br \/>\n    <strong>\u00a0\u00a0\u00a0\u00a0\u00a0\u00a0\u00a0\u00a0\u00a0\u00a0\u00a0\u00a0\u00a0\u00a0\u00a0\u00a0\u00a0\u00a0\u00a0\u00a0\u00a0\u00a0\u00a0\u00a0\u00a0\u00a0\u00a0\u00a0\u00a0\u00a0\u00a0\u00a0\u00a0\u00a0\u00a0\u00a0\u00a0\u00a0\u00a0\u00a0\u00a0 <\/strong><br \/>&#13;<br \/>\n    <span class=\"text1noticias\">La sociedad dominicana ha perdido a uno de sus m\u00e1s  ilustres hijos con la partida sin regreso del insigne ciudadano Ney Arias Lora,  m\u00e9dico, padre, amigo y, sobre todo, un ser humano grandemente preocupado por la  suerte de los dem\u00e1s.<\/span><\/p>\n<p>&#13;<\/p>\n<p align=\"justify\" class=\"text1noticias\">Con la muerte f\u00edsica, porque vivir\u00e1 por siempre, de  este hombre de bien, pol\u00edtico sin demagogia y profesional que supo siempre el  valor de su ejercicio, la importancia del juramento hipocr\u00e1tico y el significado  del denominado C\u00f3digo de Maimonide.<\/p>\n<p>&#13;<\/p>\n<p align=\"justify\" class=\"text1noticias\">Su ejercicio, como cirujano estuvo al servicio de  los distintos estamentos sociales, el mismo trato dispensaba al m\u00e1s humilde de  los dominicanos que el m\u00e1s rico. Muchos buscaron y hallaron en \u00e9l a un  protector que atend\u00eda sus requerimientos sin pensar en sus recursos econ\u00f3micos.  Muchos salvaron la vida gracias a su acci\u00f3n solidaria.<\/p>\n<p>&#13;<\/p>\n<p align=\"justify\" class=\"text1noticias\">Como pol\u00edtico, siempre conciliador y comprensivo,  m\u00e9dicos y otros profesionales recibieron su apoyo y encontraron en \u00e9l al  maestro, al amigo, e incluso, una cantidad considerable se mantuvo en torno a  las simpat\u00edas hacia el Partido Reformista Social Cristiano (PRSC), por su  intermedio.<\/p>\n<p>&#13;<\/p>\n<p align=\"justify\" class=\"text1noticias\">Como presidente en funciones de la organizaci\u00f3n  fundada por Joaqu\u00edn Balaguer, 1986-94, estableci\u00f3 un estilo diferente de manejo  pol\u00edtico, tanto con la alta dirigencia como con los m\u00e1s humildes militantes y  simpatizantes.<\/p>\n<p>&#13;<\/p>\n<p align=\"justify\" class=\"text1noticias\">Con su partida, el amigo, el padre, el hijo, el  insigne ciudadano, no s\u00f3lo deja\u00a0 solos,  tristes y abatidos a su viuda, do\u00f1a Elizabeth, a sus hijos Diana y Ricky, sino  tambi\u00e9n a su anciana madre y a su hermana Maggy, sino tambi\u00e9n a los que como  afectos le querremos siempre.<\/p>\n<p>&#13;<\/p>\n<p align=\"justify\" class=\"text1noticias\">Su entrega como padre de la neurocirug\u00eda en el pa\u00eds,  su ense\u00f1a\u00a0 como maestro, como amigo y  pol\u00edtico sobrio, nos servir\u00e1 de ejemplo, hoy, ma\u00f1ana y siempre. Doctor Ney  Arias Lora, usted se ha ido f\u00edsicamente, pero estar\u00e1 por siempre entre  nosotros.<\/p>\n<p>&#13;<\/p>\n<p align=\"justify\" class=\"textogrande\">El autor es periodista y abogado.<\/p>\n<p>&#13;<\/p>\n<h6> 2007-01-14 19:50:02 <\/h6>\n<p><!--\n<link rel=\"stylesheet\" href=\"css\/bootstrap.min.css\">\n\n\n<ul class=\"pagination\">\n\t    \n\t\n\n<li >\n\t<a href='?page_no=13293'>Previous<\/a>\n\t<\/li>\n\n\n       \n    \n\n<li><a href='?page_no=1'>1<\/a><\/li>\n\n\n\n<li><a href='?page_no=2'>2<\/a><\/li>\n\n\n\n<li><a>...<\/a><\/li>\n\n\n\n<li><a href='?page_no=13292'>13292<\/a><\/li>\n\n\n\n<li><a href='?page_no=13293'>13293<\/a><\/li>\n\n\n\n<li class='active'><a>13294<\/a><\/li>\n\n\n\n<li><a href='?page_no=13295'>13295<\/a><\/li>\n\n\n\n<li><a href='?page_no=13296'>13296<\/a><\/li>\n\n\n\n<li><a>...<\/a><\/li>\n\n\n\n<li><a href='?page_no=13611'>13611<\/a><\/li>\n\n\n\n<li><a href='?page_no=13612'>13612<\/a><\/li>\n\n    \n\t\n\n<li >\n\t<a href='?page_no=13295'>Next<\/a>\n\t<\/li>\n\n\n    \n\n<li><a href='?page_no=13612'>Last &rsaquo;&rsaquo;<\/a><\/li>\n\n<\/ul>\n\n\n--><br \/>\n<\/body><\/p>\n","protected":false},"excerpt":{"rendered":"<p>PUNTO Y COMA&#13; &#13; Por Santos Aquino Rubio &#13; NEY ARIAS LORA: UNA SENSIBLE PERDIDA&#13; \u00a0\u00a0\u00a0\u00a0\u00a0\u00a0\u00a0\u00a0\u00a0\u00a0\u00a0\u00a0\u00a0\u00a0\u00a0\u00a0\u00a0\u00a0\u00a0\u00a0\u00a0\u00a0\u00a0\u00a0\u00a0\u00a0\u00a0\u00a0\u00a0\u00a0\u00a0\u00a0\u00a0\u00a0\u00a0\u00a0\u00a0\u00a0\u00a0\u00a0\u00a0 &#13; La sociedad dominicana ha perdido a uno de sus m\u00e1s ilustres hijos con la partida sin regreso del insigne ciudadano Ney Arias Lora, m\u00e9dico, padre, amigo y, sobre todo, un ser humano grandemente preocupado por la suerte de [&hellip;]<\/p>\n","protected":false},"author":3,"featured_media":0,"comment_status":"open","ping_status":"open","sticky":false,"template":"","format":"standard","meta":{"footnotes":""},"categories":[16],"tags":[],"class_list":["post-37541","post","type-post","status-publish","format-standard","hentry","category-opiniones"],"_links":{"self":[{"href":"https:\/\/diariodominicano.com\/index.php?rest_route=\/wp\/v2\/posts\/37541","targetHints":{"allow":["GET"]}}],"collection":[{"href":"https:\/\/diariodominicano.com\/index.php?rest_route=\/wp\/v2\/posts"}],"about":[{"href":"https:\/\/diariodominicano.com\/index.php?rest_route=\/wp\/v2\/types\/post"}],"author":[{"embeddable":true,"href":"https:\/\/diariodominicano.com\/index.php?rest_route=\/wp\/v2\/users\/3"}],"replies":[{"embeddable":true,"href":"https:\/\/diariodominicano.com\/index.php?rest_route=%2Fwp%2Fv2%2Fcomments&post=37541"}],"version-history":[{"count":0,"href":"https:\/\/diariodominicano.com\/index.php?rest_route=\/wp\/v2\/posts\/37541\/revisions"}],"wp:attachment":[{"href":"https:\/\/diariodominicano.com\/index.php?rest_route=%2Fwp%2Fv2%2Fmedia&parent=37541"}],"wp:term":[{"taxonomy":"category","embeddable":true,"href":"https:\/\/diariodominicano.com\/index.php?rest_route=%2Fwp%2Fv2%2Fcategories&post=37541"},{"taxonomy":"post_tag","embeddable":true,"href":"https:\/\/diariodominicano.com\/index.php?rest_route=%2Fwp%2Fv2%2Ftags&post=37541"}],"curies":[{"name":"wp","href":"https:\/\/api.w.org\/{rel}","templated":true}]}}