{"id":37540,"date":"2007-01-14T19:57:17","date_gmt":"2007-01-14T19:57:17","guid":{"rendered":"http:\/\/diariodominicano.ddns.net\/?p=37540"},"modified":"2007-01-14T19:57:17","modified_gmt":"2007-01-14T19:57:17","slug":"el-proceso-contra-kiva","status":"publish","type":"post","link":"https:\/\/diariodominicano.com\/?p=37540","title":{"rendered":"El proceso contra Kiva"},"content":{"rendered":"<p><body><\/p>\n<p align=\"center\"><strong><em>Testimonios  de amistad y camarader\u00eda (V):<\/em><\/strong><\/p>\n<p>&#13;<\/p>\n<p align=\"center\"><strong><em>El  proceso contra Kiva<\/em><\/strong><\/p>\n<p>&#13;<\/p>\n<p align=\"center\" class=\"textogrande\"><strong>Por Narciso Isa Conde<\/strong><\/p>\n<p>&#13;<\/p>\n<p align=\"justify\" class=\"text1noticias\">Hubo un encuentro preparado por Kiva Maidanik para que el  comandante salvadore\u00f1o Schafik Handal informara, ya avanzada la d\u00e9cada de los  \u00b480, sobre el curso y las perspectivas de la lucha, en el cual yo no estuve  presente. Fue en ocasi\u00f3n de uno de los viajes de Schafik a Mosc\u00fa, con el que no  pude coincidir.<\/p>\n<p>&#13;<\/p>\n<p align=\"justify\" class=\"text1noticias\">A Kiva se le ocurri\u00f3  reunir al comandante salvadore\u00f1o con un conjunto de investigadores sovi\u00e9ticos  de su entorno.<\/p>\n<p>&#13;<\/p>\n<p align=\"justify\" class=\"text1noticias\">Si mi memoria no me falla se realizo en la casa de Tania Vorocheikina,  joven y talentosa cient\u00edfica social y adem\u00e1s de Kiva y otro amigos, particip\u00f3  un joven investigador sobre la tem\u00e1tica italiana, integrante del staff del  Instituto Mundial de Econom\u00eda y Relaciones Internacionales adscrito a la Academia de Ciencias de la URSS.<\/p>\n<p>&#13;<\/p>\n<p align=\"justify\" class=\"text1noticias\">Me cont\u00f3 Kiva que Schafik hizo una extensa y contundente  exposici\u00f3n sobre el curso de la guerra revolucionaria en su pa\u00eds, sobre la  t\u00e1ctica y la estrategia del FMLN, sobre la crisis que afectaba a la naci\u00f3n  salvadore\u00f1a; sobre el cuadro de las fuerzas de derecha, la intervenci\u00f3n  creciente de los EEUU, las contradicciones en el seno del poder, la relaci\u00f3n  entre las diferentes formas de lucha, la combinaci\u00f3n de la lucha armada con la  lucha pol\u00edtica y diplom\u00e1tica, y la propuesta de gobierno y de poder del Frente.<\/p>\n<p>&#13;<\/p>\n<p align=\"justify\" class=\"text1noticias\">Una vez concluida la charla, le hicieron numerosas e  interesantes preguntas, que Schafik se vio precisado responder, haciendo las  puntualizaciones, aclaraciones y complementaci\u00f3n de lugar.<\/p>\n<p>&#13;<\/p>\n<p align=\"justify\" class=\"text1noticias\">En el conjunto se produjo no solo un enorme inter\u00e9s, sino  tambi\u00e9n una significativa satisfacci\u00f3n respecto al contenido tanto de la charla  como de las respuestas a las preguntas.<\/p>\n<p>&#13;<\/p>\n<p align=\"justify\" class=\"text1noticias\">Al final, sin embargo, se produjo una intervenci\u00f3n disonante  del \u201citalian\u00f3filo\u201d que no se pudo contener y arremeti\u00f3 contra Schafik de la  siguiente manera:<\/p>\n<p>&#13;<\/p>\n<p align=\"justify\" class=\"text1noticias\">\u201cBueno todo eso est\u00e1 muy bien,  Pero yo me pregunto y le pregunto al camarada Schafik Handal: \u00bftodo ese  despliegue de sacrificio, valor, capacidad pol\u00edtica\u2026 de tantas y tantas  personas, toda esa expresi\u00f3n de hero\u00edsmo del FMLN y del pueblo salvadore\u00f1o, es  parar implantar un modelo de mierda como el que padecemos los habitantes de la URSS\u201d?<\/p>\n<p>&#13;<\/p>\n<p align=\"justify\" class=\"text1noticias\">Como era l\u00f3gico, Schafik respondi\u00f3 con mucha altura y mucha  prudencia las caracter\u00edsticas del proyecto de sociedad que propon\u00eda el FMLN,  las especificidades de su revoluci\u00f3n democr\u00e1tica y de su proyecto socialista,  diferenciado del que estaba vigente en la URSS.<\/p>\n<p>&#13;<\/p>\n<p align=\"justify\" class=\"text1noticias\">Y ah\u00ed concluy\u00f3 el intercambio para dar paso a los brindis.<br \/>&#13;<br \/>\n\u00a0\u00a0\u00a0\u00a0\u00a0\u00a0\u00a0\u00a0 \u00a0\u00a0\u00a0\u00a0\u00a0\u00a0\u00a0\u00a0\u00a0\u00a0\u00a0\u00a0\u00a0\u00a0\u00a0\u00a0\u00a0\u00a0\u00a0\u00a0\u00a0\u00a0\u00a0\u00a0\u00a0\u00a0\u00a0\u00a0\u00a0\u00a0\u00a0\u00a0\u00a0\u00a0\u00a0\u00a0\u00a0\u00a0\u00a0\u00a0\u00a0<br \/>&#13;<br \/>\nConcluy\u00f3 ese intercambio, pero no sus delicadas  consecuencias.<\/p>\n<p>&#13;<\/p>\n<p align=\"justify\" class=\"text1noticias\">Kiva y Schafik se sent\u00edan mal por el incidente, por la  brusquedad de aquella reacci\u00f3n y cometieron le ligereza de conversar eso por  tel\u00e9fono, desde el Hotel Octubre a la casa de Maidanik.<\/p>\n<p>&#13;<\/p>\n<p align=\"justify\" class=\"text1noticias\">El di\u00e1logo fue fluido entre esos dos grandes conversadores.  Fluido hasta rememorar los detalles de la reuni\u00f3n. Y as\u00ed como fue hablado qued\u00f3  grabado por la inteligencia sovi\u00e9tica, que se dispuso a informar al aparato del  PCUS lo acontecido, mientras \u00e9ste puso un marcado inter\u00e9s en sobredimensionar  el caso.<\/p>\n<p>&#13;<\/p>\n<p align=\"justify\" class=\"text1noticias\">Lo primero que hicieron las autoridades partidarias y de  inteligencia fue interrogar al \u201citalian\u00f3filo\u201d, quien lleno de temor dio m\u00e1s  detalles, cont\u00f3 sus v\u00ednculos particulares con el \u201ceurocomunismo\u201d (\u201cpecado\u201d  mortal en ese periodo\u201d), habl\u00f3 de su participaci\u00f3n en la reproducci\u00f3n de  discursos de Enrico Berlinguer, Secretario General del Partido Comunista  Italiano (PCI) y de otros materiales cr\u00edticos del \u201csocialismo real\u201d publicados  por marxistas italianos.<\/p>\n<p>&#13;<\/p>\n<p align=\"justify\" class=\"text1noticias\">A partir de las confesiones del \u201citaliano\u201d, la burocracia  del PCUS comenz\u00f3 a desenredar la madeja y a potenciar las exageraciones para  emprender la ofensiva \u201cdisciplinaria\u201d y judicial contra Kiva y sus amigos (as).  \u00a1Tantas ganas le ten\u00edan a uno de los pocos sovi\u00e9ticos que se atrevi\u00f3 defender  al Che Guevara y a diferenciarse del dogma\u00a1<\/p>\n<p>&#13;<\/p>\n<p align=\"justify\" class=\"text1noticias\">Cada uno de los (as) participantes comenz\u00f3 a ser  \u201cprocesado\u201d.<\/p>\n<p>&#13;<\/p>\n<p align=\"justify\" class=\"text1noticias\">Unos al interior del partido y otros(as) a ese nivel y a  nivel judicial: a todos(as) le lleg\u00f3 la hora de la desgracia y el trato de  \u201cdisidentes\u201d, menos, claro est\u00e1, a Schafik sobre el que no ten\u00edan jurisdicci\u00f3n.<\/p>\n<p>&#13;<\/p>\n<p align=\"justify\" class=\"text1noticias\">Fueron acusados de sedici\u00f3n y separados en primera instancia  de las filas del PCUS, pendiente solo las apelaciones.<\/p>\n<p>&#13;<\/p>\n<p align=\"justify\" class=\"text1noticias\">Incurrieron \u2013seg\u00fan sus acusadores- en el absurdo \u201cdelito\u201d de  llevar, sin autorizaci\u00f3n previa, a un \u201cextranjero\u201d (nada m\u00e1s y nada menos que  Schafik) a una casa sovi\u00e9tica, donde procedieron a reunirse para \u201ccriticar el  r\u00e9gimen sovi\u00e9tico\u201d.<\/p>\n<p>&#13;<\/p>\n<p align=\"justify\" class=\"text1noticias\">La expulsi\u00f3n definitiva del partido implicaba incontables  privaciones y dificultades: p\u00e9rdida del trabajo, p\u00e9rdida de la residencia en  Mosc\u00fa y cantidad de restricciones.<\/p>\n<p>&#13;<\/p>\n<p align=\"justify\" class=\"text1noticias\">Con esa situaci\u00f3n me encontr\u00e9 cuando visit\u00e9 la URSS a mediado de los \u00b480.<\/p>\n<p>&#13;<\/p>\n<p align=\"justify\" class=\"text1noticias\">Recuerdo que tanto Natacha, la segunda esposa de Kiva, como  su madre, mi \u201cmama sovi\u00e9tica\u201d, adem\u00e1s de que no pudieron ocultar su  preocupaci\u00f3n y su dolor, adem\u00e1s de expresar, con l\u00e1grimas en el ojo y labios  tembloroso la indignaci\u00f3n que las embargaban, me solicitaron opini\u00f3n, y sin  decirlo expresamente, reacci\u00f3n al respecto.<\/p>\n<p>&#13;<\/p>\n<p align=\"justify\" class=\"text1noticias\">Sin vacilar le dije que eso era despotismo de la peor  especie y que jam\u00e1s yo pod\u00eda ser pasivo frente a eso. Que iba a defender a Kiva  y a los suyos con todos los medios disponibles.<\/p>\n<p>&#13;<\/p>\n<p align=\"justify\" class=\"text1noticias\">Al otro d\u00eda de esa conversaci\u00f3n, me encontr\u00e9 en el Hotel  Octubre con el camarada Yuri Antonov, el referente del PCUS para la Rep\u00fablica Dominicana,  y lo primero que me dijo fue:<\/p>\n<p>&#13;<\/p>\n<p align=\"justify\" class=\"text1noticias\">\u201c<strong>Camarada Narso, no se si sabes que tu amigo Kiva est\u00e1 en un situaci\u00f3n  dif\u00edcil, metido en serias complicaciones. Yo te recomiendo alejarte de \u00e9l para  que no tengas mas problemas\u201d<\/strong><\/p>\n<p>&#13;<\/p>\n<p align=\"justify\" class=\"text1noticias\"><strong>\u201cSupe que ustedes van a publicar un libro de \u00e9l en la Rep\u00fablica Dominicana.  Creo prudente para ustedes suspender esa edici\u00f3n\u201d.<\/strong><\/p>\n<p>&#13;<\/p>\n<p align=\"justify\" class=\"text1noticias\">Y cuando escuch\u00e9 esto, le dije con firmeza:<\/p>\n<p>&#13;<\/p>\n<p align=\"justify\" class=\"text1noticias\"><strong>\u201cMira Yuri, yo conozco bien a Kiva y lo creo incapaz de algo que  merezca represi\u00f3n. Soy m\u00e1s amigo de mis amigos cuando est\u00e1n en dificultades y  esto es v\u00e1lido para \u00e9l y tambi\u00e9n para ti si alg\u00fan d\u00eda llegas tenerlas. El libro  va, con pr\u00f3logo m\u00edo y de Schafick, y nada ni nadie va a impedir su publicaci\u00f3n  en mi pa\u00eds. Nosotros no aceptamos ese tipo de presi\u00f3n\u201d<\/strong><\/p>\n<p>&#13;<\/p>\n<p align=\"justify\" class=\"text1noticias\">Y le recalqu\u00e9:<\/p>\n<p>&#13;<\/p>\n<p align=\"justify\" class=\"text1noticias\"><strong>\u201d Pongo mi cabeza en la guillotina en defensa de la integridad  revolucionaria y la condici\u00f3n de comunista de Kiva\u201d.<\/strong><\/p>\n<p>&#13;<\/p>\n<p align=\"justify\" class=\"text1noticias\">Estaba esperando a Schafik que deb\u00eda llegar al d\u00eda siguiente  para proponerle una carta al Comit\u00e9 Central del PCUS, firmada por los dos, en  defensa de Kiva y tratando de persuadirlos de la conveniencia de detener ese  proceso, destacando el da\u00f1o que le har\u00eda a la \u00a0propia URSS y al PCUS la continuidad del mismo  y subrayando que todo (a) aquel o aquella que conociera a Kiva en Am\u00e9rica  Latina y el Caribe \u2013y no \u00e9ramos pocos- no \u00edbamos a entender justa\u00a0 la sanci\u00f3n de esos hechos.<\/p>\n<p>&#13;<\/p>\n<p align=\"justify\" class=\"text1noticias\">Redact\u00e9 la carta y se la mostr\u00e9 a Schafik, quien la respaldo  plenamente y la firm\u00f3.<\/p>\n<p>&#13;<\/p>\n<p align=\"justify\" class=\"text1noticias\">La enviamos a trav\u00e9s de su edec\u00e1n, un general miembro del  Comit\u00e9 Central del Partido Comunista de la Uni\u00f3n Sovi\u00e9tica.<\/p>\n<p>&#13;<\/p>\n<p align=\"justify\" class=\"text1noticias\">Al mismo tiempo solicit\u00e9 una entrevista con Miguel Kudashkin,  Jefe del Departamento de Am\u00e9rica Latina de la Secci\u00f3n Internacional  del PCUS, para explicarle nuestra posici\u00f3n y solicitarle su intervenci\u00f3n..<\/p>\n<p>&#13;<\/p>\n<p align=\"justify\" class=\"text1noticias\">A Miguel, hombre inteligente, h\u00e9roe de la Segunda Guerra  Mundial, considerablemente latinoamericanizado, persona muy simp\u00e1tica y mucho  m\u00e1s abierta que el funcionario com\u00fan, le habl\u00e9 con el coraz\u00f3n en las manos.<\/p>\n<p>&#13;<\/p>\n<p align=\"justify\" class=\"text1noticias\">Le reiter\u00e9 mi actitud frente a mis amigos, que por dem\u00e1s  nunca incluir\u00eda entre ellos(as) a oportunistas o renegados.<\/p>\n<p>&#13;<\/p>\n<p align=\"justify\" class=\"text1noticias\">Le expres\u00e9 la alt\u00edsima valoraci\u00f3n que le ten\u00eda a Kiva y lo  absurdo que me parec\u00eda todo aquello, cuando lo \u00fanico que hab\u00eda hecho Kiva fue  promover un encuentro de investigadores sociales sovi\u00e9ticos con un comandante  del FMLN y Secretario General del Partido Comunista Salvadore\u00f1o; insist\u00ed en el  da\u00f1o que eso le har\u00eda a la imagen del PCUS, trat\u00e1ndose de una especie de  reedici\u00f3n de los juicios pol\u00edticos stalinistas.<\/p>\n<p>&#13;<\/p>\n<p align=\"justify\" class=\"text1noticias\">Sent\u00ed que le llegaron hondos mis argumentos y me respondi\u00f3  que estuviera seguro de que \u00e9l iba a contribuir, con mucha cautela, a que eso  se detuviera. Y nos recomend\u00f3 no hacer mucha bulla respecto a nuestra posici\u00f3n  y a los pasos que hab\u00edamos dado.<\/p>\n<p>&#13;<\/p>\n<p align=\"justify\" class=\"text1noticias\">En verdad, no de inmediato, sino lentamente, el proceso se fue  debilitando y extinguiendo en todas sus vertientes.<\/p>\n<p>&#13;<\/p>\n<p align=\"justify\" class=\"text1noticias\">Triunf\u00f3 la sensatez y nuestra solidaridad contribuy\u00f3 a ese  resultado.<\/p>\n<p>&#13;<\/p>\n<p align=\"justify\" class=\"text1noticias\">En verdad no estaba ni en nuestras condiciones pol\u00edticas y  en nuestra condici\u00f3n humana actuar de otra manera.<\/p>\n<p>&#13;<\/p>\n<p align=\"justify\" class=\"text1noticias\">Kiva, un ser tan solidario y bondadoso, merec\u00eda esa  solidaridad, cualquier que pudiera ser el costo pol\u00edtico de la misma.<\/p>\n<p>&#13;<\/p>\n<p align=\"justify\" class=\"text1noticias\">La pusilanimidad, los dobleces personales, y la ambig\u00fcedad  no son virtudes revolucionarias ni atributo de honestidad.<\/p>\n<p>&#13;<\/p>\n<p align=\"justify\" class=\"text1noticias\">\u00a1Ninguna injusticia debe ser aceptada pasivamente por los  (as) revolucionarios(as) y comunistas de verdad!<\/p>\n<p>&#13;<\/p>\n<p align=\"justify\" class=\"text1noticias\">Enero 2007, Santo Domingo, Rep\u00fablica Dominicana.<\/p>\n<p>&#13;<\/p>\n<h6> 2007-01-14 19:57:17 <\/h6>\n<p><!--\n<link rel=\"stylesheet\" href=\"css\/bootstrap.min.css\">\n\n\n<ul class=\"pagination\">\n\t    \n\t\n\n<li >\n\t<a href='?page_no=13292'>Previous<\/a>\n\t<\/li>\n\n\n       \n    \n\n<li><a href='?page_no=1'>1<\/a><\/li>\n\n\n\n<li><a href='?page_no=2'>2<\/a><\/li>\n\n\n\n<li><a>...<\/a><\/li>\n\n\n\n<li><a href='?page_no=13291'>13291<\/a><\/li>\n\n\n\n<li><a href='?page_no=13292'>13292<\/a><\/li>\n\n\n\n<li class='active'><a>13293<\/a><\/li>\n\n\n\n<li><a href='?page_no=13294'>13294<\/a><\/li>\n\n\n\n<li><a href='?page_no=13295'>13295<\/a><\/li>\n\n\n\n<li><a>...<\/a><\/li>\n\n\n\n<li><a href='?page_no=13611'>13611<\/a><\/li>\n\n\n\n<li><a href='?page_no=13612'>13612<\/a><\/li>\n\n    \n\t\n\n<li >\n\t<a href='?page_no=13294'>Next<\/a>\n\t<\/li>\n\n\n    \n\n<li><a href='?page_no=13612'>Last &rsaquo;&rsaquo;<\/a><\/li>\n\n<\/ul>\n\n\n--><br \/>\n<\/body><\/p>\n","protected":false},"excerpt":{"rendered":"<p>Testimonios de amistad y camarader\u00eda (V): &#13; El proceso contra Kiva &#13; Por Narciso Isa Conde &#13; Hubo un encuentro preparado por Kiva Maidanik para que el comandante salvadore\u00f1o Schafik Handal informara, ya avanzada la d\u00e9cada de los \u00b480, sobre el curso y las perspectivas de la lucha, en el cual yo no estuve presente. [&hellip;]<\/p>\n","protected":false},"author":3,"featured_media":0,"comment_status":"open","ping_status":"open","sticky":false,"template":"","format":"standard","meta":{"footnotes":""},"categories":[16],"tags":[],"class_list":["post-37540","post","type-post","status-publish","format-standard","hentry","category-opiniones"],"_links":{"self":[{"href":"https:\/\/diariodominicano.com\/index.php?rest_route=\/wp\/v2\/posts\/37540","targetHints":{"allow":["GET"]}}],"collection":[{"href":"https:\/\/diariodominicano.com\/index.php?rest_route=\/wp\/v2\/posts"}],"about":[{"href":"https:\/\/diariodominicano.com\/index.php?rest_route=\/wp\/v2\/types\/post"}],"author":[{"embeddable":true,"href":"https:\/\/diariodominicano.com\/index.php?rest_route=\/wp\/v2\/users\/3"}],"replies":[{"embeddable":true,"href":"https:\/\/diariodominicano.com\/index.php?rest_route=%2Fwp%2Fv2%2Fcomments&post=37540"}],"version-history":[{"count":0,"href":"https:\/\/diariodominicano.com\/index.php?rest_route=\/wp\/v2\/posts\/37540\/revisions"}],"wp:attachment":[{"href":"https:\/\/diariodominicano.com\/index.php?rest_route=%2Fwp%2Fv2%2Fmedia&parent=37540"}],"wp:term":[{"taxonomy":"category","embeddable":true,"href":"https:\/\/diariodominicano.com\/index.php?rest_route=%2Fwp%2Fv2%2Fcategories&post=37540"},{"taxonomy":"post_tag","embeddable":true,"href":"https:\/\/diariodominicano.com\/index.php?rest_route=%2Fwp%2Fv2%2Ftags&post=37540"}],"curies":[{"name":"wp","href":"https:\/\/api.w.org\/{rel}","templated":true}]}}